{"id":17191,"date":"2009-12-22T14:58:08","date_gmt":"2009-12-22T12:58:08","guid":{"rendered":"http:\/\/www.korhanyilmaz.com\/?p=17191"},"modified":"2009-12-22T14:58:08","modified_gmt":"2009-12-22T12:58:08","slug":"erzincanda-neler-oluyor","status":"publish","type":"post","link":"http:\/\/www.korhanyilmaz.com\/?p=17191","title":{"rendered":"&quot;Erzincan&#039;da neler oluyor?&quot;"},"content":{"rendered":"<p><a href=\"http:\/\/www.korhanyilmaz.com\/wp-content\/uploads\/2009\/12\/erzincan.jpg\"  class=\"lightview\"><img loading=\"lazy\" decoding=\"async\" class=\"aligncenter size-full wp-image-17190\" src=\"http:\/\/www.korhanyilmaz.com\/wp-content\/uploads\/2009\/12\/erzincan.jpg\" alt=\"\" width=\"292\" height=\"219\" \/><\/a><\/p>\n<p style=\"text-align: justify;\">&#8220;Erzincan&#8217;da neler oluyor?&#8221; Bu soru, kentte cemaatlere ve Ergenekon&#8217;a y\u00f6nelik iki soru\u015fturmayla g\u00fcndeme oturdu. \u0130ki soru\u015fturma da ihbar ve gizli tan\u0131k ifadeleriyle \u015fekillendi.<\/p>\n<p style=\"text-align: justify;\">Erzincan Cumhuriyet Savc\u0131s\u0131 \u0130lhan Cihaner, \u0130l Jandarma \u0130stihbarat\u0131&#8217;na gelen bilgi notu do\u011fultusunda, 2 Kas\u0131m 2007&#8217;de \u0130smaila\u011fa Cemaati&#8217;ne y\u00f6nelik operasyon ba\u015flatt\u0131. <!--more--><\/p>\n<p style=\"text-align: justify;\">Operasyonlar s\u00fcrerken soru\u015fturman\u0131n di\u011fer cemaatlere kayaca\u011f\u0131 ve yeni g\u00f6zalt\u0131lar\u0131n olabilece\u011fi konu\u015fuluyordu.<\/p>\n<p style=\"text-align: justify;\">Ancak bu s\u0131rada Erzurum \u00d6zel Yetkili A\u011f\u0131r Ceza Savc\u0131s\u0131 Osman \u015eanal devreye girdi. Savc\u0131 &#8220;cemaatin silahl\u0131 \u00f6rg\u00fct oldu\u011funu&#8221; bu nedenle dosyan\u0131n kendi alan\u0131na girdi\u011fini iddia etti ve dosyay\u0131 Erzincan Savc\u0131s\u0131&#8217;n\u0131n elinden ald\u0131. Fakat iddianamede bu gerek\u00e7eye yer vermedi.<\/p>\n<p style=\"text-align: justify;\">Cemaat soru\u015fturmas\u0131n\u0131 ba\u015flatan Savc\u0131 Cihaner&#8217;in yetkisini a\u015ft\u0131\u011f\u0131 ileri s\u00fcr\u00fcld\u00fc, hakk\u0131nda \u00e7e\u015fitli soru\u015ftarmalar a\u00e7\u0131ld\u0131..<\/p>\n<p style=\"text-align: justify;\">Bu s\u0131rada baz\u0131 gazetelerde alt\u0131nda Ergenekon soru\u015fturmas\u0131nda ifade veren Albay Dursun \u00c7i\u00e7ek&#8217;in imzas\u0131 bulunan  \u0130rtica ile M\u00fccadele Eylem Plan\u0131&#8217;n\u0131n Erzincan&#8217;da uyguland\u0131\u011f\u0131 iddis\u0131 ortaya at\u0131ld\u0131.<\/p>\n<p style=\"text-align: justify;\">Yine ayn\u0131 d\u00f6nemde Erzincan Baraj G\u00f6l\u00fc&#8217;nde bomba ve muhimmatlar bulundu. Jandarma b\u00f6lgesindeki bombalar\u0131 polis buldu.<\/p>\n<p style=\"text-align: justify;\">Cemaat sorui\u015fturmas\u0131n\u0131 y\u00fcr\u00fcten Savc\u0131 \u015eanal, Erzincan&#8217;daki Ergenekon soru\u015fturmas\u0131nda da d\u00fc\u011fmeye basan isim oldu. G\u00f6zalt\u0131lar ve tutuklamalar ba\u015flad\u0131.<\/p>\n<p style=\"text-align: justify;\">Erzincan \u0130l Jandarma Komutanl\u0131\u011f\u0131 \u0130stihbarat \u015eube M\u00fcd\u00fcr Yard\u0131mc\u0131s\u0131 \u00dcste\u011fmen Ersin Ergut, Astsubay Orhan Esirger, \u0130stihbarat \u015eube M\u00fcd\u00fcr\u00fc Binba\u015f\u0131 Nedim Ertan tutukland\u0131. Erzincan \u0130l Jandarma Alay Komutan\u0131 Albay Ali Tapan da \u015eanal&#8217;a ifade verdi.<\/p>\n<p style=\"text-align: justify;\">Tutuklanan 3 asker de Erzincan Savc\u0131s\u0131&#8217;n\u0131n y\u00fcr\u00fctt\u00fc\u011f\u00fc \u0130smaila\u011fa Cemaati&#8217;ne y\u00f6nelik soru\u015fturmada operasyonlara kat\u0131lan isimlerdi.<\/p>\n<p style=\"text-align: justify;\"><strong><em>Usuls\u00fcz arama <\/em><\/strong><\/p>\n<p style=\"text-align: justify;\">Sonra s\u0131ra M\u0130T&#8217;e geldi. Savc\u0131 Sanal, operasyon i\u00e7in yine Erzincan&#8217;a gitti, M\u0130T binas\u0131 arand\u0131. M\u0130T Erzincan \u015eube M\u00fcd\u00fcr\u00fc \u015e.D ile 2 M\u0130T mensubu g\u00f6zalt\u0131na al\u0131nd\u0131. Bu operasyon usule uygun de\u011fildi. Yani ne arama i\u00e7in M\u0130T M\u00fcste\u015farl\u0131\u011f\u0131&#8217;na haber verildi ne de Ba\u015fbakan&#8217;dan izin al\u0131nd\u0131.<\/p>\n<p style=\"text-align: justify;\">Usuls\u00fcz arama ve g\u00f6zalt\u0131lar Emniyet ve M\u0130T g\u00f6revlileri aras\u0131nda gerginli\u011fe yol a\u00e7t\u0131.<\/p>\n<p style=\"text-align: justify;\">\u0130ddialar, s\u0131zan bilgiler. Erzincan&#8217;daki olaylarlar\u0131n sadece iki savc\u0131y\u0131 de\u011fil kurumlar\u0131 da kar\u015f\u0131 kar\u015f\u0131ya gerdi\u011fini g\u00f6steriyor.<\/p>\n<p style=\"text-align: justify;\">\u0130\u015fte bu karma\u015f\u0131k soru\u015fturmay\u0131 anlamak i\u00e7in Erzincan&#8217;a giden Meclis \u0130nsan Haklar\u0131 Komisyonu&#8217;nun CHP&#8217;li \u00fcyesi Ahmet Ersin, tutuklanan M\u0130T ve askeri g\u00f6revlilerle g\u00f6r\u00fc\u015ft\u00fc, ilgin\u00e7 bilgilerle geri d\u00f6nd\u00fc.<\/p>\n<p style=\"text-align: justify;\"><span style=\"color: #888888;\">CNN T\u00dcRK<\/span><\/p>\n","protected":false},"excerpt":{"rendered":"<\/p>\n<p style=\"text-align: justify;\">&#8220;Erzincan&#8217;da neler oluyor?&#8221; Bu soru, kentte cemaatlere ve Ergenekon&#8217;a y\u00f6nelik iki soru\u015fturmayla g\u00fcndeme oturdu. \u0130ki soru\u015fturma da ihbar ve gizli tan\u0131k ifadeleriyle \u015fekillendi.<\/p>\n<p style=\"text-align: justify;\">Erzincan Cumhuriyet Savc\u0131s\u0131 \u0130lhan Cihaner, \u0130l Jandarma \u0130stihbarat\u0131&#8217;na gelen bilgi notu do\u011fultusunda, 2 Kas\u0131m 2007&#8217;de \u0130smaila\u011fa Cemaati&#8217;ne y\u00f6nelik operasyon ba\u015flatt\u0131. <\/p>\n","protected":false},"author":1,"featured_media":0,"comment_status":"open","ping_status":"closed","sticky":false,"template":"","format":"standard","meta":{"footnotes":""},"categories":[105],"tags":[],"class_list":["post-17191","post","type-post","status-publish","format-standard","hentry","category-gundem","odd"],"_links":{"self":[{"href":"http:\/\/www.korhanyilmaz.com\/index.php?rest_route=\/wp\/v2\/posts\/17191","targetHints":{"allow":["GET"]}}],"collection":[{"href":"http:\/\/www.korhanyilmaz.com\/index.php?rest_route=\/wp\/v2\/posts"}],"about":[{"href":"http:\/\/www.korhanyilmaz.com\/index.php?rest_route=\/wp\/v2\/types\/post"}],"author":[{"embeddable":true,"href":"http:\/\/www.korhanyilmaz.com\/index.php?rest_route=\/wp\/v2\/users\/1"}],"replies":[{"embeddable":true,"href":"http:\/\/www.korhanyilmaz.com\/index.php?rest_route=%2Fwp%2Fv2%2Fcomments&post=17191"}],"version-history":[{"count":0,"href":"http:\/\/www.korhanyilmaz.com\/index.php?rest_route=\/wp\/v2\/posts\/17191\/revisions"}],"wp:attachment":[{"href":"http:\/\/www.korhanyilmaz.com\/index.php?rest_route=%2Fwp%2Fv2%2Fmedia&parent=17191"}],"wp:term":[{"taxonomy":"category","embeddable":true,"href":"http:\/\/www.korhanyilmaz.com\/index.php?rest_route=%2Fwp%2Fv2%2Fcategories&post=17191"},{"taxonomy":"post_tag","embeddable":true,"href":"http:\/\/www.korhanyilmaz.com\/index.php?rest_route=%2Fwp%2Fv2%2Ftags&post=17191"}],"curies":[{"name":"wp","href":"https:\/\/api.w.org\/{rel}","templated":true}]}}