{"id":17188,"date":"2009-12-21T12:26:13","date_gmt":"2009-12-21T10:26:13","guid":{"rendered":"http:\/\/www.korhanyilmaz.com\/?p=17188"},"modified":"2009-12-21T12:26:13","modified_gmt":"2009-12-21T10:26:13","slug":"erdogan-yanlis-adam","status":"publish","type":"post","link":"http:\/\/www.korhanyilmaz.com\/?p=17188","title":{"rendered":"&#8216;Erdo\u011fan yanl\u0131\u015f adam&#8217;"},"content":{"rendered":"<p style=\"text-align: center;\"><a href=\"http:\/\/www.korhanyilmaz.com\/wp-content\/uploads\/2009\/12\/yanlis_adam.jpg\"  class=\"lightview\"><img loading=\"lazy\" decoding=\"async\" class=\"aligncenter size-full wp-image-17187\" src=\"http:\/\/www.korhanyilmaz.com\/wp-content\/uploads\/2009\/12\/yanlis_adam.jpg\" alt=\"\" width=\"329\" height=\"210\" \/><\/a><\/p>\n<p style=\"text-align: justify;\">&#8216;Yanl\u0131\u015f adam ve yanl\u0131\u015f parti taraf\u0131ndan \u00f6nc\u00fcl\u00fck edilmesinden dolay\u0131 stratejinin ba\u015far\u0131s\u0131z olma olas\u0131l\u0131\u011f\u0131 var.&#8217;<\/p>\n<p style=\"text-align: justify;\"><span style=\"color: #888888;\">ANKA &#8211; <\/span>\u0130srail\u2019de yay\u0131mlanan Haaretz gazetesinde demokratik a\u00e7\u0131l\u0131m konusunda \u201cN\u00fcfusunun \u00e7e\u015fitli par\u00e7alar\u0131n\u0131 birle\u015ftiren Kemalist ilkeleri bozmay\u0131 denedi\u011finden ku\u015fkulan\u0131lan yanl\u0131\u015f adam ve yanl\u0131\u015f parti taraf\u0131ndan \u00f6nc\u00fcl\u00fck edilmesinden dolay\u0131 stratejinin ba\u015far\u0131s\u0131z olma olas\u0131l\u0131\u011f\u0131 var\u201d iddias\u0131nda bulunuldu. <!--more--><\/p>\n<p style=\"text-align: justify;\">Haartz gazetesinde \u201cK\u00fcrtler demokrasinin eri\u015filmez oldu\u011funu biliyor\u201d ba\u015fl\u0131\u011f\u0131yla yer alan bir makalede Anayasa Mahkemesi\u2019nce kapat\u0131lan Demokratik T\u00fcrkiye Partisi\u2019nin \u201cironik\u201d bir isme sahip oldu\u011fu belirtilirken, \u201cT\u00fcrkiye\u2019de, bu partiye ba\u011fl\u0131 K\u00fcrtler, bu \u00fclkede demokratik bir toplumun ula\u015fabileceklerinden \u00e7ok uzak oldu\u011funu biliyor\u201d denildi.<\/p>\n<p style=\"text-align: justify;\"><strong><em>A\u00c7ILIMIN, K\u00dcRTLER \u0130\u00c7\u0130N M\u00dcCADELEN\u0130N L\u0130DER\u0130 PKK\u2019NIN ALTINI OYMASI \u0130HT\u0130MAL\u0130 VAR <\/em><\/strong><\/p>\n<p style=\"text-align: justify;\">\u201cDemokratik A\u00e7\u0131l\u0131m\u201d\u0131n T\u00fcrkiye\u2019nin ulusal kimli\u011finde \u201cdramatik bir de\u011fi\u015fime\u201d neden oldu\u011funu, K\u00fcrt siyasi mahk\u00fbmlar\u0131n afla sal\u0131verilmelerinin s\u00f6z konusu olmad\u0131\u011f\u0131n\u0131, cezalar\u0131n hafifletilmesinden yararlanacaklar\u0131n\u0131 kaydeden Haaretz, ceza yasas\u0131nda daha az durumda dava a\u00e7\u0131labilmesi y\u00f6n\u00fcnde de\u011fi\u015fiklik yap\u0131laca\u011f\u0131n\u0131 belirtti. Haaretz\u2019deki makalede, \u201cGe\u00e7en hafta PKK taraf\u0131ndan Tokat b\u00f6lgesinde ger\u00e7ekle\u015ftirilen ter\u00f6rist sald\u0131r\u0131 da yedi askerin \u00f6ld\u00fcr\u00fclmesi belki de Erdo\u011fan\u2019\u0131n K\u00fcrt giri\u015fiminde ilerleme plan\u0131n\u0131 kolayla\u015ft\u0131rmad\u0131, fakat o kararl\u0131 kald\u0131. Bu kararl\u0131l\u0131k sadece, bir s\u00fcre hapiste yatm\u0131\u015f ve partisi yasaklanma tehlikesi alt\u0131nda olan bir lider olarak onun sivil haklar anlay\u0131\u015f\u0131na ba\u011fl\u0131 de\u011fil. Erdo\u011fan\u2019\u0131n, bir siyaset anlay\u0131\u015f\u0131 ve T\u00fcrkiye\u2019de K\u00fcrtlerin haklar\u0131n\u0131n iyile\u015ftirilmesine y\u00f6nelen bir strateji den kaynaklanan K\u00fcrt inisiyatifinin, K\u00fcrtler i\u00e7in m\u00fccadele eden lider stat\u00fcs\u00fcndeki PKK\u2019n\u0131n alt\u0131n\u0131 oyma olas\u0131l\u0131\u011f\u0131 var\u201d denildi. Makaleye \u015f\u00f6yle devam edildi:<\/p>\n<p style=\"text-align: justify;\"><strong><em>YANLI\u015e ADAM, YANLI\u015e PART\u0130 <\/em><\/strong><\/p>\n<p style=\"text-align: justify;\">\u201cK\u00fcrtlere kar\u015f\u0131 on y\u0131llar boyunca s\u00fcren sava\u015f ve 35 binden fazla insan\u0131n \u00f6l\u00fcm\u00fc ger\u00e7e\u011fi \u00fczerine temellenen bu a\u011f\u0131rba\u015fl\u0131 ve mant\u0131kl\u0131 politik yakla\u015f\u0131m, ulusun ama\u00e7lad\u0131\u011f\u0131 bar\u0131\u015f\u0131 getirmedi. Fakat, n\u00fcfusunun \u00e7e\u015fitli par\u00e7alar\u0131n\u0131 birle\u015ftiren Kemalist ilkeleri bozmay\u0131 denedi\u011finden ku\u015fkulan\u0131lan yanl\u0131\u015f adam ve yanl\u0131\u015f parti taraf\u0131ndan \u00f6nc\u00fcl\u00fck edilmesinden dolay\u0131 stratejinin ba\u015far\u0131s\u0131z olma olas\u0131l\u0131\u011f\u0131 var. Erdo\u011fan\u2019\u0131n dini partisinin se\u00e7imlerde b\u00fcy\u00fck bir zafer kazand\u0131\u011f\u0131 bir ger\u00e7ek, fakat bu yan\u0131lt\u0131c\u0131 bir zafer. Partinin meclis \u00e7o\u011funlu\u011fu, temelde n\u00fcfusun yar\u0131s\u0131n\u0131 temsil edilmemi\u015f halde b\u0131rakan, anla\u015f\u0131lmas\u0131 g\u00fc\u00e7 bir se\u00e7im mekanizmas\u0131 ve karma\u015f\u0131k bir sandalye da\u011f\u0131l\u0131m\u0131 s\u00fcreci sonucunda bi\u00e7imlendi. \u2018\u00dclkenin b\u00fct\u00fcnl\u00fc\u011f\u00fcn\u00fc\u2019 vazge\u00e7ilemez bir ilke olarak g\u00f6ren ve 14 milyon K\u00fcrde etnik haklar\u0131n\u0131n verilmesini kabul etmeyecek olan da bu ayn\u0131 \u2018yar\u0131\u2019 d\u0131r. Erdo\u011fan\u2019\u0131n partisi, ter\u00f6rle sava\u015f\u0131n bedelini \u00f6deyen ve partinin dini bir ajanday\u0131 g\u00fc\u00e7lendirmeyi hedefledi\u011fi g\u00f6r\u00fc\u015f\u00fcnde bulunan ordu mensuplar\u0131n\u0131 k\u0131zd\u0131rd\u0131.\u201d<\/p>\n<p style=\"text-align: justify;\">Makalede, Ba\u015fbakan Erdo\u011fan\u2019\u0131n, \u201cPartilerin yasaklanmas\u0131na kar\u015f\u0131y\u0131m, fakat en geli\u015fmi\u015f \u00fclkeler bile ter\u00f6rizmin desteklenmesini ho\u015fg\u00f6r\u00fcyle kar\u015f\u0131layamaz\u201d y\u00f6n\u00fcndeki s\u00f6zlerini hat\u0131rlatan Haaretz, \u201cErdo\u011fan\u2019\u0131n g\u00fcn\u00fcn birinde \u00fcyelerini de\u011fi\u015ftirmek isteyece\u011fi Anayasa Mahkemesi\u2019nin karar\u0131n\u0131 ele\u015ftirmeden kabul etmesi garip bir a\u00e7\u0131klama\u201d dedi.<\/p>\n<p style=\"text-align: justify;\"><span style=\"color: #888888;\">VATAN<\/span><\/p>\n","protected":false},"excerpt":{"rendered":"<p style=\"text-align: center;\">\n<p style=\"text-align: justify;\">&#8216;Yanl\u0131\u015f adam ve yanl\u0131\u015f parti taraf\u0131ndan \u00f6nc\u00fcl\u00fck edilmesinden dolay\u0131 stratejinin ba\u015far\u0131s\u0131z olma olas\u0131l\u0131\u011f\u0131 var.&#8217;<\/p>\n<p style=\"text-align: justify;\">ANKA &#8211; \u0130srail\u2019de yay\u0131mlanan Haaretz gazetesinde demokratik a\u00e7\u0131l\u0131m konusunda \u201cN\u00fcfusunun \u00e7e\u015fitli par\u00e7alar\u0131n\u0131 birle\u015ftiren Kemalist ilkeleri bozmay\u0131 denedi\u011finden ku\u015fkulan\u0131lan yanl\u0131\u015f adam ve yanl\u0131\u015f parti taraf\u0131ndan \u00f6nc\u00fcl\u00fck edilmesinden dolay\u0131 stratejinin ba\u015far\u0131s\u0131z olma olas\u0131l\u0131\u011f\u0131 var\u201d iddias\u0131nda bulunuldu. <\/p>\n","protected":false},"author":1,"featured_media":0,"comment_status":"open","ping_status":"closed","sticky":false,"template":"","format":"standard","meta":{"footnotes":""},"categories":[3],"tags":[],"class_list":["post-17188","post","type-post","status-publish","format-standard","hentry","category-dunya","odd"],"_links":{"self":[{"href":"http:\/\/www.korhanyilmaz.com\/index.php?rest_route=\/wp\/v2\/posts\/17188","targetHints":{"allow":["GET"]}}],"collection":[{"href":"http:\/\/www.korhanyilmaz.com\/index.php?rest_route=\/wp\/v2\/posts"}],"about":[{"href":"http:\/\/www.korhanyilmaz.com\/index.php?rest_route=\/wp\/v2\/types\/post"}],"author":[{"embeddable":true,"href":"http:\/\/www.korhanyilmaz.com\/index.php?rest_route=\/wp\/v2\/users\/1"}],"replies":[{"embeddable":true,"href":"http:\/\/www.korhanyilmaz.com\/index.php?rest_route=%2Fwp%2Fv2%2Fcomments&post=17188"}],"version-history":[{"count":0,"href":"http:\/\/www.korhanyilmaz.com\/index.php?rest_route=\/wp\/v2\/posts\/17188\/revisions"}],"wp:attachment":[{"href":"http:\/\/www.korhanyilmaz.com\/index.php?rest_route=%2Fwp%2Fv2%2Fmedia&parent=17188"}],"wp:term":[{"taxonomy":"category","embeddable":true,"href":"http:\/\/www.korhanyilmaz.com\/index.php?rest_route=%2Fwp%2Fv2%2Fcategories&post=17188"},{"taxonomy":"post_tag","embeddable":true,"href":"http:\/\/www.korhanyilmaz.com\/index.php?rest_route=%2Fwp%2Fv2%2Ftags&post=17188"}],"curies":[{"name":"wp","href":"https:\/\/api.w.org\/{rel}","templated":true}]}}