{"id":17183,"date":"2009-12-21T19:47:46","date_gmt":"2009-12-21T17:47:46","guid":{"rendered":"http:\/\/www.korhanyilmaz.com\/?p=17183"},"modified":"2009-12-21T19:47:46","modified_gmt":"2009-12-21T17:47:46","slug":"arinctan-emine-aynayi-kizdiracak-soz","status":"publish","type":"post","link":"http:\/\/www.korhanyilmaz.com\/?p=17183","title":{"rendered":"Ar\u0131n\u00e7&#039;tan Emine Ayna&#039;y\u0131 k\u0131zd\u0131racak s\u00f6z"},"content":{"rendered":"<p style=\"text-align: justify;\"><a href=\"http:\/\/www.korhanyilmaz.com\/wp-content\/uploads\/2009\/12\/AR\u0130NC.jpg\"  class=\"lightview\"><img loading=\"lazy\" decoding=\"async\" class=\"aligncenter size-full wp-image-17184\" src=\"http:\/\/www.korhanyilmaz.com\/wp-content\/uploads\/2009\/12\/AR\u0130NC.jpg\" alt=\"\" width=\"307\" height=\"236\" \/><\/a><\/p>\n<p style=\"text-align: justify;\">\u0130zmir&#8217;de partililere konu\u015fan Devlet Bakan\u0131 ve Ba\u015fbakan Yard\u0131mc\u0131s\u0131 B\u00fclent Ar\u0131n\u00e7, kapat\u0131lan DTP&#8217;li Emine Ayna&#8217;y\u0131 kastederek, &#8220;\u00c7ok garip bir yarat\u0131k allah ak\u0131l fikir versin&#8221; dedi.<\/p>\n<p style=\"text-align: justify;\">Ar\u0131n\u00e7 d\u00fcn (pazar) ak\u015fam Tepekule Kongre ve Sergi Merkezi&#8217;nde partililer ile bir araya geldi. <!--more--><\/p>\n<p style=\"text-align: justify;\">Burada a\u00e7\u0131l\u0131mla ilgili de\u011ferlendirmeler yapan B\u00fclent Ar\u0131n\u00e7, &#8220;\u015e\u00f6yle bir noktaya geldik: \u0130ki muhalefet partisi bize kar\u015f\u0131. DTP&#8217;de o noktaya geldi sonunda. Biz bu i\u015flere kar\u015f\u0131y\u0131z. Hatta bir kad\u0131nca\u011f\u0131z var i\u00e7lerinde-han\u0131mefendilerden \u00f6z\u00fcr dileyerek s\u00f6yl\u00fcyorum- kahkahalar atarak &#8216;a\u00e7\u0131l\u0131m bitti&#8217; dedi. \u00c7ok garip bir yarat\u0131k, Allah ak\u0131l fikir versin&#8221; dedi.<\/p>\n<p style=\"text-align: justify;\">Ar\u0131n\u00e7, &#8220;Sonra daha yetmedi, \u0130mral\u0131&#8217;dan haber geldi, &#8216;Ben de bu a\u00e7\u0131l\u0131ma kar\u015f\u0131y\u0131m sokak hareketlerini ba\u015flat\u0131n.&#8217; O kar\u015f\u0131, bu kar\u015f\u0131 da onlar nas\u0131l bir araya geldiler ben ona hayret ediyorum. \u015eimdi kar\u015f\u0131m\u0131zda kimler var; o var, bu var, onlarla hi\u00e7bir zaman bir arada olmad\u0131\u011f\u0131n\u0131 d\u00fc\u015f\u00fcnd\u00fc\u011f\u00fcm\u00fcz ba\u015fkalar\u0131 da var. Bu tarafta biz kald\u0131k, onlar kar\u015f\u0131m\u0131zda bir cephe meydana getirdiler&#8221; diye konu\u015ftu.<\/p>\n<p style=\"text-align: justify;\"><span style=\"color: #888888;\">CNN T\u00dcRK<\/span><\/p>\n","protected":false},"excerpt":{"rendered":"<p style=\"text-align: justify;\">\n<p style=\"text-align: justify;\">\u0130zmir&#8217;de partililere konu\u015fan Devlet Bakan\u0131 ve Ba\u015fbakan Yard\u0131mc\u0131s\u0131 B\u00fclent Ar\u0131n\u00e7, kapat\u0131lan DTP&#8217;li Emine Ayna&#8217;y\u0131 kastederek, &#8220;\u00c7ok garip bir yarat\u0131k allah ak\u0131l fikir versin&#8221; dedi.<\/p>\n<p style=\"text-align: justify;\">Ar\u0131n\u00e7 d\u00fcn (pazar) ak\u015fam Tepekule Kongre ve Sergi Merkezi&#8217;nde partililer ile bir araya geldi. <\/p>\n","protected":false},"author":1,"featured_media":0,"comment_status":"open","ping_status":"closed","sticky":false,"template":"","format":"standard","meta":{"footnotes":""},"categories":[105],"tags":[],"class_list":["post-17183","post","type-post","status-publish","format-standard","hentry","category-gundem","odd"],"_links":{"self":[{"href":"http:\/\/www.korhanyilmaz.com\/index.php?rest_route=\/wp\/v2\/posts\/17183","targetHints":{"allow":["GET"]}}],"collection":[{"href":"http:\/\/www.korhanyilmaz.com\/index.php?rest_route=\/wp\/v2\/posts"}],"about":[{"href":"http:\/\/www.korhanyilmaz.com\/index.php?rest_route=\/wp\/v2\/types\/post"}],"author":[{"embeddable":true,"href":"http:\/\/www.korhanyilmaz.com\/index.php?rest_route=\/wp\/v2\/users\/1"}],"replies":[{"embeddable":true,"href":"http:\/\/www.korhanyilmaz.com\/index.php?rest_route=%2Fwp%2Fv2%2Fcomments&post=17183"}],"version-history":[{"count":0,"href":"http:\/\/www.korhanyilmaz.com\/index.php?rest_route=\/wp\/v2\/posts\/17183\/revisions"}],"wp:attachment":[{"href":"http:\/\/www.korhanyilmaz.com\/index.php?rest_route=%2Fwp%2Fv2%2Fmedia&parent=17183"}],"wp:term":[{"taxonomy":"category","embeddable":true,"href":"http:\/\/www.korhanyilmaz.com\/index.php?rest_route=%2Fwp%2Fv2%2Fcategories&post=17183"},{"taxonomy":"post_tag","embeddable":true,"href":"http:\/\/www.korhanyilmaz.com\/index.php?rest_route=%2Fwp%2Fv2%2Ftags&post=17183"}],"curies":[{"name":"wp","href":"https:\/\/api.w.org\/{rel}","templated":true}]}}