{"id":17180,"date":"2009-12-21T17:42:02","date_gmt":"2009-12-21T15:42:02","guid":{"rendered":"http:\/\/www.korhanyilmaz.com\/?p=17180"},"modified":"2009-12-21T17:42:02","modified_gmt":"2009-12-21T15:42:02","slug":"erdogan-turkiye-kendi-kararlarini-kendi-verir","status":"publish","type":"post","link":"http:\/\/www.korhanyilmaz.com\/?p=17180","title":{"rendered":"Erdo\u011fan: &quot;T\u00fcrkiye kendi kararlar\u0131n\u0131 kendi verir&quot;"},"content":{"rendered":"<p><a href=\"http:\/\/www.korhanyilmaz.com\/wp-content\/uploads\/2009\/12\/erdogan4.jpg\"  class=\"lightview\"><img loading=\"lazy\" decoding=\"async\" class=\"aligncenter size-full wp-image-17181\" src=\"http:\/\/www.korhanyilmaz.com\/wp-content\/uploads\/2009\/12\/erdogan4.jpg\" alt=\"\" width=\"292\" height=\"201\" \/><\/a><\/p>\n<p style=\"text-align: justify;\">Ba\u015fbakan Recep Tayyip Erdo\u011fan yar\u0131n T\u00fcrk-Arap Forumu&#8217;nun \u015eam&#8217;da ger\u00e7ekle\u015ftirece\u011fi zirveye kat\u0131lmak \u00fczere Suriye&#8217;ye gidiyor. Erdo\u011fan ziyareti \u00f6ncesi yapt\u0131\u011f\u0131 a\u00e7\u0131klamada, &#8220;T\u00fcrkiye kendi kararlar\u0131n\u0131 kendi verir&#8221; diyerek T\u00fcrkiye&#8217;nin y\u00fcz\u00fcn\u00fc do\u011fuya d\u00f6nd\u00fc\u011f\u00fc ele\u015ftirilerine yan\u0131t verdi.<\/p>\n<p style=\"text-align: justify;\">Ba\u015fbakan Erdo\u011fan \u015eam ziyareti \u00f6ncesi Suriye&#8217;li gazetecilerle bir araya geldi. <!--more--><\/p>\n<p style=\"text-align: justify;\">Erdo\u011fan konu\u015fmas\u0131nda kom\u015fularla ili\u015fkilerin iyi gitmesinin, &#8220;T\u00fcrkiye&#8217;nin y\u00fcz\u00fcn\u00fc Do\u011fu&#8217;ya d\u00f6nmesi&#8221; olarak alg\u0131land\u0131\u011f\u0131 s\u00f6yledi.<\/p>\n<p style=\"text-align: justify;\">Ba\u015fbakan, &#8220;Bizim yeni dostlar kazanmam\u0131z\u0131 istemeyenler var ancak T\u00fcrkiye kendi dostlar\u0131n\u0131 se\u00e7ebilir, kendi kararlar\u0131n\u0131 kendi verebilir&#8221; diyerek T\u00fcrkiye&#8217;nin yeni d\u0131\u015f politikas\u0131n\u0131n zaten &#8220;dost kazanma&#8221; stratejisi \u00fczerine kurulu oldu\u011funu hat\u0131rlatt\u0131.<\/p>\n<p style=\"text-align: justify;\">Ba\u015fbakan Erdo\u011fan, ak\u015fam saatlerinde gidece\u011fi Suriye&#8217;de Ba\u015fbakan Muhammed Naci Otri ile g\u00f6r\u00fc\u015fecek. Erdo\u011fan ile Otri&#8217;nin g\u00f6r\u00fc\u015fmenin ard\u0131ndan ortak bas\u0131n toplant\u0131s\u0131 d\u00fczenlemesi bekleniyor.<\/p>\n<p style=\"text-align: justify;\">Ba\u015fbakan Erdo\u011fan&#8217;\u0131n ziyaretinin ikinci g\u00fcn\u00fc olan 23 Aral\u0131k&#8217;ta kat\u0131laca\u011f\u0131 toplant\u0131 \u00e7er\u00e7evesinde, T\u00fcrkiye ile Suriye aras\u0131nda bir dizi anla\u015fma, protokol ve mutabakat muht\u0131ras\u0131 imzalanmas\u0131 \u00f6ng\u00f6r\u00fcl\u00fcyor.<\/p>\n<p style=\"text-align: justify;\"><span style=\"color: #888888;\">CNN T\u00dcRK<\/span><\/p>\n","protected":false},"excerpt":{"rendered":"<\/p>\n<p style=\"text-align: justify;\">Ba\u015fbakan Recep Tayyip Erdo\u011fan yar\u0131n T\u00fcrk-Arap Forumu&#8217;nun \u015eam&#8217;da ger\u00e7ekle\u015ftirece\u011fi zirveye kat\u0131lmak \u00fczere Suriye&#8217;ye gidiyor. Erdo\u011fan ziyareti \u00f6ncesi yapt\u0131\u011f\u0131 a\u00e7\u0131klamada, &#8220;T\u00fcrkiye kendi kararlar\u0131n\u0131 kendi verir&#8221; diyerek T\u00fcrkiye&#8217;nin y\u00fcz\u00fcn\u00fc do\u011fuya d\u00f6nd\u00fc\u011f\u00fc ele\u015ftirilerine yan\u0131t verdi.<\/p>\n<p style=\"text-align: justify;\">Ba\u015fbakan Erdo\u011fan \u015eam ziyareti \u00f6ncesi Suriye&#8217;li gazetecilerle bir araya geldi. <\/p>\n","protected":false},"author":1,"featured_media":0,"comment_status":"open","ping_status":"closed","sticky":false,"template":"","format":"standard","meta":{"footnotes":""},"categories":[105],"tags":[],"class_list":["post-17180","post","type-post","status-publish","format-standard","hentry","category-gundem","odd"],"_links":{"self":[{"href":"http:\/\/www.korhanyilmaz.com\/index.php?rest_route=\/wp\/v2\/posts\/17180","targetHints":{"allow":["GET"]}}],"collection":[{"href":"http:\/\/www.korhanyilmaz.com\/index.php?rest_route=\/wp\/v2\/posts"}],"about":[{"href":"http:\/\/www.korhanyilmaz.com\/index.php?rest_route=\/wp\/v2\/types\/post"}],"author":[{"embeddable":true,"href":"http:\/\/www.korhanyilmaz.com\/index.php?rest_route=\/wp\/v2\/users\/1"}],"replies":[{"embeddable":true,"href":"http:\/\/www.korhanyilmaz.com\/index.php?rest_route=%2Fwp%2Fv2%2Fcomments&post=17180"}],"version-history":[{"count":0,"href":"http:\/\/www.korhanyilmaz.com\/index.php?rest_route=\/wp\/v2\/posts\/17180\/revisions"}],"wp:attachment":[{"href":"http:\/\/www.korhanyilmaz.com\/index.php?rest_route=%2Fwp%2Fv2%2Fmedia&parent=17180"}],"wp:term":[{"taxonomy":"category","embeddable":true,"href":"http:\/\/www.korhanyilmaz.com\/index.php?rest_route=%2Fwp%2Fv2%2Fcategories&post=17180"},{"taxonomy":"post_tag","embeddable":true,"href":"http:\/\/www.korhanyilmaz.com\/index.php?rest_route=%2Fwp%2Fv2%2Ftags&post=17180"}],"curies":[{"name":"wp","href":"https:\/\/api.w.org\/{rel}","templated":true}]}}