{"id":17168,"date":"2009-12-20T18:56:20","date_gmt":"2009-12-20T16:56:20","guid":{"rendered":"http:\/\/www.korhanyilmaz.com\/?p=17168"},"modified":"2009-12-20T18:56:20","modified_gmt":"2009-12-20T16:56:20","slug":"chpli-vekil-tutuklu-mitcilerle-gorustu","status":"publish","type":"post","link":"http:\/\/www.korhanyilmaz.com\/?p=17168","title":{"rendered":"CHP&#039;li vekil tutuklu M\u0130T&#039;\u00e7ilerle g\u00f6r\u00fc\u015ft\u00fc"},"content":{"rendered":"<p style=\"text-align: center;\"><a href=\"http:\/\/www.korhanyilmaz.com\/wp-content\/uploads\/2009\/12\/ahmet_ersin.jpg\"  class=\"lightview\"><img loading=\"lazy\" decoding=\"async\" class=\"aligncenter size-full wp-image-17169\" src=\"http:\/\/www.korhanyilmaz.com\/wp-content\/uploads\/2009\/12\/ahmet_ersin.jpg\" alt=\"\" width=\"263\" height=\"213\" \/><\/a><\/p>\n<p style=\"text-align: justify;\">CHP \u0130zmir Milletvekili Ahmet Ersin, Ergenekon soru\u015fturmas\u0131 kapsam\u0131nda Erzurum&#8217;da tutuklu bulunan 3 M\u0130T mensubu ile g\u00f6r\u00fc\u015fme yapt\u0131.<\/p>\n<p style=\"text-align: justify;\">Ersin, CHP Erzurum \u0130l ba\u015fkanl\u0131\u011f\u0131nda d\u00fczenledi\u011fi bas\u0131n toplant\u0131s\u0131nda, Erzurum H Tipi Cezaevinde tutuklu bulunan M\u0130T Erzincan \u015eube Ba\u015fkan\u0131 ve 2 M\u0130T personeli ile g\u00f6r\u00fc\u015ft\u00fc\u011f\u00fcn\u00fc s\u00f6yledi. <!--more--><\/p>\n<p style=\"text-align: justify;\">Ersin, M\u0130T binas\u0131na 20-30 polisle bask\u0131n yap\u0131lmas\u0131n\u0131n ve M\u0130T Erzincan \u015eube Ba\u015fkan\u0131 ile 2 personelinin g\u00f6zalt\u0131na al\u0131n\u0131p tutuklanmas\u0131n\u0131n, 2937 say\u0131l\u0131 M\u0130T yasas\u0131n\u0131n 26. ve 27. maddesine ayk\u0131r\u0131 oldu\u011funu belirtti.<\/p>\n<p style=\"text-align: justify;\">Ahmet Ersin, &#8220;M\u0130T personeli hakk\u0131nda soru\u015fturma, tutuklama gibi i\u015flemler yap\u0131lacaksa mutlaka Ba\u015fbakan\u0131n onay\u0131 gerekir. Maalesef, Erzurum \u00d6zel Yetkili Cumhuriyet Savc\u0131s\u0131 bu gerekleri yerine getirmeden, pald\u0131r k\u00fcld\u00fcr bask\u0131n yap\u0131yor ve M\u0130T Ba\u015fkan\u0131 ile 2 personelinin \u00f6nce g\u00f6zalt\u0131na al\u0131n\u0131p sonra da tutuklanmas\u0131n\u0131 sa\u011fl\u0131yor. Bu tamamen yasaya ayk\u0131r\u0131 bir durumdur. Hele hele hukuk\u00e7u bir ki\u015finin da\u011f kanunlar\u0131n\u0131 uygulamas\u0131 s\u00f6z konusu olamaz&#8221; diye konu\u015ftu.<\/p>\n<p style=\"text-align: justify;\">G\u00f6r\u00fc\u015fmesinde, M\u0130T g\u00f6revlileri hakk\u0131nda di\u015fe dokunur bir su\u00e7laman\u0131n olmad\u0131\u011f\u0131n\u0131 \u00f6\u011frendi\u011fini belirten Ersin, &#8220;Onlar, Ergenekon \u00f6rg\u00fct\u00fc ile ba\u011flant\u0131l\u0131 oldu\u011fu iddias\u0131 \u00fczerine g\u00f6zalt\u0131na al\u0131n\u0131p, tutuklan\u0131yorlar. Bir de Albay Dursun \u00c7i\u00e7ek&#8217;e ait oldu\u011fu ileri s\u00fcr\u00fclen, \u0130rtica ile M\u00fccadele Eylem plan\u0131 kapsam\u0131nda, bu plan\u0131 uygulamaya ge\u00e7irdikleri ileri s\u00fcr\u00fcl\u00fcyor&#8221; dedi.<\/p>\n<p style=\"text-align: justify;\">M\u0130T Erzincan B\u00f6lge Ba\u015fkan\u0131n\u0131n 1 Temmuz&#8217;da Ankara&#8217;dan Erzincan&#8217;a tayin edildi\u011fini hat\u0131rlatan Ahmet Ersin, &#8220;\u0130ki ay ailesini yerle\u015ftirmekle ge\u00e7mi\u015f ve bir ay sonra bu olay ba\u015f\u0131na geldi. Bu kadar k\u0131sa s\u00fcrede Ergenekon \u00f6rg\u00fct\u00fc ya da \u0130rticayla M\u00fccadele Eylem Plan\u0131n\u0131n uygulamaya ge\u00e7ilmesinin s\u00f6z konusu olmas\u0131 m\u00fcmk\u00fcn de\u011fildir&#8221; diye konu\u015ftu.<\/p>\n<p style=\"text-align: justify;\">Ersin, uyduruk bir tak\u0131m itiraf\u00e7\u0131 ve gizli tan\u0131klarla, toplumun en d\u00fcr\u00fcst, namuslu insanlar\u0131n\u0131n Ergenekon su\u00e7lamalar\u0131yla cezaevlerinde \u00e7\u00fcr\u00fcmeye terk edildi\u011fini savunarak, &#8220;\u015eimdiye kadar ya\u015fanan buydu. Bug\u00fcn yapt\u0131\u011f\u0131m g\u00f6r\u00fc\u015fmelerde, ald\u0131\u011f\u0131m izlenimler neticesinde Erzincan&#8217;da ve Erzurum&#8217;da yap\u0131lanlar\u0131n bundan farkl\u0131 olmad\u0131\u011f\u0131n\u0131 g\u00f6rd\u00fcm&#8221; dedi.<\/p>\n<p style=\"text-align: justify;\">CHP&#8217;li Ersin, Ergenekon soru\u015fturmas\u0131 kapsam\u0131nda tutuklanan ve askeri cezaevinde bulunan personelle ise g\u00f6r\u00fc\u015fme yapamad\u0131\u011f\u0131n\u0131 belirterek, &#8220;Tutuklu askerlerimizle de g\u00f6r\u00fc\u015fecektim fakat Milli Savunma Bakanl\u0131\u011f\u0131&#8217;ndan izin al\u0131nmas\u0131 gerekiyormu\u015f. Milli Savunma Bakan\u0131 \u00d6zel Kalem M\u00fcd\u00fcr\u00fc ile izin verilmesi i\u00e7in g\u00f6r\u00fc\u015ft\u00fcm. Onlar da bir tak\u0131m g\u00f6r\u00fc\u015fmeler yapacak. Yar\u0131n \u00f6nce askeri cezaevine, sonra da Erzincan&#8217;a gidece\u011fim&#8221; diye konu\u015ftu.<\/p>\n<p style=\"text-align: justify;\"><span style=\"color: #888888;\">CNN TR\u00dcK<\/span><\/p>\n","protected":false},"excerpt":{"rendered":"<p style=\"text-align: center;\">\n<p style=\"text-align: justify;\">CHP \u0130zmir Milletvekili Ahmet Ersin, Ergenekon soru\u015fturmas\u0131 kapsam\u0131nda Erzurum&#8217;da tutuklu bulunan 3 M\u0130T mensubu ile g\u00f6r\u00fc\u015fme yapt\u0131.<\/p>\n<p style=\"text-align: justify;\">Ersin, CHP Erzurum \u0130l ba\u015fkanl\u0131\u011f\u0131nda d\u00fczenledi\u011fi bas\u0131n toplant\u0131s\u0131nda, Erzurum H Tipi Cezaevinde tutuklu bulunan M\u0130T Erzincan \u015eube Ba\u015fkan\u0131 ve 2 M\u0130T personeli ile g\u00f6r\u00fc\u015ft\u00fc\u011f\u00fcn\u00fc s\u00f6yledi. <\/p>\n","protected":false},"author":1,"featured_media":0,"comment_status":"open","ping_status":"closed","sticky":false,"template":"","format":"standard","meta":{"footnotes":""},"categories":[105],"tags":[],"class_list":["post-17168","post","type-post","status-publish","format-standard","hentry","category-gundem","odd"],"_links":{"self":[{"href":"http:\/\/www.korhanyilmaz.com\/index.php?rest_route=\/wp\/v2\/posts\/17168","targetHints":{"allow":["GET"]}}],"collection":[{"href":"http:\/\/www.korhanyilmaz.com\/index.php?rest_route=\/wp\/v2\/posts"}],"about":[{"href":"http:\/\/www.korhanyilmaz.com\/index.php?rest_route=\/wp\/v2\/types\/post"}],"author":[{"embeddable":true,"href":"http:\/\/www.korhanyilmaz.com\/index.php?rest_route=\/wp\/v2\/users\/1"}],"replies":[{"embeddable":true,"href":"http:\/\/www.korhanyilmaz.com\/index.php?rest_route=%2Fwp%2Fv2%2Fcomments&post=17168"}],"version-history":[{"count":0,"href":"http:\/\/www.korhanyilmaz.com\/index.php?rest_route=\/wp\/v2\/posts\/17168\/revisions"}],"wp:attachment":[{"href":"http:\/\/www.korhanyilmaz.com\/index.php?rest_route=%2Fwp%2Fv2%2Fmedia&parent=17168"}],"wp:term":[{"taxonomy":"category","embeddable":true,"href":"http:\/\/www.korhanyilmaz.com\/index.php?rest_route=%2Fwp%2Fv2%2Fcategories&post=17168"},{"taxonomy":"post_tag","embeddable":true,"href":"http:\/\/www.korhanyilmaz.com\/index.php?rest_route=%2Fwp%2Fv2%2Ftags&post=17168"}],"curies":[{"name":"wp","href":"https:\/\/api.w.org\/{rel}","templated":true}]}}