{"id":17164,"date":"2009-12-20T15:53:25","date_gmt":"2009-12-20T13:53:25","guid":{"rendered":"http:\/\/www.korhanyilmaz.com\/?p=17164"},"modified":"2009-12-20T15:53:25","modified_gmt":"2009-12-20T13:53:25","slug":"dagitim-iznine-gelen-asker-karakolda-oldu","status":"publish","type":"post","link":"http:\/\/www.korhanyilmaz.com\/?p=17164","title":{"rendered":"&#039;Da\u011f\u0131t\u0131m iznine gelen asker karakolda \u00f6ld\u00fc&#039;"},"content":{"rendered":"<p style=\"text-align: center;\"><a href=\"http:\/\/www.korhanyilmaz.com\/wp-content\/uploads\/2009\/12\/ASKER1.jpg\"  class=\"lightview\"><img loading=\"lazy\" decoding=\"async\" class=\"aligncenter size-full wp-image-17165\" src=\"http:\/\/www.korhanyilmaz.com\/wp-content\/uploads\/2009\/12\/ASKER1.jpg\" alt=\"\" width=\"307\" height=\"236\" \/><\/a><\/p>\n<p style=\"text-align: justify;\">Karakolda \u00f6l\u00fcm iddialar\u0131na bir yenisi daha eklendi. Da\u011f\u0131t\u0131m iznine gelen 2 ayl\u0131k asker Osman Asl\u0131, g\u00f6zalt\u0131na al\u0131nd\u0131ktan sonra g\u00f6t\u00fcr\u00fcld\u00fc\u011f\u00fc Avc\u0131lar Firuzk\u00f6y Karakolu&#8217;nun avukat g\u00f6r\u00fc\u015fme odas\u0131nda \u00f6l\u00fc bulundu. 20 ya\u015f\u0131ndaki gencin, bot ba\u011flar\u0131yla kendisini ast\u0131\u011f\u0131 s\u00f6ylendi. Ancak aile iddiay\u0131 ger\u00e7ek\u00e7i bulmad\u0131.<!--more--><\/p>\n<p style=\"text-align: justify;\">20 ya\u015f\u0131ndaki Osman Asl\u0131 bir karakolun avukat g\u00f6r\u00fc\u015fme odas\u0131nda \u00f6l\u00fc bulundu.<\/p>\n<p style=\"text-align: justify;\">Edinilen bilgilere g\u00f6re, Avc\u0131lar&#8217;da devriye gezen yunus ekibi, 20 ya\u015f\u0131ndaki Osman Asl\u0131&#8217;n\u0131n yalpalayarak y\u00fcr\u00fcd\u00fc\u011f\u00fcn\u00fc farketti. Polisler, Osman Asl\u0131&#8217;n\u0131n elindeki po\u015fetten bali \u00e7ekti\u011fini iddia ederek, genci g\u00f6zalt\u0131na ald\u0131. Osman Asl\u0131, Avc\u0131lar Firuzk\u00f6y Karakolu&#8217;na g\u00f6t\u00fcr\u00fcld\u00fc.<\/p>\n<p style=\"text-align: justify;\">20 ya\u015f\u0131ndaki gen\u00e7, nezarethane yerine avukat g\u00f6r\u00fc\u015fme odas\u0131na al\u0131nd\u0131. \u00c7\u00fcnk\u00fc karakolda, internet ba\u011flant\u0131s\u0131 kesildi\u011fi i\u00e7in GBT kayd\u0131 yap\u0131lamam\u0131\u015ft\u0131. Bir s\u00fcre sonra avukat g\u00f6r\u00fc\u015fme odas\u0131n\u0131 kontrole gelen polisler, Osman Asl\u0131&#8217;n\u0131n kendini botunun ba\u011flar\u0131yla ast\u0131\u011f\u0131n\u0131 iddia etti.<\/p>\n<p style=\"text-align: justify;\">20 ya\u015f\u0131ndaki gencin cesedi, Adli T\u0131p Kurumu&#8217;na kald\u0131r\u0131ld\u0131.<\/p>\n<p style=\"text-align: justify;\">Asl\u0131&#8217;n\u0131n, Zonguldak Er E\u011fitim Jandarma Alay\u0131&#8217;nda asker oldu\u011fu ve da\u011f\u0131t\u0131m izni i\u00e7in \u0130stanbul&#8217;a ailesinin yan\u0131na geldi\u011fi belirlendi. Aile, o\u011fullar\u0131n\u0131n intihar etti\u011fi iddias\u0131na inanm\u0131yor.<\/p>\n<p style=\"text-align: justify;\">Baba \u0130smet Asl\u0131, &#8220;Ben davac\u0131y\u0131m. O g\u00fcn emniyette sorumlu herkesten davac\u0131y\u0131m. Onlar\u0131n da evlad\u0131 var, bug\u00fcn bana ise yar\u0131n onlara&#8221; dedi.<\/p>\n<p style=\"text-align: justify;\">Anne Fatma Asl\u0131 da, &#8220;Benim o\u011flumun su\u00e7u nedir. Kimse a\u00e7\u0131klama yapmad\u0131. Benim o\u011flum katil dahi olsa polisin onu korumas\u0131 gerekirdi&#8221; diye konu\u015ftu.<\/p>\n<p style=\"text-align: justify;\"><strong><em>Arkada\u015flar\u0131: &#8221;Hi\u00e7bir sorunu yoktu&#8221; <\/em><\/strong><\/p>\n<p style=\"text-align: justify;\">Asl\u0131&#8217;y\u0131 en son g\u00f6ren arkada\u015f\u0131 da, 20 ya\u015f\u0131ndaki gencin hi\u00e7bir sorunu olmad\u0131\u011f\u0131n\u0131, usta birli\u011fi i\u00e7in gidece\u011fi Nev\u015fehir&#8217;e bilet ald\u0131\u011f\u0131n\u0131 s\u00f6yledi. Ailenin avukat\u0131 Ahmet Alpaslan ise, Adli T\u0131p Kurumu&#8217;nda cesedi g\u00f6rd\u00fc\u011f\u00fcn\u00fc ve Osman Asl\u0131&#8217;n\u0131n burnunda morluk oldu\u011funu ifade etti:<\/p>\n<p style=\"text-align: justify;\">&#8220;Boynunda ip izi oldu\u011funu g\u00f6rd\u00fcm. Burnunun kenar\u0131nda da morluk vard\u0131. Raporu Adli T\u0131p uzmanlar\u0131 verecekler. Biz de Adli T\u0131p Kurumu raporuna g\u00f6re harekete ge\u00e7ecegiz.&#8221;<\/p>\n<p style=\"text-align: justify;\">Asl\u0131&#8217;n\u0131n cenazesi Adli T\u0131p Kurumu&#8217;ndaki i\u015flemlerin ard\u0131ndan Hatay K\u0131r\u0131khan&#8217;a g\u00f6nderildi. Emniyet Genel M\u00fcd\u00fcrl\u00fc\u011f\u00fc, olayla ilgili iki m\u00fcfetti\u015f g\u00f6revlendirdi.<\/p>\n<p style=\"text-align: justify;\">Osman Asl\u0131&#8217;n\u0131n GBT kontrol\u00fcnde, &#8216;ki\u015finin h\u00fcrriyetini tehdit etme&#8217; ve &#8216;b\u0131\u00e7akla yaralama&#8217; su\u00e7lar\u0131ndan arand\u0131\u011f\u0131 tespit edildi.<\/p>\n<p><span style=\"color: #888888;\">CNN T\u00dcRK<\/span><\/p>\n","protected":false},"excerpt":{"rendered":"<p style=\"text-align: center;\">\n<p style=\"text-align: justify;\">Karakolda \u00f6l\u00fcm iddialar\u0131na bir yenisi daha eklendi. Da\u011f\u0131t\u0131m iznine gelen 2 ayl\u0131k asker Osman Asl\u0131, g\u00f6zalt\u0131na al\u0131nd\u0131ktan sonra g\u00f6t\u00fcr\u00fcld\u00fc\u011f\u00fc Avc\u0131lar Firuzk\u00f6y Karakolu&#8217;nun avukat g\u00f6r\u00fc\u015fme odas\u0131nda \u00f6l\u00fc bulundu. 20 ya\u015f\u0131ndaki gencin, bot ba\u011flar\u0131yla kendisini ast\u0131\u011f\u0131 s\u00f6ylendi. Ancak aile iddiay\u0131 ger\u00e7ek\u00e7i bulmad\u0131.<\/p>\n","protected":false},"author":1,"featured_media":0,"comment_status":"open","ping_status":"closed","sticky":false,"template":"","format":"standard","meta":{"footnotes":""},"categories":[105],"tags":[],"class_list":["post-17164","post","type-post","status-publish","format-standard","hentry","category-gundem","odd"],"_links":{"self":[{"href":"http:\/\/www.korhanyilmaz.com\/index.php?rest_route=\/wp\/v2\/posts\/17164","targetHints":{"allow":["GET"]}}],"collection":[{"href":"http:\/\/www.korhanyilmaz.com\/index.php?rest_route=\/wp\/v2\/posts"}],"about":[{"href":"http:\/\/www.korhanyilmaz.com\/index.php?rest_route=\/wp\/v2\/types\/post"}],"author":[{"embeddable":true,"href":"http:\/\/www.korhanyilmaz.com\/index.php?rest_route=\/wp\/v2\/users\/1"}],"replies":[{"embeddable":true,"href":"http:\/\/www.korhanyilmaz.com\/index.php?rest_route=%2Fwp%2Fv2%2Fcomments&post=17164"}],"version-history":[{"count":0,"href":"http:\/\/www.korhanyilmaz.com\/index.php?rest_route=\/wp\/v2\/posts\/17164\/revisions"}],"wp:attachment":[{"href":"http:\/\/www.korhanyilmaz.com\/index.php?rest_route=%2Fwp%2Fv2%2Fmedia&parent=17164"}],"wp:term":[{"taxonomy":"category","embeddable":true,"href":"http:\/\/www.korhanyilmaz.com\/index.php?rest_route=%2Fwp%2Fv2%2Fcategories&post=17164"},{"taxonomy":"post_tag","embeddable":true,"href":"http:\/\/www.korhanyilmaz.com\/index.php?rest_route=%2Fwp%2Fv2%2Ftags&post=17164"}],"curies":[{"name":"wp","href":"https:\/\/api.w.org\/{rel}","templated":true}]}}