{"id":17156,"date":"2009-12-19T23:23:59","date_gmt":"2009-12-19T21:23:59","guid":{"rendered":"http:\/\/www.korhanyilmaz.com\/?p=17156"},"modified":"2009-12-19T23:23:59","modified_gmt":"2009-12-19T21:23:59","slug":"suleyman-demirel-hukumeti-elestirdi","status":"publish","type":"post","link":"http:\/\/www.korhanyilmaz.com\/?p=17156","title":{"rendered":"S\u00fcleyman Demirel h\u00fck\u00fcmeti ele\u015ftirdi"},"content":{"rendered":"<p><a href=\"http:\/\/www.korhanyilmaz.com\/wp-content\/uploads\/2009\/12\/SDEM\u0130REL.jpg\"  class=\"lightview\"><img loading=\"lazy\" decoding=\"async\" class=\"aligncenter size-full wp-image-17157\" src=\"http:\/\/www.korhanyilmaz.com\/wp-content\/uploads\/2009\/12\/SDEM\u0130REL.jpg\" alt=\"\" width=\"292\" height=\"197\" \/><\/a><\/p>\n<p style=\"text-align: justify;\">9. Cumhurba\u015fkan\u0131 S\u00fcleyman Demirel, MHP&#8217;nin siyaset ve liderlik okulunda h\u00fck\u00fcmeti ele\u015ftirdi. T\u00fcrkiye&#8217;de huzur ve s\u00fckun s\u0131k\u0131nt\u0131s\u0131 oldu\u011funu s\u00f6yleyen Demirel, &#8220;Bu \u00fclkenin insanlar\u0131 aras\u0131na sen \u015fusun, sen busun diye fitne sokman\u0131n, durduk yerde birbirini seven insanlar\u0131 d\u00fc\u015fman etmenin anlam\u0131 yok&#8221; dedi. <!--more--><\/p>\n<p style=\"text-align: justify;\">9. Cumhurba\u015fkan\u0131 Demirel, MHP&#8217;nin davetiyle siyaset ve liderlik okulunda d\u00fczenlenen s\u00f6yle\u015fiye kat\u0131ld\u0131.<\/p>\n<p style=\"text-align: justify;\">&#8220;T\u00fcrkiye&#8217;nin zihnini da\u011f\u0131tmamas\u0131 gerekti\u011fini belirten Demirel, &#8220;T\u00fcrkiye bu huzursuzlu\u011fu hak etmemi\u015ftir. Sokaklar\u0131nda kavga, da\u011flar\u0131nda asker d\u0131\u015f\u0131nda silahl\u0131 adamlar, kurumlar\u0131 birbirine girmi\u015f, yarg\u0131s\u0131 siyasi etki alt\u0131nda kald\u0131\u011f\u0131ndan \u015fikayet\u00e7i, askeri rahats\u0131zl\u0131\u011f\u0131n\u0131 aynen beyan etmekte, halk\u0131 her g\u00fcn taciz edilmekte. Bu i\u00e7 a\u00e7\u0131c\u0131 bir manzara de\u011fil&#8221; dedi.<\/p>\n<p style=\"text-align: justify;\">Demirel, T\u00fcrkiye&#8217;nin hukukun \u00fcst\u00fcnl\u00fc\u011f\u00fcne dayanarak y\u00f6netilemeyecek oldu\u011funu s\u00f6ylemenin \u00e7aresizlik oldu\u011funu s\u00f6yledi.<\/p>\n<p style=\"text-align: justify;\">9. Cumhurba\u015fkan\u0131, &#8220;Bunu diyen iflas etmi\u015ftir. Bunu diyenin yapaca\u011f\u0131 i\u015f, \u00e7abuk yerini terk etmek, ba\u015fkas\u0131na b\u0131rakmakt\u0131r&#8221; dedi.<\/p>\n<p style=\"text-align: justify;\"><span style=\"color: #888888;\">CNN T\u00dcRK<\/span><\/p>\n","protected":false},"excerpt":{"rendered":"<\/p>\n<p style=\"text-align: justify;\">9. Cumhurba\u015fkan\u0131 S\u00fcleyman Demirel, MHP&#8217;nin siyaset ve liderlik okulunda h\u00fck\u00fcmeti ele\u015ftirdi. T\u00fcrkiye&#8217;de huzur ve s\u00fckun s\u0131k\u0131nt\u0131s\u0131 oldu\u011funu s\u00f6yleyen Demirel, &#8220;Bu \u00fclkenin insanlar\u0131 aras\u0131na sen \u015fusun, sen busun diye fitne sokman\u0131n, durduk yerde birbirini seven insanlar\u0131 d\u00fc\u015fman etmenin anlam\u0131 yok&#8221; dedi. <\/p>\n","protected":false},"author":1,"featured_media":0,"comment_status":"open","ping_status":"closed","sticky":false,"template":"","format":"standard","meta":{"footnotes":""},"categories":[105],"tags":[],"class_list":["post-17156","post","type-post","status-publish","format-standard","hentry","category-gundem","odd"],"_links":{"self":[{"href":"http:\/\/www.korhanyilmaz.com\/index.php?rest_route=\/wp\/v2\/posts\/17156","targetHints":{"allow":["GET"]}}],"collection":[{"href":"http:\/\/www.korhanyilmaz.com\/index.php?rest_route=\/wp\/v2\/posts"}],"about":[{"href":"http:\/\/www.korhanyilmaz.com\/index.php?rest_route=\/wp\/v2\/types\/post"}],"author":[{"embeddable":true,"href":"http:\/\/www.korhanyilmaz.com\/index.php?rest_route=\/wp\/v2\/users\/1"}],"replies":[{"embeddable":true,"href":"http:\/\/www.korhanyilmaz.com\/index.php?rest_route=%2Fwp%2Fv2%2Fcomments&post=17156"}],"version-history":[{"count":0,"href":"http:\/\/www.korhanyilmaz.com\/index.php?rest_route=\/wp\/v2\/posts\/17156\/revisions"}],"wp:attachment":[{"href":"http:\/\/www.korhanyilmaz.com\/index.php?rest_route=%2Fwp%2Fv2%2Fmedia&parent=17156"}],"wp:term":[{"taxonomy":"category","embeddable":true,"href":"http:\/\/www.korhanyilmaz.com\/index.php?rest_route=%2Fwp%2Fv2%2Fcategories&post=17156"},{"taxonomy":"post_tag","embeddable":true,"href":"http:\/\/www.korhanyilmaz.com\/index.php?rest_route=%2Fwp%2Fv2%2Ftags&post=17156"}],"curies":[{"name":"wp","href":"https:\/\/api.w.org\/{rel}","templated":true}]}}