{"id":17152,"date":"2009-12-19T18:55:11","date_gmt":"2009-12-19T16:55:11","guid":{"rendered":"http:\/\/www.korhanyilmaz.com\/?p=17152"},"modified":"2009-12-19T18:55:11","modified_gmt":"2009-12-19T16:55:11","slug":"kanadoglu-yanlis-yapanlar-hesap-verecek","status":"publish","type":"post","link":"http:\/\/www.korhanyilmaz.com\/?p=17152","title":{"rendered":"Kanado\u011flu: &quot;Yanl\u0131\u015f yapanlar hesap verecek&quot;"},"content":{"rendered":"<p><a href=\"http:\/\/www.korhanyilmaz.com\/wp-content\/uploads\/2009\/12\/kanadoglu.jpg\"  class=\"lightview\"><img loading=\"lazy\" decoding=\"async\" class=\"aligncenter size-full wp-image-17153\" src=\"http:\/\/www.korhanyilmaz.com\/wp-content\/uploads\/2009\/12\/kanadoglu.jpg\" alt=\"\" width=\"292\" height=\"193\" \/><\/a><\/p>\n<p style=\"text-align: justify;\">Yarg\u0131tay Onursal Cumhuriyet Ba\u015fsavc\u0131s\u0131 Sabih Kanado\u011flu, yarg\u0131n\u0131n ba\u011f\u0131ms\u0131z oldu\u011fu, laik d\u00fc\u015f\u00fcncenin, ulus devletin ve hukuk devletinin oldu\u011fu bir \u00fclkede, yanl\u0131\u015f yapan herkesin hesap verece\u011fini s\u00f6yledi.<\/p>\n<p style=\"text-align: justify;\">Kanado\u011flu, Atat\u00fcrk\u00e7\u00fc D\u00fc\u015f\u00fcnce Derne\u011fi&#8217;nin (ADD) d\u00fczenledi\u011fi, &#8220;Hukuk Devleti ve Yarg\u0131 Ba\u011f\u0131ms\u0131zl\u0131\u011f\u0131&#8221; konulu konferansa kat\u0131lmak \u00fczere \u00c7anakkale&#8217;nin Gelibolu il\u00e7esinde geldi. <!--more--><\/p>\n<p style=\"text-align: justify;\">Atat\u00fcrk K\u0131z Meslek Lisesi Salonunda d\u00fczenlenen konferans \u00f6ncesinde, gazetecilerin, sal\u0131 g\u00fcn\u00fc &#8220;Ergenekon&#8221; soru\u015fturmas\u0131 kapsam\u0131nda ifadeye \u00e7a\u011fr\u0131lmas\u0131 konusundaki g\u00f6r\u00fc\u015flerini sormas\u0131 \u00fczerine Kanado\u011flu, &#8220;Ben, o a\u00e7\u0131klamay\u0131 benden isteyenlere yapt\u0131ktan sonra sizlere de yapaca\u011f\u0131m. L\u00fctfen benden \u015fimdilik bunu istemeyin. Ama \u015funu s\u00f6yleyebilirim. Sadece Ergenekon de\u011fil. Yarg\u0131n\u0131n ba\u011f\u0131ms\u0131z oldu\u011fu, laik d\u00fc\u015f\u00fcncenin, ulus devletin ve hukuk devletinin oldu\u011fu bir \u00fclkede yanl\u0131\u015f yapan herkes, her kurum ve o kurumda \u00e7al\u0131\u015fan herkes hesap verecektir&#8221; dedi.<\/p>\n<p style=\"text-align: justify;\">Kanado\u011flu, konferansta yapt\u0131\u011f\u0131 konu\u015fmada ise siyasalla\u015fm\u0131\u015f bir yarg\u0131n\u0131n, bir \u00fclke i\u00e7in felaket oldu\u011funun ak\u0131llardan \u00e7\u0131kar\u0131lmamas\u0131 gerekti\u011fini s\u00f6yledi.<\/p>\n<p style=\"text-align: justify;\">Siyasalla\u015fm\u0131\u015f bir yarg\u0131n\u0131n ne yapaca\u011f\u0131n\u0131n bilinemeyece\u011fini ifade eden Kanado\u011flu, &#8220;Zaten halk, g\u00fcc\u00fcn\u00fc siyasi ba\u011f\u0131ms\u0131zl\u0131\u011f\u0131 i\u00e7in harcam\u0131yorsa, ona gerekli uyar\u0131lar\u0131 yapm\u0131yorsa yani yarg\u0131s\u0131na sahip \u00e7\u0131km\u0131yorsa, ba\u015f\u0131na gelecekleri iyi hesaplamal\u0131d\u0131r&#8221; dedi.<\/p>\n<p style=\"text-align: justify;\">En b\u00fcy\u00fck s\u0131k\u0131nt\u0131n\u0131n Anayasa&#8217;daki Yarg\u0131 Kanunu&#8217;nun de\u011fi\u015ftirilmesi oldu\u011funu belirten Kanado\u011flu, bunun \u00f6teki h\u00fck\u00fcmetlerde olmad\u0131\u011f\u0131n\u0131, bu h\u00fck\u00fcmette de hi\u00e7 olamayaca\u011f\u0131n\u0131 savundu.<\/p>\n<p style=\"text-align: justify;\">Konu\u015fmas\u0131nda, a\u00e7\u0131l\u0131m konusuna da de\u011finen Kanado\u011flu, T\u00fcrk halk\u0131n\u0131n d\u0131\u015f\u0131nda kald\u0131\u011f\u0131 hi\u00e7bir proje ve plan\u0131n ba\u015far\u0131l\u0131 olamayaca\u011f\u0131n\u0131 \u00f6ne s\u00fcrd\u00fc.<\/p>\n<p style=\"text-align: justify;\">Panelin sonunda Gelibolu Belediye Ba\u015fkan\u0131 Mustafa \u00d6zacar, Kanado\u011flu&#8217;na plaket verdi.<\/p>\n<p style=\"text-align: justify;\"><span style=\"color: #888888;\">CNN T\u00dcRK<\/span><\/p>\n","protected":false},"excerpt":{"rendered":"<\/p>\n<p style=\"text-align: justify;\">Yarg\u0131tay Onursal Cumhuriyet Ba\u015fsavc\u0131s\u0131 Sabih Kanado\u011flu, yarg\u0131n\u0131n ba\u011f\u0131ms\u0131z oldu\u011fu, laik d\u00fc\u015f\u00fcncenin, ulus devletin ve hukuk devletinin oldu\u011fu bir \u00fclkede, yanl\u0131\u015f yapan herkesin hesap verece\u011fini s\u00f6yledi.<\/p>\n<p style=\"text-align: justify;\">Kanado\u011flu, Atat\u00fcrk\u00e7\u00fc D\u00fc\u015f\u00fcnce Derne\u011fi&#8217;nin (ADD) d\u00fczenledi\u011fi, &#8220;Hukuk Devleti ve Yarg\u0131 Ba\u011f\u0131ms\u0131zl\u0131\u011f\u0131&#8221; konulu konferansa kat\u0131lmak \u00fczere \u00c7anakkale&#8217;nin Gelibolu il\u00e7esinde geldi. <\/p>\n","protected":false},"author":1,"featured_media":0,"comment_status":"open","ping_status":"closed","sticky":false,"template":"","format":"standard","meta":{"footnotes":""},"categories":[105],"tags":[],"class_list":["post-17152","post","type-post","status-publish","format-standard","hentry","category-gundem","odd"],"_links":{"self":[{"href":"http:\/\/www.korhanyilmaz.com\/index.php?rest_route=\/wp\/v2\/posts\/17152","targetHints":{"allow":["GET"]}}],"collection":[{"href":"http:\/\/www.korhanyilmaz.com\/index.php?rest_route=\/wp\/v2\/posts"}],"about":[{"href":"http:\/\/www.korhanyilmaz.com\/index.php?rest_route=\/wp\/v2\/types\/post"}],"author":[{"embeddable":true,"href":"http:\/\/www.korhanyilmaz.com\/index.php?rest_route=\/wp\/v2\/users\/1"}],"replies":[{"embeddable":true,"href":"http:\/\/www.korhanyilmaz.com\/index.php?rest_route=%2Fwp%2Fv2%2Fcomments&post=17152"}],"version-history":[{"count":0,"href":"http:\/\/www.korhanyilmaz.com\/index.php?rest_route=\/wp\/v2\/posts\/17152\/revisions"}],"wp:attachment":[{"href":"http:\/\/www.korhanyilmaz.com\/index.php?rest_route=%2Fwp%2Fv2%2Fmedia&parent=17152"}],"wp:term":[{"taxonomy":"category","embeddable":true,"href":"http:\/\/www.korhanyilmaz.com\/index.php?rest_route=%2Fwp%2Fv2%2Fcategories&post=17152"},{"taxonomy":"post_tag","embeddable":true,"href":"http:\/\/www.korhanyilmaz.com\/index.php?rest_route=%2Fwp%2Fv2%2Ftags&post=17152"}],"curies":[{"name":"wp","href":"https:\/\/api.w.org\/{rel}","templated":true}]}}