{"id":17147,"date":"2009-12-19T14:22:47","date_gmt":"2009-12-19T12:22:47","guid":{"rendered":"http:\/\/www.korhanyilmaz.com\/?p=17147"},"modified":"2009-12-19T14:22:47","modified_gmt":"2009-12-19T12:22:47","slug":"tekel-iscileri-hala-turk-is-onunde","status":"publish","type":"post","link":"http:\/\/www.korhanyilmaz.com\/?p=17147","title":{"rendered":"TEKEL i\u015f\u00e7ileri hala T\u00fcrk-\u0130\u015f \u00f6n\u00fcnde!"},"content":{"rendered":"<p style=\"text-align: center;\"><a href=\"http:\/\/www.korhanyilmaz.com\/wp-content\/uploads\/2009\/12\/tekel1.jpg\"  class=\"lightview\"><img loading=\"lazy\" decoding=\"async\" class=\"size-full wp-image-17299 aligncenter\" src=\"http:\/\/www.korhanyilmaz.com\/wp-content\/uploads\/2009\/12\/tekel1.jpg\" alt=\"\" width=\"348\" height=\"240\" \/><\/a><\/p>\n<p style=\"text-align: justify;\">TEKEL i\u015f\u00e7ileri eylemlerine T\u00fcrk-\u0130\u015f Genel Merkezi \u00f6n\u00fcnde devam ediyor. \u00c7\u00f6z\u00fcm bulunmas\u0131 i\u00e7in g\u00f6r\u00fc\u015fmeler de yap\u0131ld\u0131. T\u00fcrk-\u0130\u015f Ba\u015fkan\u0131 Mustafa Kumlu, Devlet Bakan\u0131 Ali Babacan, Hayati Yaz\u0131c\u0131 ve AK Parti Genel Ba\u015fkan Yard\u0131mc\u0131s\u0131 Salih Kapusuz ile g\u00f6r\u00fc\u015ft\u00fc. \u0130\u015f\u00e7iler bug\u00fcn de temaslar\u0131n\u0131 s\u00fcrd\u00fcr\u00fcyor.<!--more--><\/p>\n<p style=\"text-align: justify;\">Geceyi T\u00fcrk-\u0130\u015f Genel Merkezi&#8217;nde, yere serdikleri kartonlar \u00fczerinde ve konferans salonunda ge\u00e7iren i\u015f\u00e7iler, sabah\u0131n erken saatlerinden itibaren genel merkez \u00f6n\u00fcnde toplanarak &#8220;T\u00fcrkiye sevdam\u0131z, ekmek i\u00e7in kavgam\u0131z&#8221;,  &#8220;Direni\u015f var y\u0131lg\u0131nl\u0131k yok&#8221;, &#8220;Direne direne kazanaca\u011f\u0131z&#8217; sloganlar\u0131 att\u0131.<\/p>\n<p style=\"text-align: justify;\">Bu arada baz\u0131 i\u015f\u00e7iler temsili kefen giydi ve TEKEL i\u015f\u00e7ileri i\u00e7in &#8220;cenaze namaz\u0131&#8221; k\u0131l\u0131nd\u0131. Kefenlerin \u00fczerinde &#8220;Kefeni haz\u0131rlad\u0131k da geldik&#8221;, &#8220;Kefeni giydik geri d\u00f6n\u00fc\u015f yok&#8221;, &#8220;Emekli olamadan \u00f6ld\u00fc&#8221; yaz\u0131lar\u0131n\u0131n oldu\u011fu g\u00f6r\u00fcld\u00fc.<\/p>\n<p style=\"text-align: justify;\"><strong><em>\u00c7elebi ve T\u00fcrker&#8217;den destek ziyareti <\/em><\/strong><\/p>\n<p style=\"text-align: justify;\">T\u00fcrk-\u0130\u015f Genel Merkezi \u00f6n\u00fcnde eylemlerini s\u00fcrd\u00fcren TEKEL i\u015f\u00e7ilerini DSP Genel Ba\u015fkan\u0131 Masum T\u00fcrker ile D\u0130SK Genel Ba\u015fkan\u0131 S\u00fcleyman \u00c7elebi ziyaret etti.<\/p>\n<p style=\"text-align: justify;\">S\u00fcleyman \u00c7elebi, yapt\u0131\u011f\u0131 konu\u015fmada, TEKEL i\u015f\u00e7ileri ile onur duydu\u011funu ve TEKEL i\u015f\u00e7ilerinin m\u00fccadelesinin, t\u00fcm i\u015f\u00e7i s\u0131n\u0131f\u0131n\u0131n m\u00fccadelesi oldu\u011funu s\u00f6yledi. TEKEL i\u015f\u00e7ilerinin, verdi\u011fi m\u00fccadelede yaln\u0131z olmad\u0131\u011f\u0131n\u0131 belirten \u00c7elebi, &#8220;\u015eunu bilin size yap\u0131lan sald\u0131r\u0131lar D\u0130SK&#8217;e de yap\u0131lm\u0131\u015ft\u0131r, i\u015f\u00e7i s\u0131n\u0131f\u0131na da yap\u0131lm\u0131\u015ft\u0131r. Ba\u015fbakan &#8216;ayaklar ba\u015f olursa k\u0131yamet kopar&#8217; dedi. Esas k\u0131yamet sizin ba\u015fbakanl\u0131\u011f\u0131n\u0131zdan dolay\u0131 kopuyor. Ba\u015fbakan bu \u00fclkenin de\u011ferlerini \u00fcreten i\u015f\u00e7isini daha tan\u0131yamam\u0131\u015f&#8221; diye konu\u015ftu.<\/p>\n<p style=\"text-align: justify;\">D\u0130SK olarak T\u00dcRK-\u0130\u015e ile elele vererek dayan\u0131\u015fmaya s\u00f6z veren \u00c7elebi, &#8220;Omuz omuza bedeli ne olursa olsun y\u00fcr\u00fcmeye, eylem yapmaya, \u00fcretimden gelen g\u00fcc\u00fc kullanmaya ve genel greve haz\u0131r\u0131z. B\u00fct\u00fcn sendikalara \u00e7a\u011fr\u0131 yap\u0131yorum. Gelin bu TEKEL oyununu bozal\u0131m. Buna son verelim&#8221; dedi.<\/p>\n<p style=\"text-align: justify;\"><a href=\"http:\/\/www.korhanyilmaz.com\/wp-content\/uploads\/2009\/12\/turkis.jpg\"  class=\"lightview\"><img loading=\"lazy\" decoding=\"async\" class=\"aligncenter size-full wp-image-17149\" src=\"http:\/\/www.korhanyilmaz.com\/wp-content\/uploads\/2009\/12\/turkis.jpg\" alt=\"\" width=\"406\" height=\"210\" \/><\/a><\/p>\n<p style=\"text-align: justify;\">DSP Genel Ba\u015fkan\u0131 Masum T\u00fcrker de TEKEL i\u015f\u00e7ilerini ziyaret ederek yaln\u0131z olmad\u0131klar\u0131n\u0131 s\u00f6yledi. Memurlar\u0131n 25 Kas\u0131mda yapt\u0131\u011f\u0131 bir g\u00fcnl\u00fck uyar\u0131 grevine kat\u0131lanlardan baz\u0131 demiryolu \u00e7al\u0131\u015fanlar\u0131n\u0131n a\u00e7\u0131\u011fa ald\u0131\u011f\u0131n\u0131 ifade eden T\u00fcrker, h\u00fck\u00fcmetin emek\u00e7ilere y\u00f6nelik operasyonlar\u0131n\u0131n devam etti\u011fini savundu.<\/p>\n<p style=\"text-align: justify;\">H\u00fck\u00fcmet ad\u0131na hi\u00e7 kimsenin emek\u00e7ilerle muhatap olma cesaretini g\u00f6steremedi\u011fini \u00f6ne s\u00fcren T\u00fcrker, &#8220;Emek olmadan T\u00fcrkiye&#8217;nin varolamayaca\u011f\u0131n\u0131 bilenlerdeniz. Baz\u0131 arkada\u015flar\u0131n\u0131z &#8216;AKP&#8217;ye oy verdim&#8217; diye bileklerini kesiyor. Bileklerinizi kesmeyin, AKP&#8217;nin biletini kesin&#8221; diye konu\u015ftu.<\/p>\n<p style=\"text-align: justify;\"><strong><em>Hayr\u00fcnnisa G\u00fcl ve Emine Erdo\u011fan&#8217;a mektup <\/em><\/strong><\/p>\n<p style=\"text-align: justify;\">\u00d6te yandan TEKEL kad\u0131n i\u015f\u00e7ileri saat 13.00&#8217;te Sakarya Caddesi&#8217;nde bas\u0131n a\u00e7\u0131klamas\u0131 yaparak, Cumhurba\u015fkan\u0131 Abdullah G\u00fcl&#8217;\u00fcn e\u015fi Hayr\u00fcnnisa G\u00fcl ile Ba\u015fbakan Recep Tayyip Erdo\u011fan&#8217;\u0131n e\u015fi Emine Erdo\u011fan&#8217;a hitaben yazd\u0131klar\u0131 mektuplar\u0131 okudu.<\/p>\n<p style=\"text-align: justify;\"><strong><em>Mektubun i\u00e7eri\u011fi \u015f\u00f6yle: <\/em><\/strong><\/p>\n<p style=\"text-align: justify;\">&#8220;Kad\u0131n olarak, anne olarak bizi en iyi sizler anlars\u0131n\u0131z&#8221; diye ba\u015flayan mektupta, \u015fu ifadelere yer verildi: &#8220;G\u00fcnlerdir Ankara sokaklar\u0131nda eylemlerimizi devam ettiriyoruz. \u00c7ocuklar\u0131m\u0131z bizi a\u00e7 ve susuz bekliyor. Derdimiz, yatt\u0131\u011f\u0131m\u0131z yerde para kazanmak de\u011fil. Bunca y\u0131l devlete hizmet verdik, \u00fcrettik, \u00fclkeye kazan\u00e7 sa\u011flad\u0131k. Yine \u00e7al\u0131\u015fmak istiyoruz ama insan gibi onurumuzla \u00e7al\u0131\u015fmak istiyoruz. Haklar\u0131m\u0131z\u0131 kaybetmeden ba\u015fka bir kamu kurulu\u015funda \u00e7al\u0131\u015fmak istiyoruz. Yar\u0131n korkusu olmadan, bor\u00e7 har\u00e7 i\u00e7ine d\u00fc\u015fmeden, namerde muhta\u00e7 olmadan ya\u015famak istiyoruz. Derdimize \u00e7are aray\u0131n. Kad\u0131n ve ana y\u00fcre\u011fi ile bize kulak verin. Bizi 4\/C sefaletine mahkum ettirmeyin.&#8221;<\/p>\n<p style=\"text-align: justify;\">Mektuplar postaland\u0131ktan sonra, kad\u0131n i\u015f\u00e7iler tekrar eylem yeri olan T\u00fcrk-\u0130\u015f Genel Merkezi&#8217;ne d\u00f6nd\u00fc.<\/p>\n<p style=\"text-align: justify;\"><span style=\"color: #888888;\">CNN T\u00dcRK<\/span><\/p>\n","protected":false},"excerpt":{"rendered":"<p style=\"text-align: center;\">\n<p style=\"text-align: justify;\">TEKEL i\u015f\u00e7ileri eylemlerine T\u00fcrk-\u0130\u015f Genel Merkezi \u00f6n\u00fcnde devam ediyor. \u00c7\u00f6z\u00fcm bulunmas\u0131 i\u00e7in g\u00f6r\u00fc\u015fmeler de yap\u0131ld\u0131. T\u00fcrk-\u0130\u015f Ba\u015fkan\u0131 Mustafa Kumlu, Devlet Bakan\u0131 Ali Babacan, Hayati Yaz\u0131c\u0131 ve AK Parti Genel Ba\u015fkan Yard\u0131mc\u0131s\u0131 Salih Kapusuz ile g\u00f6r\u00fc\u015ft\u00fc. \u0130\u015f\u00e7iler bug\u00fcn de temaslar\u0131n\u0131 s\u00fcrd\u00fcr\u00fcyor.<\/p>\n","protected":false},"author":1,"featured_media":0,"comment_status":"open","ping_status":"closed","sticky":false,"template":"","format":"standard","meta":{"footnotes":""},"categories":[7],"tags":[],"class_list":["post-17147","post","type-post","status-publish","format-standard","hentry","category-ekonomi","odd"],"_links":{"self":[{"href":"http:\/\/www.korhanyilmaz.com\/index.php?rest_route=\/wp\/v2\/posts\/17147","targetHints":{"allow":["GET"]}}],"collection":[{"href":"http:\/\/www.korhanyilmaz.com\/index.php?rest_route=\/wp\/v2\/posts"}],"about":[{"href":"http:\/\/www.korhanyilmaz.com\/index.php?rest_route=\/wp\/v2\/types\/post"}],"author":[{"embeddable":true,"href":"http:\/\/www.korhanyilmaz.com\/index.php?rest_route=\/wp\/v2\/users\/1"}],"replies":[{"embeddable":true,"href":"http:\/\/www.korhanyilmaz.com\/index.php?rest_route=%2Fwp%2Fv2%2Fcomments&post=17147"}],"version-history":[{"count":0,"href":"http:\/\/www.korhanyilmaz.com\/index.php?rest_route=\/wp\/v2\/posts\/17147\/revisions"}],"wp:attachment":[{"href":"http:\/\/www.korhanyilmaz.com\/index.php?rest_route=%2Fwp%2Fv2%2Fmedia&parent=17147"}],"wp:term":[{"taxonomy":"category","embeddable":true,"href":"http:\/\/www.korhanyilmaz.com\/index.php?rest_route=%2Fwp%2Fv2%2Fcategories&post=17147"},{"taxonomy":"post_tag","embeddable":true,"href":"http:\/\/www.korhanyilmaz.com\/index.php?rest_route=%2Fwp%2Fv2%2Ftags&post=17147"}],"curies":[{"name":"wp","href":"https:\/\/api.w.org\/{rel}","templated":true}]}}