{"id":17143,"date":"2009-12-19T15:27:44","date_gmt":"2009-12-19T13:27:44","guid":{"rendered":"http:\/\/www.korhanyilmaz.com\/?p=17143"},"modified":"2009-12-19T15:27:44","modified_gmt":"2009-12-19T13:27:44","slug":"patrik-onumuzdeki-hafta-aciklama-yapacak","status":"publish","type":"post","link":"http:\/\/www.korhanyilmaz.com\/?p=17143","title":{"rendered":"Patrik \u00f6n\u00fcm\u00fczdeki hafta a\u00e7\u0131klama yapacak"},"content":{"rendered":"<p style=\"text-align: center;\"><a href=\"http:\/\/www.korhanyilmaz.com\/wp-content\/uploads\/2009\/12\/patrik.jpg\"  class=\"lightview\"><img loading=\"lazy\" decoding=\"async\" class=\"aligncenter size-full wp-image-17144\" src=\"http:\/\/www.korhanyilmaz.com\/wp-content\/uploads\/2009\/12\/patrik.jpg\" alt=\"\" width=\"305\" height=\"237\" \/><\/a><\/p>\n<p style=\"text-align: justify;\">Fener Rum Patri\u011fi Bartholomeos&#8217;un avukat\u0131 Kezban Hatemi, m\u00fcvekkilinin, ABD&#8217;de yapt\u0131\u011f\u0131 &#8220;T\u00fcrkiye&#8217;de kendimi \u00e7arm\u0131ha gerilmi\u015f gibi hissediyorum&#8221; a\u00e7\u0131klamas\u0131n\u0131n kamuoyu taraf\u0131ndan yanl\u0131\u015f anla\u015f\u0131lmamas\u0131 i\u00e7in \u00f6n\u00fcm\u00fczdeki hafta bir a\u00e7\u0131klama yapaca\u011f\u0131n\u0131 s\u00f6yledi.<\/p>\n<p style=\"text-align: justify;\">Bartholomeos&#8217;un avukat\u0131 ve dan\u0131\u015fman\u0131 Hatemi, &#8220;bir Amerikan televizyon kanal\u0131 muhabirinin may\u0131s ay\u0131nda Bartholomeos ile yapt\u0131\u011f\u0131 r\u00f6portaj\u0131n, bu ay\u0131n 20&#8217;sinden sonra yay\u0131mlanaca\u011f\u0131n\u0131, daha orada yay\u0131mlanmadan T\u00fcrkiye&#8217;de servis edilmesinin \u00e7ok enteresan bir durum oldu\u011funu ve bu zamanlamaya dikkat edilmesi gerekti\u011fini&#8221; belirtti. <!--more--><\/p>\n<p style=\"text-align: justify;\">&#8220;R\u00f6portaj da de\u011fil, muhabir gelmi\u015f dayam\u0131\u015f mikrofonu, yanlar\u0131nda kimse yok&#8221; diyen Hatemi, \u015funlar\u0131 kaydetti:<\/p>\n<p style=\"text-align: justify;\">&#8220;Muhabirin sordu\u011fu sorular, r\u00f6portajda Patrik s\u00f6ylemi\u015f gibi yans\u0131t\u0131l\u0131yor. Tabii &#8216;\u00e7arm\u0131ha gerilmek&#8217; ibaresi insanlar\u0131n dikkatini \u00e7ekiyor ve o alt yaz\u0131 olarak veriliyor. \u00c7arm\u0131ha gerilmek bir Hristiyan tabiridir. Biz nas\u0131l, &#8216;Bana cehennem azab\u0131 ya\u015fat\u0131yorsun?&#8217; deriz, onun gibi. Evde \u00e7ocu\u011funa k\u0131zan anne de &#8216;Yeter beni \u00e7arm\u0131ha gerdin&#8217; der. Patrik bunu s\u00f6ylemiyor, dikkat edin.<\/p>\n<p style=\"text-align: justify;\">Muhabir soruyor, &#8216;\u00c7arm\u0131ha m\u0131 gerilmi\u015f hissediyorsunuz kendinizi?&#8217;. Yani &#8216;cehennem azab\u0131nda m\u0131 hissediyorsunuz kendinizi&#8217; anlam\u0131ndad\u0131r bu. O da cevap olarak &#8216;Yes I do (Evet kat\u0131l\u0131yorum)&#8217; diyor. Ba\u015fka bir \u015fey demiyor. Hakikaten de \u00f6yle demeli de\u011fil mi? Ben aynen kat\u0131l\u0131yorum, \u00e7\u00fcnk\u00fc hala patrikhanenin soka\u011f\u0131, patrik asan sadrazam\u0131n ad\u0131n\u0131 ta\u015f\u0131yorsa ve her g\u00fcn patrikhanenin duvar\u0131nda bu adam\u0131n ismi varsa diken \u00fcst\u00fcnde de\u011fil misiniz?&#8221;<\/p>\n<p style=\"text-align: justify;\">R\u00f6portaj\u0131n yay\u0131mlanma tarihinin patrik i\u00e7in \u00f6nem ta\u015f\u0131mad\u0131\u011f\u0131n\u0131 vurgulayan Hatemi, &#8220;Bu r\u00f6portaj May\u0131s ay\u0131nda oldu. Sonra biliyorsunuz Ba\u015fbakan Recep Tayyip Erdo\u011fan&#8217;\u0131n a\u00e7\u0131l\u0131m paketi i\u00e7inde olduklar\u0131n\u0131 g\u00f6rd\u00fcler hep birlikte&#8221; dedi.<\/p>\n<p style=\"text-align: justify;\">Avukat Kezban Hatemi, &#8220;Bartholomeos, kamuoyunun yanl\u0131\u015f anlamamas\u0131 i\u00e7in \u00f6n\u00fcm\u00fczdeki hafta i\u00e7inde bir a\u00e7\u0131klama yapacak&#8221; bilgisini verdi.<\/p>\n<p style=\"text-align: justify;\"><strong><em>Patrik ne demi\u015fti? <\/em><\/strong><\/p>\n<p style=\"text-align: justify;\">Fener Rum Patri\u011fi Bartholomeos, \u201cKendimi T\u00fcrkiye&#8217;de, yakla\u015f\u0131k 2 bin y\u0131ll\u0131k Patrikhane&#8217;nin yok olmas\u0131n\u0131 bekleyen bir h\u00fck\u00fcmetin alt\u0131nda ya\u015farken, \u00e7arm\u0131ha gerilmi\u015f gibi hissediyorum&#8221; demi\u015fti.<\/p>\n<p style=\"text-align: justify;\"><span style=\"color: #888888;\">CNN T\u00dcRK<\/span><\/p>\n","protected":false},"excerpt":{"rendered":"<p style=\"text-align: center;\">\n<p style=\"text-align: justify;\">Fener Rum Patri\u011fi Bartholomeos&#8217;un avukat\u0131 Kezban Hatemi, m\u00fcvekkilinin, ABD&#8217;de yapt\u0131\u011f\u0131 &#8220;T\u00fcrkiye&#8217;de kendimi \u00e7arm\u0131ha gerilmi\u015f gibi hissediyorum&#8221; a\u00e7\u0131klamas\u0131n\u0131n kamuoyu taraf\u0131ndan yanl\u0131\u015f anla\u015f\u0131lmamas\u0131 i\u00e7in \u00f6n\u00fcm\u00fczdeki hafta bir a\u00e7\u0131klama yapaca\u011f\u0131n\u0131 s\u00f6yledi.<\/p>\n<p style=\"text-align: justify;\">Bartholomeos&#8217;un avukat\u0131 ve dan\u0131\u015fman\u0131 Hatemi, &#8220;bir Amerikan televizyon kanal\u0131 muhabirinin may\u0131s ay\u0131nda Bartholomeos ile yapt\u0131\u011f\u0131 r\u00f6portaj\u0131n, bu ay\u0131n 20&#8217;sinden sonra <\/p>\n","protected":false},"author":1,"featured_media":0,"comment_status":"open","ping_status":"closed","sticky":false,"template":"","format":"standard","meta":{"footnotes":""},"categories":[105],"tags":[],"class_list":["post-17143","post","type-post","status-publish","format-standard","hentry","category-gundem","odd"],"_links":{"self":[{"href":"http:\/\/www.korhanyilmaz.com\/index.php?rest_route=\/wp\/v2\/posts\/17143","targetHints":{"allow":["GET"]}}],"collection":[{"href":"http:\/\/www.korhanyilmaz.com\/index.php?rest_route=\/wp\/v2\/posts"}],"about":[{"href":"http:\/\/www.korhanyilmaz.com\/index.php?rest_route=\/wp\/v2\/types\/post"}],"author":[{"embeddable":true,"href":"http:\/\/www.korhanyilmaz.com\/index.php?rest_route=\/wp\/v2\/users\/1"}],"replies":[{"embeddable":true,"href":"http:\/\/www.korhanyilmaz.com\/index.php?rest_route=%2Fwp%2Fv2%2Fcomments&post=17143"}],"version-history":[{"count":0,"href":"http:\/\/www.korhanyilmaz.com\/index.php?rest_route=\/wp\/v2\/posts\/17143\/revisions"}],"wp:attachment":[{"href":"http:\/\/www.korhanyilmaz.com\/index.php?rest_route=%2Fwp%2Fv2%2Fmedia&parent=17143"}],"wp:term":[{"taxonomy":"category","embeddable":true,"href":"http:\/\/www.korhanyilmaz.com\/index.php?rest_route=%2Fwp%2Fv2%2Fcategories&post=17143"},{"taxonomy":"post_tag","embeddable":true,"href":"http:\/\/www.korhanyilmaz.com\/index.php?rest_route=%2Fwp%2Fv2%2Ftags&post=17143"}],"curies":[{"name":"wp","href":"https:\/\/api.w.org\/{rel}","templated":true}]}}