{"id":17125,"date":"2009-12-15T13:29:05","date_gmt":"2009-12-15T11:29:05","guid":{"rendered":"http:\/\/www.korhanyilmaz.com\/?p=17125"},"modified":"2009-12-15T13:29:05","modified_gmt":"2009-12-15T11:29:05","slug":"meclis-baskanligi-azar-yeri-degil","status":"publish","type":"post","link":"http:\/\/www.korhanyilmaz.com\/?p=17125","title":{"rendered":"&quot;Meclis Ba\u015fkanl\u0131\u011f\u0131 azar yeri de\u011fil&quot;"},"content":{"rendered":"<p style=\"text-align: center;\"><a href=\"http:\/\/www.korhanyilmaz.com\/wp-content\/uploads\/2009\/12\/TBMM.jpg\"  class=\"lightview\"><img loading=\"lazy\" decoding=\"async\" class=\"aligncenter size-full wp-image-17126\" src=\"http:\/\/www.korhanyilmaz.com\/wp-content\/uploads\/2009\/12\/TBMM.jpg\" alt=\"\" width=\"306\" height=\"235\" \/><\/a><\/p>\n<p style=\"text-align: justify;\">CHP Mersin Milletvekili \u0130sa G\u00f6k, Ba\u015fbakan Recep Tayyip Erdo\u011fan&#8217;\u0131n d\u00fcn yap\u0131lan b\u00fct\u00e7e g\u00f6r\u00fc\u015fmeleri s\u0131ras\u0131nda TBMM Ba\u015fkan\u0131 Mehmet Ali \u015eahin&#8217;e y\u00f6nelik s\u00f6zlerini ele\u015ftirerek, &#8221;Meclis Ba\u015fkanl\u0131\u011f\u0131&#8217;n\u0131n azar yeri olmad\u0131\u011f\u0131n\u0131&#8221; s\u00f6yledi.<\/p>\n<p style=\"text-align: justify;\">Cumhurba\u015fkanl\u0131\u011f\u0131, TBMM, Radyo ve Televizyon \u00dcst Kurulu (RT\u00dcK), Anayasa Mahkemesi ve Say\u0131\u015ftay\u0131n b\u00fct\u00e7elerinin TBMM Genel Kurulu&#8217;nda g\u00f6r\u00fc\u015f\u00fclmesi s\u0131ras\u0131nda CHP grubu ad\u0131na konu\u015fan G\u00f6k, Erdo\u011fan&#8217;\u0131n konu\u015fmas\u0131n\u0131 &#8221;sald\u0131rganca&#8221; olarak nitelendirdi ve bu konu\u015fmada &#8221;sald\u0131r\u0131 ve a\u00e7\u0131ktan hakaretler&#8221; bulundu\u011funu, &#8221;Meclis&#8217;te konu\u015fma adab\u0131na ayk\u0131r\u0131&#8221; oldu\u011funu \u00f6ne s\u00fcrd\u00fc. <!--more--><\/p>\n<p><a href=\"http:\/\/www.korhanyilmaz.com\/wp-content\/uploads\/2009\/12\/\u0130SAGOK.jpg\"  class=\"lightview\"><img loading=\"lazy\" decoding=\"async\" class=\"size-full wp-image-17127      alignleft\" style=\"margin-left: 15px; margin-right: 15px;\" title=\"CHP Mersin Milletvekili \u0130sa G\u00f6k\" src=\"http:\/\/www.korhanyilmaz.com\/wp-content\/uploads\/2009\/12\/\u0130SAGOK.jpg\" alt=\"\" width=\"206\" height=\"142\" \/><\/a><\/p>\n<p style=\"text-align: justify;\">Erdo\u011fan&#8217;\u0131n TBMM Ba\u015fkan\u0131 Mehmet Ali \u015eahin&#8217;e, &#8221;Siz mi susturacaks\u0131n\u0131z, ben mi susturay\u0131m&#8221; dedi\u011fini an\u0131msatan G\u00f6k, &#8221;Yani ne olacak? D\u00f6vecek misin? Ba\u015fbakan&#8217;\u0131n Meclis Ba\u015fkan\u0131&#8217;n\u0131 azarlamas\u0131 adetten oldu. Ba\u015fbakan, gruplar\u0131 tehdit ediyor. Bir Ba\u015fbakana bu yak\u0131\u015fm\u0131yor. Meclis Ba\u015fkan\u0131 g\u00f6revini yapsa bu rezalet olmaz. Meclis Ba\u015fkan\u0131 m\u00fctemadiyen azarlan\u0131yor. Meclis Ba\u015fkan\u0131 ya istifa etsin ya da i\u00e7t\u00fcz\u00fc\u011fe g\u00f6re g\u00f6revini yaps\u0131n. Meclis Ba\u015fkanl\u0131\u011f\u0131&#8217;n\u0131n onurlu yeri var&#8230; Azar yeri de\u011fildir&#8221; diye konu\u015ftu.<\/p>\n<p style=\"text-align: justify;\"><strong><em>Ha\u015fim K\u0131l\u0131\u00e7&#8217;\u0131 ele\u015ftirdi <\/em><\/strong><\/p>\n<p style=\"text-align: justify;\">\u0130sa G\u00f6k, Anayasa Mahkemesi&#8217;nde baz\u0131 davalar\u0131n bekledi\u011fini, bunlar aras\u0131nda 2006 y\u0131l\u0131nda a\u00e7\u0131lan davalar\u0131n da oldu\u011funu bildirerek, Mahkeme Ba\u015fkan\u0131 Ha\u015fim K\u0131l\u0131\u00e7&#8217;\u0131n tutumunu ele\u015ftirdi.<\/p>\n<p style=\"text-align: justify;\">K\u0131l\u0131\u00e7&#8217;\u0131n baz\u0131 davalar\u0131 g\u00fcndeme almad\u0131\u011f\u0131n\u0131 belirten G\u00f6k, K\u0131l\u0131\u00e7&#8217;\u0131n &#8221;O\u011flunun d\u00fc\u011f\u00fcn\u00fcnde olanaklar\u0131n\u0131 kulland\u0131\u011f\u0131 TRT&#8217;nin Kanunu ile ilgili iptal isteminin mahkeme g\u00fcndemine gelmedi\u011fini&#8221; iddia etti.<\/p>\n<p style=\"text-align: justify;\"><strong><em>&#8220;Ba\u015fbakan tansiyonu y\u00fckseltiyor&#8221; <\/em><\/strong><\/p>\n<p style=\"text-align: justify;\">CHP Trabzon Milletvekili Akif Hamza\u00e7ebi, g\u00f6r\u00fc\u015f\u00fclen b\u00fct\u00e7enin iktidar partisinin 8. b\u00fct\u00e7esi oldu\u011funu, b\u00fcrokrat olarak da ge\u00e7mi\u015fte \u00e7ok b\u00fct\u00e7e izledi\u011fini belirterek, &#8221;G\u00f6rd\u00fc\u011f\u00fcm \u015fudur: B\u00fct\u00e7e g\u00f6r\u00fc\u015fmeleri Say\u0131n Ba\u015fbakan&#8217;\u0131n gergin konu\u015fmalar\u0131na sahne oluyor. Say\u0131n Ba\u015fbakan tansiyonu y\u00fckseltiyor, gerginli\u011fe neden oluyor. Bunun \u00fcz\u00fcnt\u00fcs\u00fcn\u00fc ya\u015f\u0131yorum&#8221; diye konu\u015ftu.<\/p>\n<p style=\"text-align: justify;\">Cumhurba\u015fkan\u0131 se\u00e7imi sisteminin de\u011fi\u015ftirildi\u011fini, ilk se\u00e7imde cumhurba\u015fkan\u0131n\u0131n halk taraf\u0131ndan se\u00e7ilece\u011fini an\u0131msatan Hamza\u00e7ebi, modelin, &#8221;parlamenter sisteme uymayan, hi\u00e7bir \u015feye benzemeyen bir tepki modeli&#8221; oldu\u011funu s\u00f6yledi.<\/p>\n<p style=\"text-align: justify;\"><strong><em>&#8220;\u00d6n\u00fcm\u00fczde hala f\u0131rsat var&#8221; <\/em><\/strong><\/p>\n<p style=\"text-align: justify;\">Hamza\u00e7ebi, &#8221;Cumhurba\u015fkan\u0131 se\u00e7imi konusunda \u00f6n\u00fcm\u00fczde hala f\u0131rsat var. Parlamenter sisteme uygun bir cumhurba\u015fkanl\u0131\u011f\u0131 se\u00e7im modele olu\u015fturulmal\u0131d\u0131r. Cumhurba\u015fkan\u0131, TBMM taraf\u0131ndan se\u00e7ilmelidir. Parlamenter sistemi uygun olan budur&#8221; diye konu\u015ftu.<\/p>\n<p style=\"text-align: justify;\">Cumhurba\u015fkan\u0131 Abdullah G\u00fcl&#8217;\u00fcn kanunlar\u0131n anayasaya uygunlu\u011fu konusundaki denetim yetkisini kullanmad\u0131\u011f\u0131n\u0131, 2007 y\u0131l\u0131ndan bu yana sadece 1-2 yasay\u0131 iade etti\u011fini savunan Hamza\u00e7ebi, &#8221;Cumhurba\u015fkanl\u0131\u011f\u0131 yasalar\u0131n tasdik merci de\u011fildir&#8221; dedi.<\/p>\n<p style=\"text-align: justify;\"><em><strong>G\u00fcl&#8217;\u00fcn rekt\u00f6r atamalar\u0131n\u0131 ele\u015ftirdi <\/strong><\/em><\/p>\n<p style=\"text-align: justify;\">G\u00fcl&#8217;\u00fcn kendisinden \u00f6nceki Cumhurba\u015fkan\u0131 Ahmet Necdet Sezer&#8217;in imzalamad\u0131\u011f\u0131 atama kararnamelerinin hepsini imzalad\u0131\u011f\u0131n\u0131 \u00f6ne s\u00fcren Hamza\u00e7ebi, G\u00fcl&#8217;\u00fcn rekt\u00f6r atamalar\u0131n\u0131 da ele\u015ftirdi, en az oyu alan bir ki\u015fiyi rekt\u00f6r olarak atad\u0131\u011f\u0131n\u0131 kaydetti. Hamza\u00e7ebi, &#8221;Sistem alt\u00fcst edilmi\u015ftir. Tarafgir davran\u0131lmaktad\u0131r. Say\u0131n Cumhurba\u015fkan\u0131n\u0131n bu tavr\u0131 demokrasiye darbe vurmaktad\u0131r&#8221; diye konu\u015ftu.<\/p>\n<p style=\"text-align: justify;\">CHP Mersin Milletvekli Ali R\u0131za \u00d6zt\u00fcrk ise Say\u0131\u015ftay&#8217;a \u00fcye se\u00e7imi konusunda ele\u015ftirilerde bulundu. &#8221;AKP iktidar\u0131n\u0131n en \u00e7ok denetimden korktu\u011funu, bu nedenle kendisini denetleyecek kurumu bask\u0131 alt\u0131na ald\u0131\u011f\u0131n\u0131&#8221; savunan \u00d6zt\u00fcrk, &#8221;Say\u0131\u015ftay, denetleyen de\u011fil iktidar taraf\u0131ndan denetlenen bir kurum haline gelmi\u015ftir. Say\u0131\u015ftay h\u00fck\u00fcmetin emir ve talimat\u0131 alt\u0131na girmi\u015ftir&#8221; dedi.<\/p>\n<p style=\"text-align: justify;\"><strong><em>RT\u00dcK <\/em><\/strong><\/p>\n<p style=\"text-align: justify;\">CHP Ankara Milletvekili Nesrin Baytok da RT\u00dcK&#8217;\u00fcn \u00f6nceki ba\u015fkan\u0131 Zahid Akman ve mevcut ba\u015fkan\u0131 Davut Dursun&#8217;u ele\u015ftirdi. RT\u00dcK&#8217;\u00fcn &#8221;baz\u0131 televizyon kanallar\u0131n\u0131 \u00f6zel olarak korudu\u011funu&#8221; iddia eden Baytok, &#8221;RT\u00dcK y\u00f6netimleri s\u0131rt\u0131n\u0131 kime day\u0131yor? Elbette say\u0131n Ba\u015fbakana&#8221; diye konu\u015ftu.<\/p>\n<p style=\"text-align: justify;\">Ba\u015fbakan Erdo\u011fan&#8217;\u0131n medyaya tavr\u0131n\u0131 da ele\u015ftiren Baytok, Erdo\u011fan&#8217;\u0131n medyay\u0131 kontrol etti\u011fini, baz\u0131 gruplar\u0131 defalarca tehdit etti\u011fini iddia etti. Baytok, &#8221;\u00dclkemiz de RT\u00dcK de iyi y\u00f6netilmiyor&#8221; dedi.<\/p>\n<p style=\"text-align: justify;\"><span style=\"color: #888888;\">CNN T\u00dcRK<\/span><\/p>\n","protected":false},"excerpt":{"rendered":"<p style=\"text-align: center;\">\n<p style=\"text-align: justify;\">CHP Mersin Milletvekili \u0130sa G\u00f6k, Ba\u015fbakan Recep Tayyip Erdo\u011fan&#8217;\u0131n d\u00fcn yap\u0131lan b\u00fct\u00e7e g\u00f6r\u00fc\u015fmeleri s\u0131ras\u0131nda TBMM Ba\u015fkan\u0131 Mehmet Ali \u015eahin&#8217;e y\u00f6nelik s\u00f6zlerini ele\u015ftirerek, &#8221;Meclis Ba\u015fkanl\u0131\u011f\u0131&#8217;n\u0131n azar yeri olmad\u0131\u011f\u0131n\u0131&#8221; s\u00f6yledi.<\/p>\n<p style=\"text-align: justify;\">Cumhurba\u015fkanl\u0131\u011f\u0131, TBMM, Radyo ve Televizyon \u00dcst Kurulu (RT\u00dcK), Anayasa Mahkemesi ve Say\u0131\u015ftay\u0131n b\u00fct\u00e7elerinin TBMM Genel Kurulu&#8217;nda g\u00f6r\u00fc\u015f\u00fclmesi s\u0131ras\u0131nda CHP grubu <\/p>\n","protected":false},"author":1,"featured_media":0,"comment_status":"open","ping_status":"closed","sticky":false,"template":"","format":"standard","meta":{"footnotes":""},"categories":[105],"tags":[],"class_list":["post-17125","post","type-post","status-publish","format-standard","hentry","category-gundem","odd"],"_links":{"self":[{"href":"http:\/\/www.korhanyilmaz.com\/index.php?rest_route=\/wp\/v2\/posts\/17125","targetHints":{"allow":["GET"]}}],"collection":[{"href":"http:\/\/www.korhanyilmaz.com\/index.php?rest_route=\/wp\/v2\/posts"}],"about":[{"href":"http:\/\/www.korhanyilmaz.com\/index.php?rest_route=\/wp\/v2\/types\/post"}],"author":[{"embeddable":true,"href":"http:\/\/www.korhanyilmaz.com\/index.php?rest_route=\/wp\/v2\/users\/1"}],"replies":[{"embeddable":true,"href":"http:\/\/www.korhanyilmaz.com\/index.php?rest_route=%2Fwp%2Fv2%2Fcomments&post=17125"}],"version-history":[{"count":0,"href":"http:\/\/www.korhanyilmaz.com\/index.php?rest_route=\/wp\/v2\/posts\/17125\/revisions"}],"wp:attachment":[{"href":"http:\/\/www.korhanyilmaz.com\/index.php?rest_route=%2Fwp%2Fv2%2Fmedia&parent=17125"}],"wp:term":[{"taxonomy":"category","embeddable":true,"href":"http:\/\/www.korhanyilmaz.com\/index.php?rest_route=%2Fwp%2Fv2%2Fcategories&post=17125"},{"taxonomy":"post_tag","embeddable":true,"href":"http:\/\/www.korhanyilmaz.com\/index.php?rest_route=%2Fwp%2Fv2%2Ftags&post=17125"}],"curies":[{"name":"wp","href":"https:\/\/api.w.org\/{rel}","templated":true}]}}