{"id":17121,"date":"2009-12-15T14:54:34","date_gmt":"2009-12-15T12:54:34","guid":{"rendered":"http:\/\/www.korhanyilmaz.com\/?p=17121"},"modified":"2009-12-15T14:54:34","modified_gmt":"2009-12-15T12:54:34","slug":"mus-karisti-esnaftan-gostericilere-ates-2-olu","status":"publish","type":"post","link":"http:\/\/www.korhanyilmaz.com\/?p=17121","title":{"rendered":"Mu\u015f kar\u0131\u015ft\u0131&#8230; Esnaftan g\u00f6stericilere ate\u015f&#8230; 2 \u00f6l\u00fc"},"content":{"rendered":"<p style=\"text-align: center;\"><a href=\"http:\/\/www.korhanyilmaz.com\/wp-content\/uploads\/2009\/12\/gosteri.jpg\"  class=\"lightview\"><img loading=\"lazy\" decoding=\"async\" class=\"aligncenter size-full wp-image-17122\" src=\"http:\/\/www.korhanyilmaz.com\/wp-content\/uploads\/2009\/12\/gosteri.jpg\" alt=\"\" width=\"307\" height=\"217\" \/><\/a><\/p>\n<p style=\"text-align: justify;\">Mu\u015f&#8217;un Bulan\u0131k il\u00e7esinde DTP&#8217;nin kapat\u0131lmas\u0131n\u0131 bahane ederek izinsiz g\u00f6steri yapanlara esnaf ate\u015f a\u00e7t\u0131. Olaylarda 2 ki\u015fi \u00f6ld\u00fc, 7 ki\u015fi yaraland\u0131. Esnaf\u0131n, i\u015fyerinin camlar\u0131n\u0131n g\u00f6stericiler taraf\u0131ndan k\u0131r\u0131lmas\u0131 ve otomobilinin yak\u0131lmas\u0131 \u00fczerine g\u00f6stericilere ate\u015f etti\u011fi belirtiliyor.<\/p>\n<p style=\"text-align: justify;\">G\u00f6stericilere ate\u015f etti\u011fi iddias\u0131yla T.B isimli esnaf yakalanarak g\u00f6zalt\u0131na al\u0131nd\u0131. <!--more--><\/p>\n<p style=\"text-align: justify;\">\u0130l\u00e7ede izinsiz g\u00f6steri yapan grup, il\u00e7e merkezinde yap\u0131lan bas\u0131n a\u00e7\u0131klamas\u0131n\u0131n ard\u0131ndan, 700. Y\u0131l Caddesi&#8217;ne do\u011fru y\u00fcr\u00fcy\u00fc\u015fe ge\u00e7ti. Kalabal\u0131k, daha sonra cadde \u00fczerinde bulunan baz\u0131 i\u015fyerlerine ve bir bankaya ta\u015flarla sald\u0131rd\u0131.<\/p>\n<p style=\"text-align: justify;\">Emniyet g\u00fc\u00e7leri s\u00f6z konusu ki\u015fileri da\u011f\u0131lmalar\u0131 konusunda uyard\u0131, ancak protestolar s\u00fcr\u00fcyor.<\/p>\n<p style=\"text-align: justify;\">Olaylarda &#8220;Kemal Kayacan&#8221; ile &#8220;Nejmi Oral&#8221; isimli vatanda\u015flar a\u00e7\u0131lan ate\u015f sonucu hayat\u0131n\u0131 kaybetti.<\/p>\n<p style=\"text-align: justify;\"><strong><em>Silahlar ilk kez \u0130stanbul&#8217;da \u00e7ekildi <\/em><\/strong><\/p>\n<p style=\"text-align: justify;\">\u0130stanbul&#8217;da \u00f6nceki g\u00fcn de DTP&#8217;nin kapat\u0131lmas\u0131n\u0131 protesto eden eylemcilere 3 ki\u015fi silah \u00e7ekmi\u015fti. G\u00f6zalt\u0131na al\u0131n\u0131p serbest b\u0131rak\u0131lan bu ki\u015filer, emniyetteki sorgular\u0131nda, &#8220;kendilerini korumak i\u00e7in ate\u015f ettiklerini&#8221; s\u00f6ylemi\u015fti. El konulan silahlar\u0131n kurus\u0131k\u0131 oldu\u011fu ortaya \u00e7\u0131km\u0131\u015ft\u0131.<\/p>\n<p style=\"text-align: justify;\"><span style=\"color: #888888;\">CNN T\u00dcRK<\/span><\/p>\n","protected":false},"excerpt":{"rendered":"<p style=\"text-align: center;\">\n<p style=\"text-align: justify;\">Mu\u015f&#8217;un Bulan\u0131k il\u00e7esinde DTP&#8217;nin kapat\u0131lmas\u0131n\u0131 bahane ederek izinsiz g\u00f6steri yapanlara esnaf ate\u015f a\u00e7t\u0131. Olaylarda 2 ki\u015fi \u00f6ld\u00fc, 7 ki\u015fi yaraland\u0131. Esnaf\u0131n, i\u015fyerinin camlar\u0131n\u0131n g\u00f6stericiler taraf\u0131ndan k\u0131r\u0131lmas\u0131 ve otomobilinin yak\u0131lmas\u0131 \u00fczerine g\u00f6stericilere ate\u015f etti\u011fi belirtiliyor.<\/p>\n<p style=\"text-align: justify;\">G\u00f6stericilere ate\u015f etti\u011fi iddias\u0131yla T.B isimli esnaf yakalanarak g\u00f6zalt\u0131na al\u0131nd\u0131. <\/p>\n","protected":false},"author":1,"featured_media":0,"comment_status":"open","ping_status":"closed","sticky":false,"template":"","format":"standard","meta":{"footnotes":""},"categories":[105],"tags":[],"class_list":["post-17121","post","type-post","status-publish","format-standard","hentry","category-gundem","odd"],"_links":{"self":[{"href":"http:\/\/www.korhanyilmaz.com\/index.php?rest_route=\/wp\/v2\/posts\/17121","targetHints":{"allow":["GET"]}}],"collection":[{"href":"http:\/\/www.korhanyilmaz.com\/index.php?rest_route=\/wp\/v2\/posts"}],"about":[{"href":"http:\/\/www.korhanyilmaz.com\/index.php?rest_route=\/wp\/v2\/types\/post"}],"author":[{"embeddable":true,"href":"http:\/\/www.korhanyilmaz.com\/index.php?rest_route=\/wp\/v2\/users\/1"}],"replies":[{"embeddable":true,"href":"http:\/\/www.korhanyilmaz.com\/index.php?rest_route=%2Fwp%2Fv2%2Fcomments&post=17121"}],"version-history":[{"count":0,"href":"http:\/\/www.korhanyilmaz.com\/index.php?rest_route=\/wp\/v2\/posts\/17121\/revisions"}],"wp:attachment":[{"href":"http:\/\/www.korhanyilmaz.com\/index.php?rest_route=%2Fwp%2Fv2%2Fmedia&parent=17121"}],"wp:term":[{"taxonomy":"category","embeddable":true,"href":"http:\/\/www.korhanyilmaz.com\/index.php?rest_route=%2Fwp%2Fv2%2Fcategories&post=17121"},{"taxonomy":"post_tag","embeddable":true,"href":"http:\/\/www.korhanyilmaz.com\/index.php?rest_route=%2Fwp%2Fv2%2Ftags&post=17121"}],"curies":[{"name":"wp","href":"https:\/\/api.w.org\/{rel}","templated":true}]}}