{"id":17116,"date":"2009-12-13T17:43:31","date_gmt":"2009-12-13T15:43:31","guid":{"rendered":"http:\/\/www.korhanyilmaz.com\/?p=17116"},"modified":"2009-12-13T17:43:31","modified_gmt":"2009-12-13T15:43:31","slug":"olum-madenine-6-ay-kapatma-karari","status":"publish","type":"post","link":"http:\/\/www.korhanyilmaz.com\/?p=17116","title":{"rendered":"\u00d6l\u00fcm madenine 6 ay kapatma karar\u0131"},"content":{"rendered":"<p style=\"text-align: center;\"><a href=\"http:\/\/www.korhanyilmaz.com\/wp-content\/uploads\/2009\/12\/MADEN.jpg\"  class=\"lightview\"><img loading=\"lazy\" decoding=\"async\" class=\"aligncenter size-full wp-image-17117\" src=\"http:\/\/www.korhanyilmaz.com\/wp-content\/uploads\/2009\/12\/MADEN.jpg\" alt=\"\" width=\"307\" height=\"236\" \/><\/a><\/p>\n<p style=\"text-align: justify;\">Enerji ve Tabii Kaynaklar Bakan\u0131 Taner Y\u0131ld\u0131z, Bursa&#8217;n\u0131n Mustafakemalpa\u015fa il\u00e7esindeki maden oca\u011f\u0131nda meydana gelen g\u00f6\u00e7\u00fckle ilgili olarak, &#8220;Yapt\u0131\u011f\u0131m\u0131z \u00e7al\u0131\u015fmada burada madencilik faaliyetinin 6 ay durdurulmas\u0131na, faaliyetinin, \u00fcretiminin tamamen durdurulmas\u0131na karar verdik&#8221; dedi.<\/p>\n<p style=\"text-align: justify;\">Y\u0131ld\u0131z, AA muhabirine yapt\u0131\u011f\u0131 a\u00e7\u0131klamada, bir denetim mekanizmas\u0131 olu\u015fturduklar\u0131n\u0131 belirtti. <!--more--><\/p>\n<p style=\"text-align: justify;\">Bu sabah cesetlerin \u00e7\u0131kar\u0131lmas\u0131ndan hemen sonra yakla\u015f\u0131k 14 ki\u015filik \u00f6zel denetim heyetinin tekrar maden sahas\u0131na indi\u011fini ifade eden Y\u0131ld\u0131z, &#8220;Orada yapt\u0131\u011f\u0131 denetimler sonucunda da bir karara vard\u0131. Burada say\u0131n savc\u0131l\u0131\u011f\u0131m\u0131z\u0131n y\u00fcr\u00fctt\u00fc\u011f\u00fc adli soru\u015fturmay\u0131 haricen s\u00f6yl\u00fcyorum ve SSK m\u00fcfetti\u015flerinin yapt\u0131\u011f\u0131 tefti\u015fi ayr\u0131ca belirtiyorum. Yaln\u0131zca Enerji ve Tabii Kaynaklar Bakanl\u0131\u011f\u0131&#8217;na ba\u011fl\u0131 MTA, TTK, Maden \u0130\u015fleri Genel M\u00fcd\u00fcrl\u00fc\u011f\u00fc, Soma, Tun\u00e7bilek, Dursunbey gibi i\u015fletmelerin hemen hemen hepsinden ald\u0131\u011f\u0131m\u0131z elamanlarla beraber \u00e7al\u0131\u015fma yapt\u0131k. Yapt\u0131\u011f\u0131m\u0131z \u00e7al\u0131\u015fmada, burada madencilik faaliyetinin 6 ay durdurulmas\u0131na, faaliyetinin \u00fcretiminin tamamen durdurulmas\u0131na karar verdik&#8221; dedi.<\/p>\n<p style=\"text-align: justify;\">Y\u0131ld\u0131z, bu karar\u0131 hemen Bursa Valili\u011fi&#8217;ne bildireceklerini dile getirerek, &#8220;Valili\u011fimize tebligat\u0131 yapt\u0131ktan sonra burada \u00f6nlemler al\u0131nacak. Eksiklerin giderilmesi i\u00e7in \u00f6zel sekt\u00f6r \u00e7al\u0131\u015facak. \u00d6zel sekt\u00f6r bu eksikleri tamamlamazsa orada madencilik faaliyeti yap\u0131lmayacak demektir&#8221; diye konu\u015ftu.<\/p>\n<p style=\"text-align: justify;\">Bakan Y\u0131ld\u0131z, g\u00f6revli ekiplerin maden oca\u011f\u0131ndaki \u00e7al\u0131\u015fmalar\u0131n\u0131 ara vermeden s\u00fcrd\u00fcrd\u00fc\u011f\u00fcn\u00fc s\u00f6yledi.<\/p>\n<p style=\"text-align: justify;\">B\u00f6lgedeki ekiplerin gerekli \u00e7al\u0131\u015fmalar\u0131 yapt\u0131klar\u0131n\u0131 belirten Y\u0131ld\u0131z, &#8220;Yap\u0131lan tespitlerde orada \u015fu anda \u00fcretimin bu \u015fartlarda yap\u0131lamayaca\u011f\u0131 kanaatine var\u0131ld\u0131. Mutlaka onlar\u0131n telafi edilmesi laz\u0131m. Dedi\u011fim gibi adli soru\u015fturmay\u0131 da hari\u00e7 tutarak s\u00f6yl\u00fcyorum. O a\u00e7\u0131dan biz ba\u015f\u0131ndan beri s\u00f6yledi\u011fimiz gibi, e\u011fer burada her hangi bir ihmal, herhangi bir kusur, herhangi bir eksiklik ve su\u00e7 varsa bu da mutlaka kar\u015f\u0131l\u0131ks\u0131z kalmayacak. O a\u00e7\u0131dan \u015fu anda bu \u015fartlarda \u00fcretim faaliyetine devam edilemeyece\u011fi kanaatine var\u0131ld\u0131\u011f\u0131 i\u00e7in \u00fcretimi durduruyoruz&#8221; dedi.<\/p>\n<p style=\"text-align: justify;\"><strong><em>Ev ziyareti <\/em><\/strong><\/p>\n<p style=\"text-align: justify;\">Bakan Y\u0131ld\u0131z, g\u00f6\u00e7\u00fckte hayat\u0131n\u0131 kaybeden i\u015f\u00e7ilerden Yusuf Karaca&#8217;n\u0131n il\u00e7eye ba\u011fl\u0131 Yal\u0131nta\u015f beldesindeki evine gitti.<\/p>\n<p style=\"text-align: justify;\">AK Parti Bursa Milletvekili Ali Koyuncu ve AK Parti Bursa \u0130l Ba\u015fkan\u0131 Nagip Vardar ile birlikte aileye ba\u015fsa\u011fl\u0131\u011f\u0131 dile\u011finde bulunan Bakan Y\u0131ld\u0131z, daha sonra cenaze namaz\u0131n\u0131n k\u0131l\u0131naca\u011f\u0131 Yeni Mahalle Camisi&#8217;ne ge\u00e7ti.<\/p>\n<p style=\"text-align: justify;\">Cami giri\u015finde gazetecilere a\u00e7\u0131klama yapan Bakan Y\u0131ld\u0131z, 3 g\u00fcn \u00f6nce \u00f6zel bir \u015firkete ait maden oca\u011f\u0131nda meydana gelen patlamada, 19 i\u015f\u00e7inin hayat\u0131n\u0131 kaybetti\u011fini hat\u0131rlatt\u0131.<\/p>\n<p style=\"text-align: justify;\">Cesetlere ula\u015fmayla ilgili \u00e7al\u0131\u015fman\u0131n gece saat 3.5-4 itibariyle tamamland\u0131\u011f\u0131n\u0131 belirten Y\u0131ld\u0131z, cesetlerin adli t\u0131p kurumunda incelemeye tabi tutuldu\u011funu ve cenazelerin bug\u00fcn defnedilece\u011fini kaydetti.<\/p>\n<p style=\"text-align: justify;\">Y\u0131ld\u0131z, i\u015f\u00e7ilere ait cesetlerin \u00e7\u0131kar\u0131lmas\u0131ndan sonra, sabah dokuz itibariyle Maden \u0130\u015fleri Genel M\u00fcd\u00fcrl\u00fc\u011f\u00fc, SGK m\u00fcfetti\u015fleri, Maden Tetkik ve Arama Genel M\u00fcd\u00fcrl\u00fc\u011f\u00fc (MTA), T\u00fcrkiye Ta\u015fk\u00f6m\u00fcr\u00fc Kurumu, Soma Linyitleri \u0130\u015fletmesi, Dursunbey ve Tun\u00e7bilek&#8217;ten gelen yetkililerden olu\u015fan heyetin tefti\u015f a\u00e7\u0131s\u0131ndan b\u00f6lgenin foto\u011fraf\u0131n\u0131 \u00e7ekmek i\u00e7in incelemelere ba\u015flad\u0131klar\u0131n\u0131 s\u00f6yledi.<\/p>\n<p style=\"text-align: justify;\"><strong><em>&#8220;\u0130hmali olan bedelini \u00f6deyecek&#8221; <\/em><\/strong><\/p>\n<p style=\"text-align: justify;\">\u00c7al\u0131\u015fmalar\u0131n hala devam etti\u011fini belirten Y\u0131ld\u0131z, &#8220;Tekrar s\u00f6yl\u00fcyorum ihmali, kusuru, su\u00e7u olan kim varsa bunun bedelini \u00f6deyecek. &#8216;B\u0131rak\u0131n 19 tane can\u0131, bir can\u0131 biz hi\u00e7 bir \u015feyle de\u011fi\u015fmeyiz&#8217; diye \u00f6nceden de s\u00f6ylemi\u015ftim. O a\u00e7\u0131dan kusur, ihmal olan ne varsa kesinlikle tespit edilecek. Bu \u00e7al\u0131\u015fmalar, bug\u00fcn nihayetlenir mi yoksa yar\u0131n da devam eder mi, buna \u00e7\u0131kan rapora g\u00f6re karar verece\u011fiz. \u0130kinci bir husus, \u00d6mer Din\u00e7er bakan\u0131m\u0131z da buradayd\u0131 biliyorsunuz. Onunla tekrar g\u00f6r\u00fc\u015ft\u00fcm. Kendisinin giri\u015fimleriyle Ba\u015fbakanl\u0131k Acil Fonu&#8217;ndan bir tazminat niteli\u011fi ta\u015f\u0131mamak kayd\u0131yla yaln\u0131zca acil i\u015fler i\u00e7in ailelerimize 5 bin TL verilecek. \u00c7al\u0131\u015fma ve Sosyal G\u00fcvenlik Bakan\u0131m\u0131z \u00d6mer Din\u00e7er b\u00fct\u00fcn vefat eden i\u015f\u00e7ilerin ailelerine, herhangi bir ayr\u0131m, istisna g\u00f6zetmeksizin 5&#8217;er bin TL verilece\u011fini s\u00f6yledi&#8221; dedi.<\/p>\n<p style=\"text-align: justify;\">Bakan Y\u0131ld\u0131z, bir gazetecinin &#8220;Biz i\u015fletme sahipleriyle g\u00f6r\u00fc\u015femiyoruz. Siz g\u00f6r\u00fc\u015ft\u00fcn\u00fcz m\u00fc? Onlar ne diyorlar&#8221; sorusu \u00fczerine &#8220;\u015eu anda onlar\u0131n ne dedi\u011fi \u00f6nemli de\u011fil. Bizim ne dedi\u011fimiz \u00f6nemli&#8221; kar\u015f\u0131l\u0131\u011f\u0131n\u0131 verdi.<\/p>\n<p style=\"text-align: justify;\">&#8220;Savunmalar\u0131 var m\u0131?&#8221; sorusunu ise Y\u0131ld\u0131z, &#8220;Tabii ki kendileriyle bizim makamlar\u0131m\u0131z g\u00f6r\u00fc\u015f\u00fcyorlar, g\u00f6r\u00fc\u015fecekler. Ama \u015fu anda bizim yapaca\u011f\u0131m\u0131z tespitler \u00f6nemli. Maden oca\u011f\u0131 \u015fu anda bizim kontrol\u00fcm\u00fcz alt\u0131ndad\u0131r. Oraya giri\u015f ve \u00e7\u0131k\u0131\u015flar da bizim kontrol\u00fcm\u00fczde olacakt\u0131r. O a\u00e7\u0131dan oras\u0131 \u00e7al\u0131\u015fabilir hale gelir mi gelmez mi buna rapordan sonra karar verece\u011fiz. Ama aynen size s\u00f6z verdi\u011fim gibi, i\u015f\u00e7ilerin cesetleri \u00e7\u0131kar\u0131ld\u0131ktan yakla\u015f\u0131k 3-4 saat sonra di\u011fer heyetimiz maden oca\u011f\u0131na girmi\u015f durumdad\u0131r. \u0130\u015fin \u00fczerinde oldu\u011fumuzu bilmenizi isterim&#8221; dedi.<\/p>\n<p style=\"text-align: justify;\">Bakan Y\u0131ld\u0131z, &#8220;Sabah Cumhuriyet Savc\u0131s\u0131 maden oca\u011f\u0131nda incelemelerde bulunuyordu. Adli y\u00f6nden soru\u015fturma ne durumda&#8221; sorusuna ise adli soru\u015fturman\u0131n devam etti\u011fi \u015feklinde yan\u0131t verdi.<\/p>\n<p style=\"text-align: justify;\">Cumhuriyet Savc\u0131s\u0131&#8217;n\u0131n \u00e7al\u0131\u015fmay\u0131 s\u00fcrd\u00fcrd\u00fc\u011f\u00fcn\u00fc belirten Y\u0131ld\u0131z, &#8220;Bildi\u011finiz gibi metan gaz\u0131yla ilgili bir s\u0131z\u0131nt\u0131 zaman zaman y\u00fckseliyor ve o oran y\u00fckseldik\u00e7e bizim yine o teknik heyetimizin refakatinde bu heyetler \u00e7al\u0131\u015fmak zorunda. Di\u011fer bir s\u0131k\u0131nt\u0131, ikinci bir kazaya yol a\u00e7mamak a\u00e7\u0131s\u0131ndan da bu konuda itinal\u0131 ve dikkatli davran\u0131yoruz&#8221; diye konu\u015ftu.<\/p>\n<p style=\"text-align: justify;\"><span style=\"color: #888888;\">CNN T\u00dcRK<\/span><\/p>\n","protected":false},"excerpt":{"rendered":"<p style=\"text-align: center;\">\n<p style=\"text-align: justify;\">Enerji ve Tabii Kaynaklar Bakan\u0131 Taner Y\u0131ld\u0131z, Bursa&#8217;n\u0131n Mustafakemalpa\u015fa il\u00e7esindeki maden oca\u011f\u0131nda meydana gelen g\u00f6\u00e7\u00fckle ilgili olarak, &#8220;Yapt\u0131\u011f\u0131m\u0131z \u00e7al\u0131\u015fmada burada madencilik faaliyetinin 6 ay durdurulmas\u0131na, faaliyetinin, \u00fcretiminin tamamen durdurulmas\u0131na karar verdik&#8221; dedi.<\/p>\n<p style=\"text-align: justify;\">Y\u0131ld\u0131z, AA muhabirine yapt\u0131\u011f\u0131 a\u00e7\u0131klamada, bir denetim mekanizmas\u0131 olu\u015fturduklar\u0131n\u0131 belirtti. <\/p>\n","protected":false},"author":1,"featured_media":0,"comment_status":"open","ping_status":"closed","sticky":false,"template":"","format":"standard","meta":{"footnotes":""},"categories":[105],"tags":[],"class_list":["post-17116","post","type-post","status-publish","format-standard","hentry","category-gundem","odd"],"_links":{"self":[{"href":"http:\/\/www.korhanyilmaz.com\/index.php?rest_route=\/wp\/v2\/posts\/17116","targetHints":{"allow":["GET"]}}],"collection":[{"href":"http:\/\/www.korhanyilmaz.com\/index.php?rest_route=\/wp\/v2\/posts"}],"about":[{"href":"http:\/\/www.korhanyilmaz.com\/index.php?rest_route=\/wp\/v2\/types\/post"}],"author":[{"embeddable":true,"href":"http:\/\/www.korhanyilmaz.com\/index.php?rest_route=\/wp\/v2\/users\/1"}],"replies":[{"embeddable":true,"href":"http:\/\/www.korhanyilmaz.com\/index.php?rest_route=%2Fwp%2Fv2%2Fcomments&post=17116"}],"version-history":[{"count":0,"href":"http:\/\/www.korhanyilmaz.com\/index.php?rest_route=\/wp\/v2\/posts\/17116\/revisions"}],"wp:attachment":[{"href":"http:\/\/www.korhanyilmaz.com\/index.php?rest_route=%2Fwp%2Fv2%2Fmedia&parent=17116"}],"wp:term":[{"taxonomy":"category","embeddable":true,"href":"http:\/\/www.korhanyilmaz.com\/index.php?rest_route=%2Fwp%2Fv2%2Fcategories&post=17116"},{"taxonomy":"post_tag","embeddable":true,"href":"http:\/\/www.korhanyilmaz.com\/index.php?rest_route=%2Fwp%2Fv2%2Ftags&post=17116"}],"curies":[{"name":"wp","href":"https:\/\/api.w.org\/{rel}","templated":true}]}}