{"id":17113,"date":"2009-12-13T18:38:23","date_gmt":"2009-12-13T16:38:23","guid":{"rendered":"http:\/\/www.korhanyilmaz.com\/?p=17113"},"modified":"2009-12-13T18:38:23","modified_gmt":"2009-12-13T16:38:23","slug":"dtp-sine-i-millette-kararli","status":"publish","type":"post","link":"http:\/\/www.korhanyilmaz.com\/?p=17113","title":{"rendered":"DTP &quot;sine-i millet&quot;te kararl\u0131"},"content":{"rendered":"<p style=\"text-align: center;\"><a href=\"http:\/\/www.korhanyilmaz.com\/wp-content\/uploads\/2009\/12\/DTP4.jpg\"  class=\"lightview\"><img loading=\"lazy\" decoding=\"async\" class=\"aligncenter size-full wp-image-17114\" src=\"http:\/\/www.korhanyilmaz.com\/wp-content\/uploads\/2009\/12\/DTP4.jpg\" alt=\"\" width=\"307\" height=\"236\" \/><\/a><\/p>\n<p style=\"text-align: justify;\">DTP&#8217;nin &#8220;sine-i millet&#8221; karar\u0131nda herhangi bir de\u011fi\u015fiklik yok. Partiden yap\u0131lan yaz\u0131l\u0131 a\u00e7\u0131klamada, &#8220;Grubumuz fiilen Meclis&#8217;ten \u00e7ekilmi\u015ftir ve yar\u0131n Ahmet T\u00fcrk ve Aysel Tu\u011fluk ba\u015fta olmak \u00fczere t\u00fcm milletvekillerimiz Diyarbak\u0131r&#8217;a giderek al\u0131nan sine-i millet karar\u0131n\u0131 fiili olarak yerine getireceklerdir&#8221; denildi. DTP, kapatma karar\u0131n\u0131n Resmi Gazete&#8217;de yay\u0131mlanmas\u0131ndan sonra A\u0130HM&#8217;e ba\u015fvuracak. <!--more--><\/p>\n<p style=\"text-align: justify;\">A\u00e7\u0131klamada, 7 Aral\u0131k&#8217;ta milletvekillerinin istifa dilek\u00e7elerini e\u015fba\u015fkanlara verdi\u011fi hat\u0131rlat\u0131ld\u0131; yeni bir de\u011ferlendirmenin s\u00f6z konusu olmad\u0131\u011f\u0131 vurguland\u0131.<\/p>\n<p style=\"text-align: justify;\">A\u00e7\u0131klamada, Ufuk Uras&#8217;\u0131n kat\u0131l\u0131m\u0131 ile yeni bir parti grubu kurulmas\u0131n\u0131 sa\u011flayabilece\u011fi yorumlar\u0131na da yan\u0131t verildi; &#8220;Bu ve benzeri tart\u0131\u015fmalar partimizin g\u00fcndeminde de\u011fildir. Tamamen d\u0131\u015f\u0131m\u0131zda ger\u00e7ekle\u015fmektedir&#8221; denildi.<\/p>\n<p style=\"text-align: justify;\">Diyarbak\u0131r&#8217;da yar\u0131n toplanacak olan &#8220;Demokratik Toplum Kongresi&#8221;nde istifa karar\u0131n\u0131n nas\u0131l ve ne zaman uygulanaca\u011f\u0131na dair bir sonuca var\u0131laca\u011f\u0131 da duyuruldu.<\/p>\n<p style=\"text-align: justify;\">A\u00e7\u0131klamada &#8220;S\u00fcre\u00e7 fiili olarak ba\u015flam\u0131\u015ft\u0131r ve kararl\u0131l\u0131kla s\u00fcrd\u00fcr\u00fclecektir&#8221; denildi.<\/p>\n<p style=\"text-align: justify;\"><strong><em>&#8220;A\u0130HM&#8217;e ba\u015fvuraca\u011f\u0131z&#8221; <\/em><\/strong><\/p>\n<p style=\"text-align: justify;\">Ahmet T\u00fcrk, Parti Genel Merkezinden ayr\u0131l\u0131rken gazetecilerin bundan sonraki s\u00fcrece ili\u015fkin sorular\u0131n\u0131 yan\u0131tlad\u0131.<\/p>\n<p style=\"text-align: justify;\">T\u00fcrk, bu konularda daha \u00f6nce a\u00e7\u0131klamalar yapt\u0131\u011f\u0131n\u0131, bunlar\u0131n d\u0131\u015f\u0131nda yeni yorum yapmak istemedi\u011fini s\u00f6yledi.<\/p>\n<p style=\"text-align: justify;\">Ahmet T\u00fcrk, &#8220;Sineyi millete gidilmesi ve milletvekillerinin istifalar\u0131&#8221; ile ilgili sorular \u00fczerine, &#8220;Benim milletvekilli\u011fim d\u00fc\u015f\u00fcr\u00fcld\u00fc\u011f\u00fc i\u00e7in arkada\u015flar\u0131m kararlar\u0131n\u0131 verir. Karar ortakt\u0131r&#8221; dedi.<\/p>\n<p style=\"text-align: justify;\">Anayasa Mahkemesi&#8217;nin kapatma karar\u0131yla ilgili A\u0130HM&#8217;e ne zaman ba\u015fvuru yapacaklar\u0131n\u0131n sorulmas\u0131na kar\u015f\u0131l\u0131k da T\u00fcrk, &#8220;Anayasa Mahkemesi&#8217;nin gerek\u00e7eli karar\u0131 Resmi Gazete&#8217;de yay\u0131mland\u0131ktan sonra A\u0130HM&#8217;e ba\u015fvuruyla ilgili gereken \u00e7al\u0131\u015fmalar yap\u0131lacak&#8221; diye konu\u015ftu.<\/p>\n<p style=\"text-align: justify;\">Bu arada, Ahmet T\u00fcrk&#8217;\u00fcn yar\u0131n sabah, kapat\u0131lan DTP&#8217;nin eski Genel Ba\u015fkan Yard\u0131mc\u0131s\u0131 Emine Ayna&#8217;n\u0131n ise bug\u00fcn ak\u015fam &#8220;Demokratik Toplum Kongresinin Daimi Meclis Toplant\u0131s\u0131na&#8221; kat\u0131lmak \u00fczere Diyarbak\u0131r&#8217;a gidecekleri \u00f6\u011frenildi.<\/p>\n<p style=\"text-align: justify;\"><strong><em>Emine Ayna: &#8220;Geri ad\u0131m atm\u0131\u015f de\u011filiz&#8221; <\/em><\/strong><\/p>\n<p style=\"text-align: justify;\">Partiye geli\u015finde gazetecilerin sorular\u0131n\u0131 yan\u0131tlayan kapat\u0131lan DTP&#8217;nin Genel Ba\u015fkan Yard\u0131mc\u0131s\u0131 Emine Ayna, TBMM&#8217;de \u00e7al\u0131\u015fmalara kat\u0131l\u0131p kat\u0131lmayacaklar\u0131n\u0131n sorulmas\u0131 \u00fczerine, &#8220;\u0130stifa dilek\u00e7elerimizi verdik imzalad\u0131k, bu karardan d\u00f6nm\u00fc\u015f de\u011filiz. Sadece bildi\u011finiz gibi ayn\u0131 zamanda Demokratik Toplum Kongresinin bile\u015fenlerinden birisiyiz. Yar\u0131n Demokratik Toplum Kongresinin bile\u015fenleriyle beraber konu\u015fup tamamen netle\u015ftirece\u011fiz. Ama kesinlikle geri ad\u0131m atm\u0131\u015f de\u011filiz o karar\u0131m\u0131z\u0131n arkas\u0131nday\u0131z&#8221; diye konu\u015ftu.<\/p>\n<p style=\"text-align: justify;\">Ayna, bu konuda herhangi bir g\u00f6r\u00fc\u015f ayr\u0131l\u0131\u011f\u0131n\u0131n olmad\u0131\u011f\u0131n\u0131 \u00f6ne s\u00fcrd\u00fc.<\/p>\n<p style=\"text-align: justify;\">Kapatma karar\u0131na kar\u015f\u0131 Avrupa \u0130nsan Haklar\u0131 Mahkemesine (A\u0130HM) yapacaklar\u0131 ba\u015fvuruyla ilgili sorular \u00fczerine Ayna, partinin hukuk komisyonunun bu konuda \u00e7al\u0131\u015fma y\u00fcr\u00fctt\u00fc\u011f\u00fcn\u00fc ifade etti.<\/p>\n<p style=\"text-align: justify;\">Baz\u0131 milletvekilleri hakk\u0131nda kesinle\u015fmi\u015f hapis cezalar\u0131n\u0131n bulundu\u011funun hat\u0131rlat\u0131lmas\u0131na kar\u015f\u0131l\u0131k Ayna, &#8220;Bu ilk kez olan bir durum de\u011fil. Her zaman d\u00fc\u015f\u00fcncelerimizden dolay\u0131, d\u00fc\u015f\u00fcncelerimizi ifade etti\u011fimiz i\u00e7in davalar a\u00e7\u0131l\u0131yordu&#8221; dedi.<\/p>\n<p style=\"text-align: justify;\">Ba\u011f\u0131ms\u0131z Milletvekili Bengi Y\u0131ld\u0131z da d\u00fcn itibariyle parlamentodan \u00e7ekildiklerini hat\u0131rlatarak, bunun d\u0131\u015f\u0131nda yeni bir geli\u015fme olmad\u0131\u011f\u0131n\u0131 s\u00f6yledi.<\/p>\n<p style=\"text-align: justify;\">Sorular \u00fczerine, Avrupa \u0130nsan Haklar\u0131 Mahkemesinin (A\u0130HM) Batasuna partisinin kapat\u0131lmas\u0131na ili\u015fkin karar\u0131na da de\u011finen Y\u0131ld\u0131z, &#8220;Biz hi\u00e7 bir yerde \u015fiddeti \u00f6vmedik, ama Batasuna&#8217;da &#8216;ya\u015fas\u0131n&#8217; ile ba\u015flayan ve direkt o \u00f6rg\u00fct\u00fc \u00f6ven a\u00e7\u0131klamalar oldu. Biz, partimiz kapansa da \u015fiddetin 21. y\u00fczy\u0131lda hak arama y\u00f6ntemi ve \u00e7\u00f6z\u00fcm olmad\u0131\u011f\u0131n\u0131 s\u00f6ylemeye devam ediyoruz&#8221; dedi.<\/p>\n<p style=\"text-align: justify;\">&#8220;Yeni bir grup kuracak m\u0131s\u0131n\u0131z?&#8221; \u015feklinde soru \u00fczerine Bengi Y\u0131ld\u0131z, \u015fu an g\u00fcndemlerinde b\u00f6yle bir konu olmad\u0131\u011f\u0131n\u0131 s\u00f6yledi.<\/p>\n<p style=\"text-align: justify;\">Y\u0131ld\u0131z, &#8220;Yeni bir parti ile yola devam edilebilir mi?&#8221; sorusuna da siyasal ya\u015famlar\u0131n\u0131n devam edece\u011fini, ancak milletvekili olarak devam etmeyeceklerini ifade etti.<\/p>\n<p style=\"text-align: justify;\"><span style=\"color: #888888;\">CNN T\u00dcRK<\/span><\/p>\n","protected":false},"excerpt":{"rendered":"<p style=\"text-align: center;\">\n<p style=\"text-align: justify;\">DTP&#8217;nin &#8220;sine-i millet&#8221; karar\u0131nda herhangi bir de\u011fi\u015fiklik yok. Partiden yap\u0131lan yaz\u0131l\u0131 a\u00e7\u0131klamada, &#8220;Grubumuz fiilen Meclis&#8217;ten \u00e7ekilmi\u015ftir ve yar\u0131n Ahmet T\u00fcrk ve Aysel Tu\u011fluk ba\u015fta olmak \u00fczere t\u00fcm milletvekillerimiz Diyarbak\u0131r&#8217;a giderek al\u0131nan sine-i millet karar\u0131n\u0131 fiili olarak yerine getireceklerdir&#8221; denildi. DTP, kapatma karar\u0131n\u0131n Resmi Gazete&#8217;de yay\u0131mlanmas\u0131ndan sonra A\u0130HM&#8217;e ba\u015fvuracak. <\/p>\n","protected":false},"author":1,"featured_media":0,"comment_status":"open","ping_status":"closed","sticky":false,"template":"","format":"standard","meta":{"footnotes":""},"categories":[105],"tags":[],"class_list":["post-17113","post","type-post","status-publish","format-standard","hentry","category-gundem","odd"],"_links":{"self":[{"href":"http:\/\/www.korhanyilmaz.com\/index.php?rest_route=\/wp\/v2\/posts\/17113","targetHints":{"allow":["GET"]}}],"collection":[{"href":"http:\/\/www.korhanyilmaz.com\/index.php?rest_route=\/wp\/v2\/posts"}],"about":[{"href":"http:\/\/www.korhanyilmaz.com\/index.php?rest_route=\/wp\/v2\/types\/post"}],"author":[{"embeddable":true,"href":"http:\/\/www.korhanyilmaz.com\/index.php?rest_route=\/wp\/v2\/users\/1"}],"replies":[{"embeddable":true,"href":"http:\/\/www.korhanyilmaz.com\/index.php?rest_route=%2Fwp%2Fv2%2Fcomments&post=17113"}],"version-history":[{"count":0,"href":"http:\/\/www.korhanyilmaz.com\/index.php?rest_route=\/wp\/v2\/posts\/17113\/revisions"}],"wp:attachment":[{"href":"http:\/\/www.korhanyilmaz.com\/index.php?rest_route=%2Fwp%2Fv2%2Fmedia&parent=17113"}],"wp:term":[{"taxonomy":"category","embeddable":true,"href":"http:\/\/www.korhanyilmaz.com\/index.php?rest_route=%2Fwp%2Fv2%2Fcategories&post=17113"},{"taxonomy":"post_tag","embeddable":true,"href":"http:\/\/www.korhanyilmaz.com\/index.php?rest_route=%2Fwp%2Fv2%2Ftags&post=17113"}],"curies":[{"name":"wp","href":"https:\/\/api.w.org\/{rel}","templated":true}]}}