{"id":17110,"date":"2009-12-13T15:58:09","date_gmt":"2009-12-13T13:58:09","guid":{"rendered":"http:\/\/www.korhanyilmaz.com\/?p=17110"},"modified":"2009-12-13T15:58:09","modified_gmt":"2009-12-13T13:58:09","slug":"bahceli-pkknin-yapamadigini-sen-yaptin","status":"publish","type":"post","link":"http:\/\/www.korhanyilmaz.com\/?p=17110","title":{"rendered":"Bah\u00e7eli: &quot;PKK&#039;n\u0131n yapamad\u0131\u011f\u0131n\u0131 sen yapt\u0131n&quot;"},"content":{"rendered":"<p style=\"text-align: center;\"><a href=\"http:\/\/www.korhanyilmaz.com\/wp-content\/uploads\/2009\/12\/bahceli.jpg\"  class=\"lightview\"><img loading=\"lazy\" decoding=\"async\" class=\"aligncenter size-full wp-image-17111\" src=\"http:\/\/www.korhanyilmaz.com\/wp-content\/uploads\/2009\/12\/bahceli.jpg\" alt=\"\" width=\"307\" height=\"236\" \/><\/a><\/p>\n<p style=\"text-align: justify;\">MHP, h\u00fck\u00fcmetin a\u00e7\u0131l\u0131m \u00e7al\u0131\u015fmas\u0131na kar\u015f\u0131 &#8220;Bin Y\u0131ll\u0131k Karde\u015fli\u011fi Ya\u015fa ve Ya\u015fat&#8221; slogan\u0131yla ilk mitingini Ankara Tando\u011fan meydan\u0131nda d\u00fczenledi. MHP Genel Ba\u015fkan\u0131 Devlet Bah\u00e7eli, Ba\u015fbakan Recep Tayyip Erdo\u011fan&#8217;\u0131 sert s\u00f6zlerle ele\u015ftirdi; &#8220;Kanl\u0131 ter\u00f6r\u00fc ho\u015f g\u00f6rd\u00fcn&#8230; PKK&#8217;n\u0131n yapamad\u0131\u011f\u0131n\u0131 sen yapt\u0131n. Karde\u015fli\u011fimizi derinden sarst\u0131n&#8221; dedi. Bah\u00e7eli, &#8220;Y\u0131k\u0131m projelerinin ta\u015feronlar\u0131 ve i\u015fbirlik\u00e7ileri a\u00e7\u0131l\u0131m\u0131 a\u00e7t\u0131klar\u0131 gibi kapayacaklar&#8221; diye konu\u015ftu. <!--more--><\/p>\n<p style=\"text-align: justify;\">MHP lideri Bah\u00e7eli, &#8220;T\u00fcrkiye&#8217;nin bug\u00fcn \u00e7ok a\u011f\u0131r ve \u00f6nemli tehdit ve tehlikelerle kar\u015f\u0131 kar\u015f\u0131 bulundu\u011funu&#8221; ileri s\u00fcrerek, &#8220;T\u00fcrkiye&#8217;nin \u00f6n\u00fcndeki bu sorunun ad\u0131 b\u00f6l\u00fcc\u00fcl\u00fck ve ter\u00f6rd\u00fcr&#8221; dedi.<\/p>\n<p style=\"text-align: justify;\">&#8220;Bin y\u0131l\u0131n kayna\u015ft\u0131rd\u0131\u011f\u0131 T\u00fcrk milleti \u00fczerinde oynanan oyunlar bo\u015fa \u00e7\u0131km\u0131\u015ft\u0131r&#8221; diyen Bah\u00e7eli, toplanan kalabal\u0131\u011f\u0131n da bunun ifadesi oldu\u011funu, Tando\u011fan&#8217;dan y\u00fckselen sesin, T\u00fcrkiye&#8217;nin kurtulu\u015f umudu oldu\u011funu ve bi\u00e7ilen kefenleri par\u00e7alayaca\u011f\u0131na y\u00fcrekten inand\u0131\u011f\u0131n\u0131 s\u00f6yledi.<\/p>\n<p style=\"text-align: justify;\">Konu\u015fmas\u0131nda AK Parti h\u00fck\u00fcmetini de ele\u015ftiren Bah\u00e7eli, &#8220;son 7 y\u0131lda T\u00fcrkiye&#8217;nin AK Parti iktidar\u0131 ile can \u00e7eki\u015fti\u011fini&#8221; \u00f6ne s\u00fcrd\u00fc.<\/p>\n<p style=\"text-align: justify;\">&#8220;AK Parti&#8217;nin \u00fclkeyi, siyasi ahlak ve vicdani \u00f6l\u00e7\u00fc ta\u015f\u0131mayan, riya ve istismardan ba\u015fka sermayesi kalmayan, ba\u015far\u0131s\u0131z, k\u00f6t\u00fc niyetli ve \u015faibeli bir zihniyet ile y\u00f6netti\u011fini&#8221; savunan Bah\u00e7eli, son 7 y\u0131l\u0131n T\u00fcrkiye i\u00e7in karanl\u0131k bir d\u00f6nem oldu\u011funu ileri s\u00fcrd\u00fc.<\/p>\n<p style=\"text-align: justify;\">&#8220;Y\u0131k\u0131m ve tahribat afet boyutlar\u0131na ula\u015fm\u0131\u015ft\u0131r. Sosyal doku a\u011f\u0131r yara alm\u0131\u015ft\u0131r&#8221; diyen Bah\u00e7eli, kampla\u015fma ve kutupla\u015fman\u0131n derinle\u015fti\u011fini, devlet kurumlar\u0131n\u0131n ku\u015fat\u0131ld\u0131\u011f\u0131n\u0131, siyasi kurumlar\u0131n kirlendi\u011fini s\u00f6yledi.<\/p>\n<p style=\"text-align: justify;\">H\u00fck\u00fcmetin &#8220;ver kurtul ve teslimiyet\u00e7i bir zihniyet ile d\u0131\u015f politikay\u0131 y\u00fcr\u00fctt\u00fc\u011f\u00fcn\u00fc&#8221; savunan Bah\u00e7eli, &#8220;T\u00fcrkiye K\u0131br\u0131s&#8217;ta Rumlar&#8217;\u0131n, Irak&#8217;ta Barzani&#8217;nin, Kafkaslar&#8217;da Ermeniler&#8217;in pe\u015finden ko\u015fan bir \u00fclke olmu\u015ftur. K\u0131br\u0131s T\u00fcrkleri kaderlerine terk edilmi\u015ftir. Irak T\u00fcrkmenleri ve Kerk\u00fck&#8217;e s\u0131rt \u00e7evrilmi\u015f, Azerbaycanl\u0131 karde\u015flerimiz k\u00fcst\u00fcr\u00fclm\u00fc\u015ft\u00fcr. Balkanlardaki karde\u015flerimiz ve Bat\u0131 Trakya&#8217;daki soyda\u015flar\u0131m\u0131z unutulmu\u015ftur. Ancak bug\u00fcn \u00fclkemiz bunlardan \u00e7ok daha a\u011f\u0131r ve \u00f6nemli tehdit ve tehlikelerle kar\u015f\u0131 kar\u015f\u0131yad\u0131r. T\u00fcrkiye&#8217;nin \u00f6n\u00fcndeki bu sorunun ad\u0131 b\u00f6l\u00fcc\u00fcl\u00fck ve ter\u00f6rd\u00fcr. Vatan evlatlar\u0131n\u0131n \u015fehadetleri s\u00fcrmektedir, analar\u0131n a\u011f\u0131tlar\u0131 y\u00fcrekleri da\u011flamaktad\u0131r&#8221; dedi.<\/p>\n<p style=\"text-align: justify;\"><strong><em>&#8220;Y\u0131k\u0131m projesinden vazge\u00e7&#8221; <\/em><\/strong><\/p>\n<p style=\"text-align: justify;\">Bah\u00e7eli, &#8220;demokratik a\u00e7\u0131l\u0131m&#8221;\u0131n bir &#8220;y\u0131k\u0131m projesi&#8221; oldu\u011funu ileri s\u00fcrerek, &#8220;Erdo\u011fan&#8217;a sesleniyorum; Ba\u015fbakan isen gere\u011fini yap ve &#8216;a\u00e7\u0131l\u0131m&#8217; denen y\u0131k\u0131mdan vazge\u00e7&#8221; dedi.<\/p>\n<p style=\"text-align: justify;\">&#8220;Buradan Erdo\u011fan&#8217;a sesleniyorum, Ba\u015fbakan isen y\u00fcr\u00fctmenin ba\u015f\u0131s\u0131n. \u00dclkenin g\u00fcvenlik ve esenli\u011finden sorumlu sensin&#8221; diyen Bah\u00e7eli devam etti: &#8220;T\u00fcy\u00fc bitmemi\u015f yetimin hakk\u0131ndan sorumlu sensin. \u0130ncinen can\u0131n, d\u00f6k\u00fclen kan\u0131n, k\u0131r\u0131lan gururun sorumlusu sensin. Kefil olman gereken kanl\u0131 ter\u00f6ristler de\u011fildir. Senin \u015fehadetlere de kefaletin var. Senin mazlumlara da mesuliyetin var. Ka\u00e7ma, ter\u00f6rle m\u00fccadele senin g\u00f6revin. \u00c7ekinme, vatan\u0131n birli\u011fi senin g\u00f6revin. Ba\u015fbakan isen gere\u011fini yap ve a\u00e7\u0131l\u0131m denen y\u0131k\u0131mdan vazge\u00e7. Yedi y\u0131lda milli de\u011ferlerimizi fazlas\u0131yla tahrip ettin. &#8216;T\u00fcrkiyelilik&#8217; z\u0131rvas\u0131yla hain g\u00f6n\u00fclleri ho\u015f tuttun, cesaret verdin. E\u015fk\u0131yay\u0131 masaya davet ettin. \u0130mral\u0131 ile i\u015f birli\u011fi yapt\u0131n. A\u015firet reislerini kucaklad\u0131n. Ter\u00f6risti Habur&#8217;da t\u00f6renle kar\u015f\u0131lad\u0131n. Kimli\u011fimizi sorgulad\u0131n, birli\u011fimizi kurcalad\u0131n. Bizi otuz alt\u0131ya b\u00f6lmeye \u00e7abalad\u0131n. Kimlikleri ka\u015f\u0131d\u0131n ve yeterince kanatt\u0131n. PKK&#8217;n\u0131n yapamad\u0131\u011f\u0131n\u0131 sen yapt\u0131n. Karde\u015fli\u011fimizi derinden sarst\u0131n. Kanl\u0131 ter\u00f6r\u00fc ho\u015f g\u00f6rd\u00fcn, &#8216;masum talepler&#8217; dedin. Ve bizi utanmadan, s\u0131k\u0131lmadan &#8216;kanla beslenmekle&#8217; su\u00e7lad\u0131n. Say\u0131n Ba\u015fbakan, olaylar\u0131n ve gidi\u015fat\u0131n sahibi de sorumlusu da sensin. \u015eimdi ise oturdu\u011fun yerden seyrediyorsun. B\u00f6l\u00fcc\u00fcy\u00fc ezmek i\u00e7in ayak s\u00fcr\u00fcyorsun. Hangi hesab\u0131n pe\u015findesin? Kimi incitmekten korkuyorsun? Verilmi\u015f bir s\u00f6z\u00fcn m\u00fc var? Kimden ka\u00e7\u0131yorsun? Millet ter\u00f6r\u00fc ezmek istiyor. Millet bayra\u011f\u0131 y\u00fckseltmek istiyor. Bu mesaj\u0131 do\u011fru oku&#8221; dedi.<\/p>\n<p style=\"text-align: justify;\">Devlet Bah\u00e7eli, &#8220;(\u015eehidim hakk\u0131n\u0131 helal et) diye ba\u011f\u0131rd\u0131n\u0131z. &#8216;T\u00fcrkiye seninle gurur duyuyor&#8217; diye hayk\u0131rd\u0131n\u0131z ve siz &#8216;\u015fehitler \u00f6lmez&#8217; diye ba\u011f\u0131rd\u0131k\u00e7a birileri huzursuz oldu. Siz &#8216;vatan b\u00f6l\u00fcnmez&#8217; diye hayk\u0131rd\u0131k\u00e7a birileri rahats\u0131zl\u0131k duydu. Bu tavr\u0131n\u0131zla, &#8216;T\u00fcrkiyelilik&#8217; z\u0131rvas\u0131na &#8216;dur&#8217; dediniz. Askeri &#8216;yan gelip yatmakla&#8217; itham eden zihniyete &#8216;dur&#8217; dediniz. \u015eehide &#8216;kelle&#8217;, katile &#8216;say\u0131n&#8217; diyen \u00e7\u00fcr\u00fcm\u00fc\u015f anlay\u0131\u015fa dur dediniz ve a\u00e7\u0131l\u0131m denen y\u0131k\u0131m\u0131n ta\u015feronlar\u0131n\u0131 rahats\u0131z ettiniz. Huzursuz ettiniz. Umutlar\u0131n\u0131 bo\u015fa \u00e7\u0131kard\u0131n\u0131z. Dikkat ediniz, uyan\u0131k olunuz, &#8216;\u015fehadet&#8217; deyince, &#8216;gazilik&#8217; deyince, al bayra\u011f\u0131 g\u00f6r\u00fcnce, \u0130stiklal Mar\u015f\u0131&#8217;n\u0131 duyunca g\u00f6zleri hasretle ya\u015farmayan, g\u00f6\u011f\u00fcsleri gururla kabarmayan, y\u00fcrekleri co\u015fkuyla \u00e7arpmayan, vicdanlar\u0131 titremeyen ile payla\u015facak ekme\u011fimiz olmayacakt\u0131r. Sizleri buradan uyar\u0131yorum; onlara dikkat ediniz. Onlardan uzak durunuz. Onlar asla ve asla bizden de\u011fildir. Bizimle de\u011fildir. A\u00e7\u0131l\u0131m\u0131n sahipleri, y\u0131k\u0131m\u0131n i\u015f birlik\u00e7ileri, ihanet erbaplar\u0131 duysun ve irkilsin. \u00d6yle bir inan\u00e7la hayk\u0131ral\u0131m ki, Washington, Erbil, Erivan, Kandil, \u0130mral\u0131 ve S\u00f6\u011f\u00fct\u00f6z\u00fc titresin&#8221; dedi.<\/p>\n<p style=\"text-align: justify;\"><strong><em>&#8220;B\u0131\u00e7ak kemi\u011fe dayand\u0131&#8221; <\/em><\/strong><\/p>\n<p style=\"text-align: justify;\">Partisinin yapt\u0131\u011f\u0131 uyar\u0131lar\u0131n, tek tek ger\u00e7ekle\u015fti\u011fini ifade eden Bah\u00e7eli, &#8220;B\u0131\u00e7ak kemi\u011fe dayanm\u0131\u015ft\u0131r. Sab\u0131r, ta\u015fma noktas\u0131na gelmi\u015ftir, tahamm\u00fcl s\u0131n\u0131r\u0131 a\u015f\u0131lm\u0131\u015ft\u0131r&#8221; g\u00f6r\u00fc\u015f\u00fcn\u00fc dile getirdi.<\/p>\n<p style=\"text-align: justify;\">Devlet Bah\u00e7eli, &#8220;Buradan T\u00fcrk milleti i\u00e7in hasmane duygular besleyenlere sesleniyorum, buradan T\u00fcrk&#8217;e kefen bi\u00e7meye haz\u0131rlananlar\u0131 bir kez daha uyar\u0131yorum, T\u00fcrk milleti, yaln\u0131zca bug\u00fcn i\u015fba\u015f\u0131ndaki koku\u015fmu\u015f zihniyetten ibaret de\u011fildir. Bu zihniyetin d\u00fcmen suyuna girenlerin g\u00f6sterdi\u011fi zafiyet sizleri i\u015ftahland\u0131rmas\u0131n. Sak\u0131n aldanmay\u0131n. Yanl\u0131\u015f hesap yapmay\u0131n. Bu hatan\u0131n bedelini \u00c7anakkale&#8217;de \u00f6dediniz. Bu yanl\u0131\u015f\u0131n bedelini Kocatepe&#8217;de \u00f6dediniz. \u0130\u015f birlik\u00e7ilerinize bakarak, milletimizi \u00e7aresiz sanmay\u0131n&#8221; diye konu\u015ftu.<\/p>\n<p style=\"text-align: justify;\">T\u00fcrkiye&#8217;nin ate\u015f \u00e7emberinden ge\u00e7mekte oldu\u011funu anlatan Bah\u00e7eli, &#8220;AKP&#8217;nin verdi\u011fi her taviz, att\u0131\u011f\u0131 her yanl\u0131\u015f ad\u0131m, her teslimiyet, b\u00f6l\u00fcc\u00fcl\u00fc\u011f\u00fcn kazand\u0131\u011f\u0131 yeni bir mevzi olmu\u015ftur. &#8216;Analar a\u011flamas\u0131n&#8217; dedik\u00e7e, aziz \u015fehitlerimiz bayraklara sar\u0131lm\u0131\u015f halde evlerine geri d\u00f6nmektedir. &#8216;A\u00e7\u0131l\u0131m&#8217; dedik\u00e7e, b\u00f6l\u00fcc\u00fcler azmaktad\u0131r, &#8216;f\u0131rsat&#8217; dedik\u00e7e \u0130mral\u0131 canisi ile Ba\u015fbakan el ele vermektedir. AKP zihniyeti; ta\u015feronlu\u011funu yapt\u0131\u011f\u0131 ihanet projeleriyle birlikte, T\u00fcrk milletini tarih \u00f6n\u00fcnde \u00f6l\u00fcmc\u00fcl bir sona do\u011fru s\u00fcr\u00fcklemektedir&#8221; iddias\u0131nda bulundu.<\/p>\n<p style=\"text-align: justify;\">Bah\u00e7eli, &#8220;A\u011f\u0131r bedeller \u00f6denerek olu\u015fmu\u015f T\u00fcrk milleti, birbirinden kopmu\u015f kabileler haline getirilmek istenmektedir. Bu i\u015f birlik\u00e7i y\u00f6netimin elinde, bedeli kanla \u00f6denerek kazan\u0131lm\u0131\u015f bin y\u0131ll\u0131k varl\u0131\u011f\u0131m\u0131z, bin y\u0131l boyunca sevgi ile yo\u011furdu\u011fumuz karde\u015fli\u011fimiz, birlikte ya\u015fanan bin y\u0131l\u0131n eseri olan milli kimli\u011fimiz, bin y\u0131lda olu\u015fan dayan\u0131\u015fman\u0131n temeli huzurumuz tehdit alt\u0131ndad\u0131r. AKP zihniyeti, s\u0131n\u0131r \u00f6tesinde korkakt\u0131r. S\u0131n\u0131r berisinde ise aciz ve \u00e7aresizdir. Milletimiz ate\u015fle imtihan edilmektedir. Sabr\u0131m\u0131z tahriklerle s\u0131nanmak istenmektedir. Bu vahim durumun sorumlusu, AKP h\u00fck\u00fcmetidir. Ba\u015fbakan Erdo\u011fan&#8217;d\u0131r ve etraf\u0131ndaki i\u015f birlik\u00e7i lobileridir. Siz bunlar\u0131 art\u0131k iyi tan\u0131yorsunuz. Bunlar bazen, kalemi kiralanm\u0131\u015f s\u00f6zde yazarlard\u0131r. Bazen, \u00fcniversite zeminini kullanmaya \u00e7al\u0131\u015fan f\u0131rsat\u00e7\u0131 mihraklard\u0131r. Bazen, sipari\u015fle sonu\u00e7 \u00e7\u0131kartan ara\u015ft\u0131rma \u015firketleridir. Bazen, g\u00fcd\u00fcml\u00fc rapor \u00fcreten s\u00f6zde d\u00fc\u015f\u00fcnce kurulu\u015flar\u0131d\u0131r. Bazen, ecdad\u0131m\u0131za hakaret eden kadrolu sahte ayd\u0131nlard\u0131r. Bazen, menfaat ba\u011f\u0131 ile g\u00f6beklerinden ba\u011flanm\u0131\u015f medya kanallar\u0131d\u0131r. Bazen, bunlar s\u00f6zde sivil toplum i\u015fbirlik\u00e7ileridir. Bazen, devletin resmi medya kurumunu i\u015fgal etmi\u015f koku\u015fmu\u015f zihniyet temsilcileridir. Ekranlarda, man\u015fetlerde, s\u00fctunlarda, k\u00fcrs\u00fclerde boy g\u00f6steren bu \u015fer cephesinin ortak paydas\u0131n\u0131; milli ve \u00fcniter yap\u0131m\u0131zdan duyduklar\u0131 rahats\u0131zl\u0131k, T\u00fcrk tarihini karalamak i\u00e7in kollad\u0131klar\u0131 f\u0131rsatlar, ter\u00f6rle elde edilememi\u015f sonu\u00e7lar\u0131n siyasetle sa\u011flanmas\u0131, milli kimli\u011fi par\u00e7alamak i\u00e7in y\u00fcr\u00fct\u00fclen kampanyalar olu\u015fturmaktad\u0131r&#8221; dedi.<\/p>\n<p style=\"text-align: justify;\"><strong><em>&#8220;T\u00fcrk milleti ku\u015fatma alt\u0131nda&#8230;&#8221; <\/em><\/strong><\/p>\n<p style=\"text-align: justify;\">Konu\u015fmas\u0131nda T\u00fcrkiye&#8217;nin ve T\u00fcrk milletinin etraf\u0131ndaki \u00e7emberin darald\u0131\u011f\u0131n\u0131 ve &#8220;a\u011f\u0131r bir ku\u015fatma&#8221;n\u0131n her alanda etkisini g\u00f6stermeye ba\u015flad\u0131\u011f\u0131n\u0131 savunan Bah\u00e7eli, &#8220;Buhran\u0131n mimar\u0131 Ba\u015fbakan Erdo\u011fan&#8217;a g\u00f6re, ter\u00f6r\u00fc \u0130mral\u0131&#8217;dan y\u00f6netmek, pe\u015fmerge ile kucakla\u015fmak, isyanlar\u0131 kutsamak, PKK&#8217;y\u0131 aklamak, bayra\u011f\u0131 \u00e7i\u011fnemek, polisi ta\u015flamak, ara\u00e7lar\u0131, evleri, d\u00fckkanlar\u0131 yakmak ve Mehmet\u00e7i\u011fe \u015fehit etmek demokratik bir hakt\u0131r&#8221; dedi.<\/p>\n<p style=\"text-align: justify;\">Bah\u00e7eli, &#8220;Bununla birlikte al bayra\u011f\u0131 yerden kald\u0131ran co\u015fkunun ad\u0131 tahrik, &#8216;ter\u00f6r\u00fc bitir&#8217; demek, ter\u00f6ristin teslim al\u0131nmas\u0131n\u0131 istemek; kanla beslenmek, \u015fehit cenaze t\u00f6renleri ve \u015fahadete sahip \u00e7\u0131kmak ise k\u0131\u015fk\u0131rtmad\u0131r. Bu durum, Milliyet\u00e7i Hareket i\u00e7in kabul edilemeyecek bir hezeyand\u0131r. Bu durum, canlar\u0131yla vatan\u0131 kurtaran kahramanlara kar\u015f\u0131 bir ihanettir. Biz, buna asla m\u00fcsaade edemeyiz. Ve elbette ki bozulan karde\u015fli\u011fin bir bedeli de olacakt\u0131r. Bunun bedelini Ba\u015fbakan Erdo\u011fan ve kadrolar\u0131 mutlaka \u00f6deyecektir. Milliyet\u00e7i Hareketin nefesi enselerinde, iki eli bu \u015febekelerin yakas\u0131nda olacakt\u0131r. Hesap sorma zaman\u0131 gelmektedir. Hesab\u0131 sizler soracaks\u0131n\u0131z. Ba\u015f\u0131na \u00e7uval ge\u00e7irilen askerlerimizin, y\u0131llard\u0131r Kandil&#8217;e neden gidilmedi\u011finin, pe\u015fke\u015f \u00e7ekilen devlet imkanlar\u0131n\u0131n, birli\u011fimize y\u00f6nelik tahriklerin, ter\u00f6ristlere t\u00f6ren d\u00fczenleyenlerin hesab\u0131 sizler soracaks\u0131n\u0131z. AKP diyor ki; &#8216;Siz bir millet de\u011filsiniz, bin y\u0131ll\u0131k kayna\u015fma ve karde\u015flik sona erdi, \u015fimdi otuz alt\u0131 par\u00e7aya ayr\u0131l\u0131n. E\u011fitiminizi, y\u00f6netiminizi, ocaklar\u0131n\u0131z\u0131, camilerinizi, okullar\u0131n\u0131z\u0131, mezarlar\u0131n\u0131z\u0131, illerinizi, k\u00f6ylerinizi ay\u0131r\u0131n, g\u00f6n\u00fcllerde, y\u00fcreklerde heyecanda, hayallerde, umutlarda ve d\u00fc\u015flerde b\u00f6l\u00fcn\u00fcn. Ayr\u0131\u015f\u0131n, yabanc\u0131la\u015f\u0131n, \u00e7\u00f6z\u00fcl\u00fcn, ufalan\u0131n \u00e7at\u0131\u015f\u0131n, par\u00e7alan\u0131n ve da\u011f\u0131l\u0131n diyorlar&#8217;. Bunu kabul etmemiz, boyun e\u011fmemiz m\u00fcmk\u00fcn de\u011fildir&#8221; dedi.<\/p>\n<p style=\"text-align: justify;\"><strong><em>&#8220;B\u00f6l\u00fcc\u00fcy\u00fc da\u011fda aramaya gerek yok&#8221; <\/em><\/strong><\/p>\n<p style=\"text-align: justify;\">Konu\u015fmas\u0131nda s\u0131k s\u0131k h\u00fck\u00fcmeti ele\u015ftiren Bah\u00e7eli, &#8220;Karde\u015flerimizi incitmeye hakk\u0131n\u0131z yoktur. Ayr\u0131lman\u0131n malzemesi yapmaya hakk\u0131n\u0131z yoktur. Siyasetinizin hedefi haline getirmeye hi\u00e7 hakk\u0131n\u0131z yoktur. Bunun ad\u0131 ve tan\u0131m\u0131 b\u00f6l\u00fcc\u00fcl\u00fckt\u00fcr. B\u00f6l\u00fcc\u00fcy\u00fc da\u011fda ve ovada aramaya gerek yoktur. B\u00f6l\u00fcc\u00fc h\u00fck\u00fcmettedir, iktidardad\u0131r. Ve bug\u00fcn i\u00e7inde bulundu\u011fumuz bu karanl\u0131k ortam ve \u015fartlarda; tehlike budur, tehdit a\u011f\u0131rd\u0131r, tezgah sinsidir ve T\u00fcrk milleti bunu asla kabul etmez. Bu zilleti \u00e7ekmeye bu kantar yetmez. Milletimiz, bir olur, birlik olur, aya\u011fa kalkar, yumru\u011funu vurur. \u0130mral\u0131 canisine, Kandil \u00e7etelerine, b\u00f6l\u00fcc\u00fc hainlere, k\u00fcstah Pe\u015fmergelere, Okyanus \u00f6tesine, Br\u00fcksel komiserlerine, Damat Ferit kal\u0131nt\u0131lar\u0131na, \u015eeyh Sait bozuntular\u0131na ve y\u0131k\u0131m ta\u015feronu Recep Tayyip Erdo\u011fan&#8217;a cevab\u0131n\u0131 mutlaka verir&#8221; dedi.<\/p>\n<p style=\"text-align: justify;\">Karar an\u0131n\u0131n geldi\u011fini ve herkesin tavr\u0131n\u0131 belirlemek zorunda oldu\u011funu belirten Bah\u00e7eli, &#8220;Milliyet\u00e7i Hareketin sevdal\u0131lar\u0131 karar\u0131n\u0131 \u00e7oktan vermi\u015ftir. Taraf\u0131n\u0131 belirlemi\u015ftir. Bizler k\u0131r\u0131lma noktas\u0131na kadar b\u00fck\u00fclm\u00fc\u015f olan T\u00fcrkiye&#8217;de tarafs\u0131z olamay\u0131z&#8221; diye konu\u015ftu.<\/p>\n<p style=\"text-align: justify;\">&#8220;Ecdad\u0131m\u0131z\u0131n nasihatleri ve dersleri bizlere, ihanetlere kar\u015f\u0131 dikkat, fitnelere kar\u015f\u0131 uyan\u0131kl\u0131k, istismara kar\u015f\u0131 temkin, tahriklere kar\u015f\u0131 s\u00fckunet tavsiye etmektedir&#8221; diyen Bah\u00e7eli, &#8220;Sokaklarda arayaca\u011f\u0131m\u0131z, sokaklarda bulaca\u011f\u0131m\u0131z gelece\u011fimiz yoktur. Biz ba\u015fkalar\u0131 sokakta iken, iktidarda olaca\u011f\u0131z ve ter\u00f6r\u00fc devlet g\u00fcc\u00fc ile yenece\u011fiz. Bizi bu hedeften uzakla\u015ft\u0131racak, bozgunculara, y\u0131k\u0131c\u0131lara f\u0131rsat vermeyeceksiniz. \u0130stismarc\u0131lara itibar etmeyeceksiniz. Tahrik ve tertiplere dikkat edeceksiniz. Tek bir ses, tek bir nefes olacaks\u0131n\u0131z. T\u00fcrk milletinin size yaln\u0131z bug\u00fcn de\u011fil, gelecekte de ihtiyac\u0131 olacakt\u0131r. Milliyet\u00e7i Hareket T\u00fcrkiye i\u00e7in vard\u0131r, T\u00fcrk milletinin birli\u011fi, karde\u015fli\u011fi ve mutlulu\u011fu i\u00e7in vard\u0131r. D\u00fcn kur\u015fun ya\u011fmurlar\u0131na g\u00f6\u011f\u00fcs gererek buraya geldiniz bug\u00fcn de bereketli ya\u011fmurlarla yar\u0131nlara ko\u015facaks\u0131n\u0131z. Ve milletimizin kararl\u0131l\u0131\u011f\u0131n\u0131 bir kez daha vurguluyorum, Sonsuza kadar &#8216;Var Ol&#8217; T\u00fcrkiye&#8221; dedi.<\/p>\n<p style=\"text-align: justify;\">Devlet Bah\u00e7eli&#8217;nin konu\u015fmas\u0131n\u0131n ard\u0131ndan mitinge kat\u0131lanlar \u00e7e\u015fitli sloganlar atarak da\u011f\u0131ld\u0131. Trafi\u011fe kapal\u0131 yollar da a\u00e7\u0131ld\u0131.<\/p>\n<p style=\"text-align: justify;\"><strong><em>Mitingden notlar&#8230; <\/em><\/strong><\/p>\n<p style=\"text-align: justify;\">MHP&#8217;nin, &#8220;Bin Y\u0131ll\u0131k Karde\u015fli\u011fi Ya\u015fa ve Ya\u015fat&#8221; slogan\u0131yla ger\u00e7ekle\u015ftirdi\u011fi miting i\u00e7in erken saatlerden itibaren \u00fcst aramalar\u0131 yap\u0131ld\u0131ktan sonra Tando\u011fan Meydan\u0131&#8217;na al\u0131nan vatanda\u015flar, Bah\u00e7eli konu\u015fmas\u0131na ba\u015flay\u0131ncaya kadar s\u0131k s\u0131k &#8220;\u015eehitler \u00f6lmez, vatan b\u00f6l\u00fcnmez&#8221; ve &#8220;Ne mutlu T\u00fcrk\u00fcm diyene&#8221; sloganlar\u0131 att\u0131.<\/p>\n<p style=\"text-align: justify;\">&#8220;Nefes Nefese Anadolu&#8221; grubunun konser verdi\u011fi mitingde, sergilenen tiyatral g\u00f6sterinin ard\u0131ndan Atat\u00fcrk&#8217;\u00fcn sesinden Nutuk&#8217;tan bir b\u00f6l\u00fcm dinletildi.<\/p>\n<p style=\"text-align: justify;\">10. Y\u0131l Mar\u015f\u0131&#8217;n\u0131n s\u00f6ylendi\u011fi, halk oyunlar\u0131 ve sema g\u00f6sterilerinin yap\u0131ld\u0131\u011f\u0131 mitingde, \u015fehitler i\u00e7in sayg\u0131 duru\u015funda bulunuldu ve \u0130stiklal Mar\u015f\u0131 okundu.<\/p>\n<p style=\"text-align: justify;\">Daha sonra &#8220;Devletin ba\u015f\u0131na Devlet gelecek&#8221; sloganlar\u0131 e\u015fli\u011finde platforma \u00e7\u0131kan Bah\u00e7eli, &#8220;karde\u015flikle ge\u00e7en bin y\u0131l\u0131n kayna\u015ft\u0131rd\u0131\u011f\u0131 b\u00fcy\u00fck T\u00fcrk milletinin bir kez daha tarih yazmak i\u00e7in ve karde\u015fli\u011fe sahip \u00e7\u0131kmak i\u00e7in Tando\u011fan Meydan\u0131&#8217;nda topland\u0131\u011f\u0131n\u0131&#8221; s\u00f6yledi.<\/p>\n<p style=\"text-align: justify;\">&#8220;Bin Y\u0131ll\u0131k Karde\u015fli\u011fi Ya\u015fa ve Ya\u015fat&#8221; slogan\u0131yla yapacaklar\u0131 toplant\u0131n\u0131n ilkinde Ankaral\u0131lar ile bulu\u015fmaktan &#8220;bahtiyar&#8221; oldu\u011funu dile getiren Bah\u00e7eli, T\u00fcrkiye \u00fczerinden oynanmak istenen oyunlara ra\u011fmen \u015fehit ve gazilere sahip \u00e7\u0131kmak, &#8220;Y\u0131k\u0131lmad\u0131m ayaktay\u0131m&#8221; demek i\u00e7in Ankara&#8217;da toplanan vatanda\u015flara te\u015fekk\u00fcr etti. Ankara&#8217;n\u0131n il\u00e7elerini tek tek sayan Bah\u00e7eli, t\u0131pk\u0131 milli m\u00fccadele y\u0131llar\u0131nda oldu\u011fu gibi inan\u00e7 ve gururla Ankara&#8217;y\u0131 ba\u015fkent yapan ruhu burada g\u00f6sterdiklerini ifade etti.<\/p>\n<p style=\"text-align: justify;\"><span style=\"color: #888888;\">CNN T\u00dcRK<\/span><\/p>\n","protected":false},"excerpt":{"rendered":"<p style=\"text-align: center;\">\n<p style=\"text-align: justify;\">MHP, h\u00fck\u00fcmetin a\u00e7\u0131l\u0131m \u00e7al\u0131\u015fmas\u0131na kar\u015f\u0131 &#8220;Bin Y\u0131ll\u0131k Karde\u015fli\u011fi Ya\u015fa ve Ya\u015fat&#8221; slogan\u0131yla ilk mitingini Ankara Tando\u011fan meydan\u0131nda d\u00fczenledi. MHP Genel Ba\u015fkan\u0131 Devlet Bah\u00e7eli, Ba\u015fbakan Recep Tayyip Erdo\u011fan&#8217;\u0131 sert s\u00f6zlerle ele\u015ftirdi; &#8220;Kanl\u0131 ter\u00f6r\u00fc ho\u015f g\u00f6rd\u00fcn&#8230; PKK&#8217;n\u0131n yapamad\u0131\u011f\u0131n\u0131 sen yapt\u0131n. Karde\u015fli\u011fimizi derinden sarst\u0131n&#8221; dedi. Bah\u00e7eli, &#8220;Y\u0131k\u0131m projelerinin ta\u015feronlar\u0131 ve i\u015fbirlik\u00e7ileri a\u00e7\u0131l\u0131m\u0131 a\u00e7t\u0131klar\u0131 <\/p>\n","protected":false},"author":1,"featured_media":0,"comment_status":"open","ping_status":"closed","sticky":false,"template":"","format":"standard","meta":{"footnotes":""},"categories":[105],"tags":[],"class_list":["post-17110","post","type-post","status-publish","format-standard","hentry","category-gundem","odd"],"_links":{"self":[{"href":"http:\/\/www.korhanyilmaz.com\/index.php?rest_route=\/wp\/v2\/posts\/17110","targetHints":{"allow":["GET"]}}],"collection":[{"href":"http:\/\/www.korhanyilmaz.com\/index.php?rest_route=\/wp\/v2\/posts"}],"about":[{"href":"http:\/\/www.korhanyilmaz.com\/index.php?rest_route=\/wp\/v2\/types\/post"}],"author":[{"embeddable":true,"href":"http:\/\/www.korhanyilmaz.com\/index.php?rest_route=\/wp\/v2\/users\/1"}],"replies":[{"embeddable":true,"href":"http:\/\/www.korhanyilmaz.com\/index.php?rest_route=%2Fwp%2Fv2%2Fcomments&post=17110"}],"version-history":[{"count":0,"href":"http:\/\/www.korhanyilmaz.com\/index.php?rest_route=\/wp\/v2\/posts\/17110\/revisions"}],"wp:attachment":[{"href":"http:\/\/www.korhanyilmaz.com\/index.php?rest_route=%2Fwp%2Fv2%2Fmedia&parent=17110"}],"wp:term":[{"taxonomy":"category","embeddable":true,"href":"http:\/\/www.korhanyilmaz.com\/index.php?rest_route=%2Fwp%2Fv2%2Fcategories&post=17110"},{"taxonomy":"post_tag","embeddable":true,"href":"http:\/\/www.korhanyilmaz.com\/index.php?rest_route=%2Fwp%2Fv2%2Ftags&post=17110"}],"curies":[{"name":"wp","href":"https:\/\/api.w.org\/{rel}","templated":true}]}}