{"id":17098,"date":"2009-12-11T16:02:54","date_gmt":"2009-12-11T14:02:54","guid":{"rendered":"http:\/\/www.korhanyilmaz.com\/?p=17098"},"modified":"2009-12-11T16:02:54","modified_gmt":"2009-12-11T14:02:54","slug":"erdogan-pkknin-karadenize-inme-cabasi-var","status":"publish","type":"post","link":"http:\/\/www.korhanyilmaz.com\/?p=17098","title":{"rendered":"Erdo\u011fan: &quot;PKK&#039;n\u0131n Karadeniz&#039;e inme \u00e7abas\u0131 var&quot;"},"content":{"rendered":"<p><a href=\"http:\/\/www.korhanyilmaz.com\/wp-content\/uploads\/2009\/12\/erdogan1.jpg\"  class=\"lightview\"><img loading=\"lazy\" decoding=\"async\" class=\"aligncenter size-full wp-image-17099\" src=\"http:\/\/www.korhanyilmaz.com\/wp-content\/uploads\/2009\/12\/erdogan1.jpg\" alt=\"\" width=\"292\" height=\"194\" \/><\/a><\/p>\n<p style=\"text-align: justify;\">Ba\u015fbakan Recep Tayyip Erdo\u011fan, Tokat&#8217;taki ter\u00f6r sald\u0131r\u0131s\u0131n\u0131n \u00f6rg\u00fct\u00fcn Karadeniz&#8217;e inme \u00e7abas\u0131 oldu\u011funu s\u00f6yledi. &#8220;Bu t\u00fcr bir vah\u015feti ancak ter\u00f6r \u00f6rg\u00fct\u00fc yapabilir, ba\u015fka kimse yapamaz&#8221; diyen Erdo\u011fan, DTP&#8217;yi de ele\u015ftirdi.<\/p>\n<p style=\"text-align: justify;\">Erdo\u011fan, Meksika&#8217;ya yapt\u0131\u011f\u0131 resmi ziyaretten Ankara&#8217;ya d\u00f6n\u00fc\u015f\u00fcnde Esenbo\u011fa Havaliman\u0131&#8217;nda a\u00e7\u0131klamalarda bulundu, gazetecilerin sorular\u0131n\u0131 yan\u0131tlad\u0131. <!--more--><\/p>\n<p style=\"text-align: justify;\">Ba\u015fbakan Erdo\u011fan, Tokat&#8217;\u0131n Re\u015fadiye il\u00e7esindeki sald\u0131r\u0131yla ilgili olarak, &#8220;G\u00fcvenlik ve istihbarat birimlerimiz, bu sald\u0131r\u0131n\u0131n planlay\u0131c\u0131lar\u0131n\u0131, haz\u0131rlay\u0131c\u0131lar\u0131n\u0131, tetik\u00e7ilerini, yard\u0131m ve yatakl\u0131k yapanlar\u0131n\u0131 her kim olursa olsun t\u00fcm\u00fcn\u00fc inan\u0131yorum ki, ortaya \u00e7\u0131karacaklard\u0131r&#8221; dedi.<\/p>\n<p style=\"text-align: justify;\">&#8220;Tabii, ilk anda, &#8216;bunu kim yapm\u0131\u015ft\u0131r, kim etmi\u015ftir&#8217; gibi bunun \u00fczerinde g\u00fcvenlik g\u00fc\u00e7lerimizin yapt\u0131\u011f\u0131 baz\u0131 de\u011ferlendirmeler vard\u0131&#8221; diyen Erdo\u011fan, &#8220;Sonunda bu i\u015fi b\u00f6l\u00fcc\u00fc ter\u00f6r \u00f6rg\u00fct\u00fc malum \u00fcstlendi. Tabii bu da ayr\u0131 bir strateji, taktik olabilir. Ama b\u00f6l\u00fcc\u00fc ter\u00f6r \u00f6rg\u00fct\u00fcn\u00fcn o b\u00f6lgede farkl\u0131 ter\u00f6r \u00f6rg\u00fctleriyle i\u015fbirli\u011fi halinde oldu\u011funu da zaten ge\u00e7mi\u015ften bu yana uygulamalar\u0131yla biliyoruz ve bu \u00e7al\u0131\u015fmalarla ilgili g\u00fcvenlik g\u00fc\u00e7lerimiz t\u00fcm bunlara ra\u011fmen i\u015fin ger\u00e7ek y\u00fcz\u00fcn\u00fc de ortaya \u00e7\u0131karabilmek i\u00e7in \u00e7al\u0131\u015fmalara devam ediyor. Bug\u00fcn de Genelkurmay Ba\u015fkanl\u0131\u011f\u0131m\u0131z ayr\u0131ca haftal\u0131k bas\u0131n a\u00e7\u0131klamas\u0131nda konuyla ilgili a\u00e7\u0131klamay\u0131 san\u0131yorum onlar da yapm\u0131\u015f bulunuyorlar. Bundan sonraki s\u00fcre\u00e7te de yine bu t\u00fcr olaylar\u0131n o b\u00f6lgelerdeki hassasiyetleri de art\u0131rmak suretiyle devam edece\u011fini ifade etmek istiyorum&#8221; dedi.<\/p>\n<p style=\"text-align: justify;\"><strong><em>G\u00fcl&#8217;\u00fcn &#8220;Toplan\u0131n&#8221; \u00e7a\u011fr\u0131s\u0131 <\/em><\/strong><\/p>\n<p style=\"text-align: justify;\">Ba\u015fbakan, Cumhurba\u015fkan\u0131 Abdullah G\u00fcl&#8217;\u00fcn liderleri bir araya getirebilece\u011fi y\u00f6n\u00fcndeki s\u00f6zleri konusunda, &#8220;Ben gelebilecek b\u00f6yle bir davete kat\u0131l\u0131r\u0131m. Temenni ederim ki yine oradan da yine olumlu bir netice \u00e7\u0131ks\u0131n, temennim budur&#8221; dedi.<\/p>\n<p style=\"text-align: justify;\">Erdo\u011fan, &#8220;Ama &#8216;beklentiniz nedir&#8217; derseniz. Bundan \u00f6ncekilerden farkl\u0131 olmayacakt\u0131r. \u00c7\u00fcnk\u00fc \u015fehitlerimiz \u00fczerinden siyasi istismar konusu yapmak suretiyle kalk\u0131p h\u00fck\u00fcmeti ihanetle, h\u0131yanetle adeta hakarete maruz b\u0131rakan bir anlay\u0131\u015ftan ben hi\u00e7bir \u015fey beklemiyorum ve onlarla bir araya gelmeyi de arzu etmiyorum. \u00c7\u00fcnk\u00fc bu iktidara, bu h\u00fck\u00fcmete bu konudaki hassasiyeti sebebiyle bu t\u00fcr harekette bulunan bir anlay\u0131\u015fla asla bir araya gelmek s\u00f6z konusu olamaz. Arkada\u015flar\u0131m da zaten bu konuda gereken cevaplar\u0131 verdiler&#8221; diye konu\u015ftu.<\/p>\n<p style=\"text-align: justify;\">&#8220;Ter\u00f6rle m\u00fccadelede iyi niyetlerini kimsenin suistimal edemeyece\u011fini&#8221; ifade eden Erdo\u011fan, &#8220;Bunlara niye sormuyorsunuz, &#8216;sizin \u00e7\u00f6z\u00fcm i\u00e7in bildi\u011finiz bir \u015fey var m\u0131&#8217; diye. Bizim \u015fu yapt\u0131klar\u0131m\u0131z\u0131n d\u0131\u015f\u0131nda ter\u00f6rle m\u00fccadelenin g\u00fcvenlik boyutuysa, bunun zaten bir askeri kanad\u0131 vard\u0131r. Bir emniyet kanad\u0131 vard\u0131r. Askeri kanatta da emniyet kanad\u0131nda da elinden geleni yapm\u0131yor mu? Elinden geleni yap\u0131yor&#8221; dedi.<\/p>\n<p style=\"text-align: justify;\">Erdo\u011fan, &#8220;H\u00fck\u00fcmet olarak biz g\u00fcvenlik g\u00fc\u00e7lerimize &#8216;niye \u015funu yap\u0131yorsunuz&#8217; diye bug\u00fcne kadar bir m\u00fcdahalemiz mi oldu? Hay\u0131r ama biz g\u00fcvenlik g\u00fc\u00e7lerimizin yapt\u0131\u011f\u0131n\u0131n d\u0131\u015f\u0131nda yeni bir s\u00fcreci ba\u015flatt\u0131k. Nedir bu yeni s\u00fcre\u00e7? dedik ki bunun psikolojik boyutu vard\u0131r. Bu m\u00fccadelenin sosyolojik boyutu vard\u0131r, diplomatik boyutu vard\u0131r, ekonomik boyutu vard\u0131r. T\u00fcm bunlar\u0131 i\u00e7eren bir milli birlik karde\u015flik projesi l\u00fctfen buna dikkat edin milli birlik karde\u015flik projesi ve hedefiyle demokratik a\u00e7\u0131l\u0131m s\u00fcreci olsun dedik ve bu \u00e7al\u0131\u015fmay\u0131 bu \u015fekilde ba\u015flatt\u0131k. Bu beyefendiler bu \u00e7al\u0131\u015fmaya ba\u015f\u0131ndan beri takoz oldular, \u00e7\u00f6z\u00fcme y\u00f6nelik bir projeleri var m\u0131? Yok&#8230; Ama dikkat ederseniz s\u00fcrekli ihanet, h\u0131yanet&#8230; S\u00f6yledikleri \u015fey bu. Onlar ne kadar bunu s\u00f6ylerlerse s\u00f6ylesinler, biz \u015fu inand\u0131\u011f\u0131m\u0131z \u00e7\u00f6z\u00fcm s\u00fcrecini ayn\u0131 kararl\u0131l\u0131kla devam ettirece\u011fiz ve t\u00fcm Anadolu&#8217;nun yollar\u0131na d\u00fc\u015fmek suretiyle halk\u0131m\u0131zla bu s\u00fcreci bu projeyi payla\u015faca\u011f\u0131z&#8221; dedi.<\/p>\n<p style=\"text-align: justify;\"><span style=\"color: #888888;\">CNN T\u00dcRK<\/span><\/p>\n","protected":false},"excerpt":{"rendered":"<\/p>\n<p style=\"text-align: justify;\">Ba\u015fbakan Recep Tayyip Erdo\u011fan, Tokat&#8217;taki ter\u00f6r sald\u0131r\u0131s\u0131n\u0131n \u00f6rg\u00fct\u00fcn Karadeniz&#8217;e inme \u00e7abas\u0131 oldu\u011funu s\u00f6yledi. &#8220;Bu t\u00fcr bir vah\u015feti ancak ter\u00f6r \u00f6rg\u00fct\u00fc yapabilir, ba\u015fka kimse yapamaz&#8221; diyen Erdo\u011fan, DTP&#8217;yi de ele\u015ftirdi.<\/p>\n<p style=\"text-align: justify;\">Erdo\u011fan, Meksika&#8217;ya yapt\u0131\u011f\u0131 resmi ziyaretten Ankara&#8217;ya d\u00f6n\u00fc\u015f\u00fcnde Esenbo\u011fa Havaliman\u0131&#8217;nda a\u00e7\u0131klamalarda bulundu, gazetecilerin sorular\u0131n\u0131 yan\u0131tlad\u0131. <\/p>\n","protected":false},"author":1,"featured_media":0,"comment_status":"open","ping_status":"closed","sticky":false,"template":"","format":"standard","meta":{"footnotes":""},"categories":[105],"tags":[],"class_list":["post-17098","post","type-post","status-publish","format-standard","hentry","category-gundem","odd"],"_links":{"self":[{"href":"http:\/\/www.korhanyilmaz.com\/index.php?rest_route=\/wp\/v2\/posts\/17098","targetHints":{"allow":["GET"]}}],"collection":[{"href":"http:\/\/www.korhanyilmaz.com\/index.php?rest_route=\/wp\/v2\/posts"}],"about":[{"href":"http:\/\/www.korhanyilmaz.com\/index.php?rest_route=\/wp\/v2\/types\/post"}],"author":[{"embeddable":true,"href":"http:\/\/www.korhanyilmaz.com\/index.php?rest_route=\/wp\/v2\/users\/1"}],"replies":[{"embeddable":true,"href":"http:\/\/www.korhanyilmaz.com\/index.php?rest_route=%2Fwp%2Fv2%2Fcomments&post=17098"}],"version-history":[{"count":0,"href":"http:\/\/www.korhanyilmaz.com\/index.php?rest_route=\/wp\/v2\/posts\/17098\/revisions"}],"wp:attachment":[{"href":"http:\/\/www.korhanyilmaz.com\/index.php?rest_route=%2Fwp%2Fv2%2Fmedia&parent=17098"}],"wp:term":[{"taxonomy":"category","embeddable":true,"href":"http:\/\/www.korhanyilmaz.com\/index.php?rest_route=%2Fwp%2Fv2%2Fcategories&post=17098"},{"taxonomy":"post_tag","embeddable":true,"href":"http:\/\/www.korhanyilmaz.com\/index.php?rest_route=%2Fwp%2Fv2%2Ftags&post=17098"}],"curies":[{"name":"wp","href":"https:\/\/api.w.org\/{rel}","templated":true}]}}