{"id":17092,"date":"2009-12-11T16:54:29","date_gmt":"2009-12-11T14:54:29","guid":{"rendered":"http:\/\/www.korhanyilmaz.com\/?p=17092"},"modified":"2009-12-11T16:54:29","modified_gmt":"2009-12-11T14:54:29","slug":"maden-ocagindaki-gocukte-iscilerin-tamami-oldu","status":"publish","type":"post","link":"http:\/\/www.korhanyilmaz.com\/?p=17092","title":{"rendered":"Maden oca\u011f\u0131ndaki g\u00f6\u00e7\u00fckte i\u015f\u00e7ilerin tamam\u0131 \u00f6ld\u00fc&#8230;"},"content":{"rendered":"<p><a href=\"http:\/\/www.korhanyilmaz.com\/wp-content\/uploads\/2009\/12\/maden.jpg\"  class=\"lightview\"><img loading=\"lazy\" decoding=\"async\" class=\"aligncenter size-full wp-image-17093\" src=\"http:\/\/www.korhanyilmaz.com\/wp-content\/uploads\/2009\/12\/maden.jpg\" alt=\"\" width=\"292\" height=\"224\" \/><\/a><\/p>\n<p style=\"text-align: justify;\">Bursa&#8217;n\u0131n Mustafakemalpa\u015fa il\u00e7esine ba\u011fl\u0131 Deveci k\u00f6y\u00fcndeki maden oca\u011f\u0131nda meydana gelen g\u00f6\u00e7\u00fckte 19 i\u015f\u00e7inin tamam\u0131 hayat\u0131n\u0131 kaybetti. D\u00fcn ak\u015fam meydana gelen olay\u0131n ard\u0131ndan, sabah saatlerinde ac\u0131 haber geldi.<\/p>\n<p style=\"text-align: justify;\">\u015eu ana kadar 9 i\u015f\u00e7inin cesedi \u00e7\u0131kar\u0131labildi, ko\u015fullar ve g\u00fcvenlik gerek\u00e7esiyle di\u011fer cesetlere ula\u015f\u0131lam\u0131yor.<!--more--><\/p>\n<p style=\"text-align: justify;\">\u0130\u015f\u00e7ilerin b\u00f6lgede bekleyen yak\u0131nlar\u0131na cesetleri te\u015fhis etmeleri i\u00e7in anons yap\u0131l\u0131yor.<\/p>\n<p style=\"text-align: justify;\">G\u00f6\u00e7\u00fckten daha \u00f6nce cesetleri \u00e7\u0131kar\u0131lan Ali Kazan ve \u0130zzet Ku\u015fo\u011flu&#8217;nun cenazeleri ya\u015fad\u0131klar\u0131 k\u00f6ylerde topra\u011fa verilmi\u015fti.<\/p>\n<p style=\"text-align: justify;\"><strong><em>Bakan Din\u00e7er a\u00e7\u0131klad\u0131 <\/em><\/strong><\/p>\n<p style=\"text-align: justify;\">\u00c7al\u0131\u015fma ve Sosyal G\u00fcvenlik Bakan\u0131 \u00d6ner Din\u00e7er, g\u00f6\u00e7\u00fck meydana gelen maden oca\u011f\u0131nda kurtarma ekiplerinin olay\u0131n ya\u015fand\u0131\u011f\u0131 b\u00f6lgeye ula\u015ft\u0131\u011f\u0131n\u0131 belirterek, &#8220;Maalesef i\u015f\u00e7iler hakk\u0131n rahmetine kavu\u015ftu. Patlaman\u0131n etkisiyle oradaki tahkimat tamamen \u00e7\u00f6km\u00fc\u015f&#8221; dedi.<\/p>\n<p style=\"text-align: justify;\">Din\u00e7er, patlaman\u0131n etkisiyle ocaktaki tahkimat\u0131n tamamen \u00e7\u00f6kt\u00fc\u011f\u00fcn\u00fc belirterek, o nedenle \u00e7al\u0131\u015fmalar\u0131n temkinli bir \u015fekilde s\u00fcrd\u00fcr\u00fcld\u00fc\u011f\u00fcn\u00fc bildirdi.<\/p>\n<p style=\"text-align: justify;\">Bakan Din\u00e7er, madenin i\u00e7indeki \u00e7al\u0131\u015fmalar\u0131n d\u00fczenli bir \u015fekilde devam etti\u011fini belirterek, \u201cKurtarma ekiplerimiz g\u00f6\u00e7\u00fc\u011f\u00fcn arkas\u0131ndan dola\u015farak cesetlere ula\u015fmaya \u00e7al\u0131\u015f\u0131yor. \u0130\u015flerin 4 saat i\u00e7ersinde bitmesi planlan\u0131yor&#8221; dedi.<\/p>\n<p style=\"text-align: justify;\"><strong><em>Savc\u0131l\u0131k soru\u015fturma ba\u015flatt\u0131 <\/em><\/strong><\/p>\n<p style=\"text-align: justify;\">Bu arada, kazayla ilgili olarak Mustafakemalpa\u015fa Cumhuriyet Savc\u0131l\u0131\u011f\u0131 soru\u015fturma ba\u015flatt\u0131. Grizu patlamas\u0131n\u0131n ya\u015fand\u0131\u011f\u0131 maden oca\u011f\u0131na giden Cumhuriyet Savc\u0131s\u0131 Do\u011fan B\u00fclent Belli, olay yerinde inceleme yap\u0131p yetkililerden bilgi ald\u0131.<\/p>\n<p style=\"text-align: justify;\"><strong><em>Dinamit patlamas\u0131 sebep olmu\u015f <\/em><\/strong><\/p>\n<p style=\"text-align: justify;\">Bursa Valisi \u015eahabettin Harput, g\u00f6\u00e7\u00fc\u011f\u00fcn bir dinamit patlat\u0131lmas\u0131n\u0131n akabinde meydana geldi\u011fini belirtti.<\/p>\n<p style=\"text-align: justify;\">Olay\u0131n meydana geldi\u011fi yer 220 ile 250 metre derinlikte bulunuyor.<\/p>\n<p style=\"text-align: justify;\">Harput, olaya ilk olarak firman\u0131n kendi kurtarma ekiplerinin m\u00fcdahale etti\u011fini, sonras\u0131nda Sivil Savunma M\u00fcd\u00fcrl\u00fc\u011f\u00fc, AKUT, K\u00fctahya, Bal\u0131kesir Dursunbey ve Manisa Soma&#8217;dan gelen ekiplerin kurtarma \u00e7al\u0131\u015fmalar\u0131na dahil oldu\u011funu bildirdi.<\/p>\n<p style=\"text-align: justify;\">Olay yerine ula\u015fan CHP Milletvekili Abdullah \u00d6zer, saat 01.30 s\u0131ralar\u0131nda 19 i\u015f\u00e7inin hayat\u0131n\u0131 kaybetti\u011fini a\u00e7\u0131klam\u0131\u015ft\u0131. Ancak bu rakam, resmi makamlar taraf\u0131ndan do\u011frulanmam\u0131\u015ft\u0131.<\/p>\n<p style=\"text-align: justify;\"><strong><em>Olay <\/em><\/strong><\/p>\n<p style=\"text-align: justify;\">Grizu patlamas\u0131, Mustafakemalpa\u015fa il\u00e7esine 30 kilometre uzakl\u0131kta bulunan Alpagut k\u00f6y\u00fc yak\u0131nlar\u0131ndaki B\u00fckk\u00f6y Madencilik \u0130\u015fletmesi&#8217;nde d\u00fcn saat 19:30 s\u0131ralar\u0131nda oldu. 19 i\u015f\u00e7i yerin yakla\u015f\u0131k 220 metre alt\u0131nda mahsur kald\u0131.<\/p>\n<p style=\"text-align: justify;\">Ancak patlama sonucu olu\u015fan g\u00f6\u00e7\u00fck, i\u015f\u00e7ilere ula\u015f\u0131lmas\u0131n\u0131 engelledi.<\/p>\n<p style=\"text-align: justify;\">\u00c7evre illerden ve di\u011fer maden ocaklar\u0131ndan yard\u0131m ekipleri kurtarma \u00e7al\u0131\u015fmalar\u0131na kat\u0131ld\u0131. \u00c7al\u0131\u015fmalara kat\u0131lan 7 i\u015f\u00e7i zehirlenerek hastaneye kald\u0131r\u0131ld\u0131.<\/p>\n<p style=\"text-align: justify;\">Hava \u015fartlar\u0131 da \u00e7al\u0131\u015fmalara engel oldu. \u0130\u015f\u00e7ilerin kurtar\u0131lmas\u0131 i\u00e7in Zonguldak&#8217;tan \u00e7a\u011f\u0131r\u0131lan ekibin gelmesi beklendi. Ancak ekibi ta\u015f\u0131yan helikopter yo\u011fun sis nedeniyle ini\u015f yapamad\u0131. Geri d\u00f6nen helikopterdeki kurtarma ekipleri patlamadan saatler sonra karayolu ile Bursa&#8217;ya hareket etti.<\/p>\n<p style=\"text-align: justify;\">\u00c7al\u0131\u015fma ve Sosyal G\u00fcvenlik Bakan\u0131 \u00d6mer Din\u00e7er de hava \u015fartlar\u0131 nedeniyle olaydan yakla\u015f\u0131k 7.5 saat sonra Ankara&#8217;dan Bursa&#8217;ya geldi.<\/p>\n<p style=\"text-align: justify;\"><strong><em>Denetim d\u00fczenli yap\u0131lm\u0131\u015f <\/em><\/strong><\/p>\n<p style=\"text-align: justify;\">Bakan Din\u00e7er, g\u00f6\u00e7\u00fck meydana gelen \u00f6zel i\u015fletmeye ili\u015fkin, &#8220;\u0130\u015fletmenin d\u00fczenli olarak denetimi yap\u0131lm\u0131\u015f. Zaten biz maden ocaklar\u0131n\u0131 bakanl\u0131k olarak proje kapsam\u0131nda denetime tabi tutuyorduk&#8221; dedi.<\/p>\n<p style=\"text-align: justify;\"><strong><em>Hayat\u0131n\u0131 kaybeden i\u015f\u00e7ilerin kimlikleri <\/em><\/strong><\/p>\n<p style=\"text-align: justify;\">\u015eenol Kurt<\/p>\n<p style=\"text-align: justify;\">Ali Kazan<\/p>\n<p style=\"text-align: justify;\">\u0130zzet Ku\u015fo\u011flu<\/p>\n<p style=\"text-align: justify;\">Murat Ayd\u0131n<\/p>\n<p style=\"text-align: justify;\">Emir Ali Turhan<\/p>\n<p style=\"text-align: justify;\">Murat Hanay<\/p>\n<p style=\"text-align: justify;\">Mehmet Banbal<\/p>\n<p style=\"text-align: justify;\">Seyit Ali Akduman<\/p>\n<p style=\"text-align: justify;\">Mehmet Ku\u015fo\u011flu<\/p>\n<p style=\"text-align: justify;\">Yusuf Karaca<\/p>\n<p style=\"text-align: justify;\">Erol Boran<\/p>\n<p style=\"text-align: justify;\">Yunis Ar\u00e7i\u00e7ek<\/p>\n<p style=\"text-align: justify;\">Ramazan Ba\u015ftepe<\/p>\n<p style=\"text-align: justify;\">Ertu\u011frul Demiray<\/p>\n<p style=\"text-align: justify;\">Yahya Arabozan<\/p>\n<p style=\"text-align: justify;\">Erol \u0130kiz<\/p>\n<p style=\"text-align: justify;\">Muammer Akta\u015f<\/p>\n<p style=\"text-align: justify;\">Ahmet \u00c7etin<\/p>\n<p style=\"text-align: justify;\">Mehmet \u00c7etin.<\/p>\n<p style=\"text-align: justify;\"><strong><em>T\u00fcrkiye&#8217;de maden kazalar\u0131<\/em><\/strong><\/p>\n<p style=\"text-align: justify;\">T\u00fcrkiye asl\u0131nda maden kazalar\u0131n\u0131n \u00e7ok\u00e7a ya\u015fand\u0131\u011f\u0131 bir \u00fclke. Maden ocaklar\u0131nda bug\u00fcne kadar ya\u015fanan facialar\u0131n en b\u00fcy\u00fc\u011f\u00fc Zonguldak Kozlu&#8217;da 3 Mart 1992&#8217;de meydana geldi. Kazada 263 i\u015f\u00e7i hayat\u0131n\u0131 kaybetti.<\/p>\n<p style=\"text-align: justify;\">1941 y\u0131l\u0131ndan bu yana maden kazalar\u0131nda toplam, 3 bin 712 ki\u015fi hayat\u0131n\u0131 kaybederken, 373 bin 484 ki\u015fi de yaraland\u0131.<\/p>\n<p style=\"text-align: justify;\">T\u00fcrkiye&#8217;de 1941 ile 2008 y\u0131llar\u0131 aras\u0131nda maden ocaklar\u0131nda her y\u0131l ortalama 50 ile 100 i\u015f\u00e7i hayat\u0131n\u0131 kaybetti. Bunlardan en \u00f6nemlileri ise \u015f\u00f6yle:<\/p>\n<p style=\"text-align: justify;\">* 1942 y\u0131l\u0131nda toplam 108 i\u015f\u00e7i \u00f6ld\u00fc 3154 i\u015f\u00e7i yaraland\u0131<\/p>\n<p style=\"text-align: justify;\">* 1947 y\u0131l\u0131nda toplam 121 i\u015f\u00e7i \u00f6ld\u00fc 2664 i\u015f\u00e7i yaraland\u0131<\/p>\n<p style=\"text-align: justify;\">* 1955 y\u0131l\u0131nda toplam 122 i\u015f\u00e7i \u00f6ld\u00fc 5972 i\u015f\u00e7i yaraland\u0131<\/p>\n<p style=\"text-align: justify;\">* 1983 y\u0131l\u0131nda toplam 145 i\u015f\u00e7i \u00f6ld\u00fc 8159 i\u015f\u00e7i yaraland\u0131<\/p>\n<p style=\"text-align: justify;\">* 1992 y\u0131l\u0131nda ise zonguldak kozlu il\u00e7esinde ya\u015fanan grizu facias\u0131nda 263 i\u015f\u00e7i \u00f6ld\u00fc. Ayn\u0131 y\u0131l toplam 277 i\u015f\u00e7i hayat\u0131n kaybetti, 5 bin 403 i\u015f\u00e7i de yaraland\u0131.<\/p>\n<p style=\"text-align: justify;\"><strong><em>Olaya tepkiler <\/em><\/strong><\/p>\n<p style=\"text-align: justify;\"><strong><em>AK PART\u0130:<\/em><\/strong><\/p>\n<p style=\"text-align: justify;\">Ba\u015fbakan Erdo\u011fan, bu t\u00fcr \u00fcz\u00fcc\u00fc olaylar\u0131n bir daha tekrarlanmamas\u0131 i\u00e7in h\u00fck\u00fcmet olarak i\u015f sa\u011fl\u0131\u011f\u0131 ve g\u00fcvenli\u011finin tam olarak sa\u011flanmas\u0131 yolunda \u00f6nemli ad\u0131mlar att\u0131klar\u0131n\u0131 belirtti.<\/p>\n<p style=\"text-align: justify;\">Erdo\u011fan, mesaj\u0131nda &#8220;Yasal d\u00fczenlemeler kadar uygulama konusunda da eksikliklerin bir an \u00f6nce giderilmesi i\u00e7in \u00e7al\u0131\u015fmalar\u0131m\u0131za devam ediyoruz. Unutmamal\u0131y\u0131z ki insan hayat\u0131n\u0131n de\u011feri hi\u00e7bir maddi kazan\u00e7la k\u0131yaslanamaz. \u0130nan\u0131yorum ki ilgili herkes bu bilin\u00e7 ve sorumluluk duygusuyla, bu t\u00fcr \u00fcz\u00fcc\u00fc olaylar\u0131n bir daha ya\u015fanmamas\u0131 i\u00e7in azami gayret g\u00f6sterecektir. G\u00f6\u00e7\u00fc\u011f\u00fcn alt\u0131nda kalarak hayat\u0131n\u0131 kaybeden vatanda\u015flar\u0131m\u0131za Allah&#8217;tan rahmet, ailelerine, yak\u0131nlar\u0131na ve milletimize ba\u015fsa\u011fl\u0131\u011f\u0131 diliyorum&#8221; dedi.<\/p>\n<p style=\"text-align: justify;\"><strong><em>CHP:<\/em><\/strong><\/p>\n<p style=\"text-align: justify;\">CHP Genel Ba\u015fkan\u0131 Deniz Baykal, &#8220;Benzer ac\u0131lar\u0131n ya\u015fanmamas\u0131 i\u00e7in her seviyede konunun takip\u00e7isi olacaklar\u0131n\u0131&#8221; bildirdi.<\/p>\n<p style=\"text-align: justify;\">CHP Genel Merkezi&#8217;nden yap\u0131lan a\u00e7\u0131klamaya g\u00f6re, Mustafakemalpa\u015fa&#8217;daki maden oca\u011f\u0131nda ya\u015fam\u0131n\u0131 yitiren i\u015f\u00e7ilere rahmet, yak\u0131nlar\u0131na ba\u015fsa\u011fl\u0131\u011f\u0131 ve sab\u0131r dileyen Baykal, &#8220;Bursa&#8217;n\u0131n Mustafakemalpa\u015fa il\u00e7esindeki maden oca\u011f\u0131nda meydana gelen patlamay\u0131 b\u00fcy\u00fck bir \u00fcz\u00fcnt\u00fcyle \u00f6\u011frendim. G\u00f6\u00e7\u00fck olay\u0131n\u0131n meydana geldi\u011fi andan itibaren gerek milletvekilimiz, gerekse y\u00f6neticilerimiz, partililerimiz geli\u015fmeleri, kurtarma \u00e7al\u0131\u015fmalar\u0131n\u0131 yerinde izlediler. Bundan sonra da can kayb\u0131 olmamas\u0131, benzer ac\u0131lar\u0131n ya\u015fanmamas\u0131 i\u00e7in her seviyede konunun takip\u00e7isi olaca\u011f\u0131z. \u00d6te yandan, kurtarma \u00e7al\u0131\u015fmalar\u0131ndan sonu\u00e7 al\u0131namamas\u0131 ve g\u00f6\u00e7\u00fck alt\u0131nda kalan i\u015f\u00e7i karde\u015flerimizin tamam\u0131n\u0131n ya\u015fam\u0131n\u0131 yitirmesi ac\u0131m\u0131za ac\u0131, \u00fcz\u00fcnt\u00fcm\u00fcze \u00fcz\u00fcnt\u00fc katt\u0131&#8221; dedi.<\/p>\n<p style=\"text-align: justify;\"><strong><em>MHP:<\/em><\/strong><\/p>\n<p style=\"text-align: justify;\">MHP Genel Ba\u015fkan\u0131 Devlet Bah\u00e7eli, &#8220;Bu son olay\u0131n da g\u00f6sterdi\u011fi gibi i\u015f yeri g\u00fcvenli\u011fi, \u00e7al\u0131\u015fma ko\u015fullar\u0131, etkin kontrol ve denetim konular\u0131nda \u00e7ok ciddi sorunlar ya\u015fanmaktad\u0131r&#8221; dedi.<\/p>\n<p style=\"text-align: justify;\">Bah\u00e7eli, bu facian\u0131n b\u00fct\u00fcn y\u00f6nleriyle ara\u015ft\u0131r\u0131larak bunun nedenlerinin a\u00e7\u0131kl\u0131\u011fa kavu\u015fturulmas\u0131n\u0131n b\u00fcy\u00fcn \u00f6nem ta\u015f\u0131d\u0131\u011f\u0131n\u0131 vurgulayarak, &#8220;Maden i\u015f\u00e7ilerimiz \u00e7ok g\u00fc\u00e7 ve tehlikeli \u015fartlarda \u00e7al\u0131\u015fmaktad\u0131r. Bu son olay\u0131n da g\u00f6sterdi\u011fi gibi i\u015f yeri g\u00fcvenli\u011fi, \u00e7al\u0131\u015fma ko\u015fullar\u0131, etkin kontrol ve denetim konular\u0131nda \u00e7ok ciddi sorunlar ya\u015fanmaktad\u0131r. H\u00fck\u00fcmet, ya\u015fanan bu son faciada bu alanlarda bir ihmal olup olmad\u0131\u011f\u0131n\u0131 bir an \u00f6nce ortaya \u00e7\u0131karmal\u0131, sorumlular\u0131n adalet \u00f6n\u00fcnde hesap verece\u011fi s\u00fcreci derhal ba\u015flatmal\u0131d\u0131r. Bunun yan\u0131 s\u0131ra, maden i\u015f\u00e7ilerimizin \u00e7al\u0131\u015fma ko\u015fullar\u0131 ile emniyet ve g\u00fcvenlik alanlar\u0131nda ya\u015fanan sorunlar\u0131n ve s\u0131k\u0131nt\u0131lar\u0131n \u00e7\u00f6z\u00fcm\u00fc i\u00e7in gerekli uluslararas\u0131 standartlara uygun d\u00fczenlemeler vakit ge\u00e7irilmeksizin belirlenmeli ve uygulamaya konulmal\u0131d\u0131r&#8221; dedi.<\/p>\n<p style=\"text-align: justify;\"><strong><em>DTP:<\/em><\/strong><\/p>\n<p style=\"text-align: justify;\">DTP Genel Merkezinden, Bursa&#8217;n\u0131n Mustafakemalpa\u015fa il\u00e7esindeki maden oca\u011f\u0131nda meydana gelen patlama ve benzeri olaylar\u0131n meydana gelmemesi gerekli denetimlerin yap\u0131lmas\u0131 istendi.<\/p>\n<p style=\"text-align: justify;\">Yap\u0131lan a\u00e7\u0131klamada, &#8220;G\u00f6\u00e7\u00fck alt\u0131nda kalan i\u015f\u00e7ilerin zaman\u0131nda m\u00fcdahale edilmemesi sonucunda ne yaz\u0131k ki 19 i\u015f\u00e7imiz hayat\u0131n\u0131 kaybetmi\u015ftir. T\u00fcrkiye&#8217;de i\u015f\u00e7i ve emek\u00e7ilerin hem \u00e7al\u0131\u015fma ko\u015fullar\u0131 hem de i\u015f sa\u011fl\u0131\u011f\u0131 ve i\u015f g\u00fcvenli\u011fi konusunda \u00e7ok ciddi sorunlar ya\u015fanmaktad\u0131r. Yine Bursa&#8217;da daha \u00f6nce tekstil i\u015f\u00e7isi 7 kad\u0131n yanarak can vermi\u015fti, Tuzla tersaneleri, maden i\u015f\u00e7ilerinin \u00e7al\u0131\u015fma alanlar\u0131 risk gruplar\u0131 aras\u0131ndad\u0131r. \u00c7al\u0131\u015fma ve Sosyal G\u00fcvenlik Bakanl\u0131\u011f\u0131n\u0131n risk grubunda olan bu alanlar\u0131 d\u00fczenli denetlemeleri, i\u015f sa\u011fl\u0131\u011f\u0131 ve i\u015f g\u00fcvenli\u011fi konusunda daha ciddi tedbirler almas\u0131 gerekirken bakanl\u0131k bu sorumlulu\u011funu yerine getirmeyerek bu t\u00fcr kazalar\u0131n meydana gelmesine ve \u00f6l\u00fcmlere yol a\u00e7m\u0131\u015ft\u0131r. Bundan sonra bu tip kazalar\u0131n meydana gelmemesi ve can kayb\u0131na neden olmamas\u0131 i\u00e7in, gerekli denetimlerin yap\u0131lmas\u0131, i\u015f sa\u011fl\u0131\u011f\u0131 ve i\u015f g\u00fcvenli\u011finin sa\u011flanmas\u0131 ve bu olayda sorumlulu\u011fu bulunanlar\u0131n a\u00e7\u0131\u011fa \u00e7\u0131kart\u0131larak yarg\u0131lanmas\u0131 gerekmektedir. G\u00f6\u00e7\u00fck alt\u0131nda ya\u015fam\u0131n\u0131 yitiren 19 i\u015f\u00e7imize Allah&#8217;tan rahmet, ac\u0131l\u0131 ailelerine ba\u015fsa\u011fl\u0131\u011f\u0131 ve sab\u0131r diliyoruz&#8221; denildi.<\/p>\n<p style=\"text-align: justify;\"><span style=\"color: #888888;\">CNN T\u00dcRK<\/span><\/p>\n","protected":false},"excerpt":{"rendered":"<\/p>\n<p style=\"text-align: justify;\">Bursa&#8217;n\u0131n Mustafakemalpa\u015fa il\u00e7esine ba\u011fl\u0131 Deveci k\u00f6y\u00fcndeki maden oca\u011f\u0131nda meydana gelen g\u00f6\u00e7\u00fckte 19 i\u015f\u00e7inin tamam\u0131 hayat\u0131n\u0131 kaybetti. D\u00fcn ak\u015fam meydana gelen olay\u0131n ard\u0131ndan, sabah saatlerinde ac\u0131 haber geldi.<\/p>\n<p style=\"text-align: justify;\">\u015eu ana kadar 9 i\u015f\u00e7inin cesedi \u00e7\u0131kar\u0131labildi, ko\u015fullar ve g\u00fcvenlik gerek\u00e7esiyle di\u011fer cesetlere ula\u015f\u0131lam\u0131yor.<\/p>\n","protected":false},"author":1,"featured_media":0,"comment_status":"open","ping_status":"closed","sticky":false,"template":"","format":"standard","meta":{"footnotes":""},"categories":[105],"tags":[],"class_list":["post-17092","post","type-post","status-publish","format-standard","hentry","category-gundem","odd"],"_links":{"self":[{"href":"http:\/\/www.korhanyilmaz.com\/index.php?rest_route=\/wp\/v2\/posts\/17092","targetHints":{"allow":["GET"]}}],"collection":[{"href":"http:\/\/www.korhanyilmaz.com\/index.php?rest_route=\/wp\/v2\/posts"}],"about":[{"href":"http:\/\/www.korhanyilmaz.com\/index.php?rest_route=\/wp\/v2\/types\/post"}],"author":[{"embeddable":true,"href":"http:\/\/www.korhanyilmaz.com\/index.php?rest_route=\/wp\/v2\/users\/1"}],"replies":[{"embeddable":true,"href":"http:\/\/www.korhanyilmaz.com\/index.php?rest_route=%2Fwp%2Fv2%2Fcomments&post=17092"}],"version-history":[{"count":0,"href":"http:\/\/www.korhanyilmaz.com\/index.php?rest_route=\/wp\/v2\/posts\/17092\/revisions"}],"wp:attachment":[{"href":"http:\/\/www.korhanyilmaz.com\/index.php?rest_route=%2Fwp%2Fv2%2Fmedia&parent=17092"}],"wp:term":[{"taxonomy":"category","embeddable":true,"href":"http:\/\/www.korhanyilmaz.com\/index.php?rest_route=%2Fwp%2Fv2%2Fcategories&post=17092"},{"taxonomy":"post_tag","embeddable":true,"href":"http:\/\/www.korhanyilmaz.com\/index.php?rest_route=%2Fwp%2Fv2%2Ftags&post=17092"}],"curies":[{"name":"wp","href":"https:\/\/api.w.org\/{rel}","templated":true}]}}