{"id":17088,"date":"2009-12-11T21:11:32","date_gmt":"2009-12-11T19:11:32","guid":{"rendered":"http:\/\/www.korhanyilmaz.com\/?p=17088"},"modified":"2009-12-11T21:11:32","modified_gmt":"2009-12-11T19:11:32","slug":"dtpnin-meclis-grubu-da-sona-erdi","status":"publish","type":"post","link":"http:\/\/www.korhanyilmaz.com\/?p=17088","title":{"rendered":"DTP&#039;nin Meclis grubu da sona erdi"},"content":{"rendered":"<p style=\"text-align: center;\"><a href=\"http:\/\/www.korhanyilmaz.com\/wp-content\/uploads\/2009\/12\/DTP2.jpg\"  class=\"lightview\"><img loading=\"lazy\" decoding=\"async\" class=\"aligncenter size-full wp-image-17089\" src=\"http:\/\/www.korhanyilmaz.com\/wp-content\/uploads\/2009\/12\/DTP2.jpg\" alt=\"\" width=\"307\" height=\"236\" \/><\/a><\/p>\n<p style=\"text-align: justify;\">Anayasa Mahkemesi&#8217;nin DTP&#8217;yi kapatma karar\u0131ndan sonra bu partinin TBMM grubunun t\u00fczel ki\u015fili\u011fi de sona erdi.<\/p>\n<p style=\"text-align: justify;\">Y\u00fcksek Mahkemenin kapatma karar\u0131ndan sonra DTP TBMM Grubu bug\u00fcn itibar\u0131yla d\u00fc\u015ft\u00fc. B\u00f6ylece, bu partinin TBMM Ba\u015fkanl\u0131k Divan\u0131nda yer alan &#8220;idare amiri&#8221; kontenjan\u0131 da sona ermi\u015f olacak.<\/p>\n<p style=\"text-align: justify;\">Kapat\u0131lan DTP&#8217;nin, TBMM Genel Kurulunda 14 Aral\u0131k Pazartesi g\u00fcn\u00fc yap\u0131lacak olan 2010 Y\u0131l\u0131 Merkezi Y\u00f6netim B\u00fct\u00e7e Kanunu Tasar\u0131s\u0131&#8217;n\u0131n t\u00fcm\u00fc \u00fczerinde gruplar ad\u0131na verilen s\u00f6z hakk\u0131 da iptal edilecek. <!--more--><\/p>\n<p style=\"text-align: justify;\">DTP milletvekilleri yeni bir parti alt\u0131nda Meclis grubu olu\u015fturmad\u0131\u011f\u0131 s\u00fcrece, bu partiye ayr\u0131lan grup odas\u0131 ve Grup Ba\u015fkanvekili odalar\u0131 da bo\u015falt\u0131lacak.<\/p>\n<p style=\"text-align: justify;\">Y\u00fcksek Mahkeme karar\u0131n\u0131n Resmi Gazete&#8217;de gerek\u00e7eli olarak yay\u0131mlanmas\u0131ndan sonra da Mardin Milletvekili Ahmet T\u00fcrk ile Diyarbak\u0131r Milletvekili Aysel Tu\u011fluk&#8217;un milletvekillikleri sona erecek.<\/p>\n<p style=\"text-align: justify;\">Say\u0131s\u0131 19&#8217;a d\u00fc\u015fecek milletvekili grubu, 20. milletvekilini bulur ve bu milletvekilleri bir ba\u015fka partiye ge\u00e7erse yeniden TBMM Grubu olu\u015fturabilecekler.<\/p>\n<p style=\"text-align: justify;\"><strong><em>Ba\u011f\u0131ms\u0131zlar\u0131n say\u0131s\u0131 30&#8217;a y\u00fckseldi <\/em><\/strong><\/p>\n<p style=\"text-align: justify;\">DTP Grubunun d\u00fc\u015fmesiyle Meclisteki ba\u011f\u0131ms\u0131z milletvekili say\u0131s\u0131 da 30&#8217;a y\u00fckseldi. Partilere g\u00f6re, sandalye da\u011f\u0131l\u0131m\u0131 \u015f\u00f6yle:<\/p>\n<p style=\"text-align: justify;\">Adalet Ve Kalk\u0131nma Partisi: 338<\/p>\n<p style=\"text-align: justify;\">Cumhuriyet Halk Partisi: 97<\/p>\n<p style=\"text-align: justify;\">Milliyet\u00e7i Hareket Partisi: 69<\/p>\n<p style=\"text-align: justify;\">Ba\u011f\u0131ms\u0131z Milletvekili:30<\/p>\n<p style=\"text-align: justify;\">Demokratik Sol Parti: 8<\/p>\n<p style=\"text-align: justify;\">Demokrat Parti: 1<\/p>\n<p style=\"text-align: justify;\">T\u00fcrkiye Partisi: 1<\/p>\n<p style=\"text-align: justify;\">Toplam: 544<\/p>\n<p style=\"text-align: justify;\"><strong><em>Ba\u011f\u0131ms\u0131z gelip grup kurmu\u015flard\u0131<\/em><\/strong><\/p>\n<p style=\"text-align: justify;\">22 Temmuz 2007 se\u00e7imlerinde TBMM&#8217;ye ba\u011f\u0131ms\u0131z olarak giren 21 milletvekili daha sonra DTP&#8217;ye kat\u0131larak, Meclis grubu olu\u015fturmu\u015flard\u0131.<\/p>\n<p style=\"text-align: justify;\">Bir\u00e7ok milletvekili Anayasa Mahkemesi Ba\u015fkan\u0131 Ha\u015fim K\u0131l\u0131\u00e7&#8217;\u0131n, DTP&#8217;nin kapat\u0131lmas\u0131na ili\u015fkin karar\u0131n\u0131, Genel Kurul Salonundan ayr\u0131larak, kulisteki televizyonlardan takip etti. CHP Grup Ba\u015fkanvekili Kemal Anadol da gazetecilerin de\u011ferlendirme yap\u0131p yapmayaca\u011f\u0131na ili\u015fkin sorusuna, &#8220;Siyasi de\u011ferlendirmeyi zaten o yap\u0131yor. Ben Ha\u015fim K\u0131l\u0131\u00e7 de\u011filim. Tepkiyi o g\u00f6steriyor&#8221; kar\u015f\u0131l\u0131\u011f\u0131n\u0131 verdi.<\/p>\n<p style=\"text-align: justify;\"><span style=\"color: #888888;\">CNN T\u00dcRK<\/span><\/p>\n","protected":false},"excerpt":{"rendered":"<p style=\"text-align: center;\">\n<p style=\"text-align: justify;\">Anayasa Mahkemesi&#8217;nin DTP&#8217;yi kapatma karar\u0131ndan sonra bu partinin TBMM grubunun t\u00fczel ki\u015fili\u011fi de sona erdi.<\/p>\n<p style=\"text-align: justify;\">Y\u00fcksek Mahkemenin kapatma karar\u0131ndan sonra DTP TBMM Grubu bug\u00fcn itibar\u0131yla d\u00fc\u015ft\u00fc. B\u00f6ylece, bu partinin TBMM Ba\u015fkanl\u0131k Divan\u0131nda yer alan &#8220;idare amiri&#8221; kontenjan\u0131 da sona ermi\u015f olacak.<\/p>\n<p style=\"text-align: justify;\">Kapat\u0131lan DTP&#8217;nin, TBMM Genel Kurulunda <\/p>\n","protected":false},"author":1,"featured_media":0,"comment_status":"open","ping_status":"closed","sticky":false,"template":"","format":"standard","meta":{"footnotes":""},"categories":[105],"tags":[],"class_list":["post-17088","post","type-post","status-publish","format-standard","hentry","category-gundem","odd"],"_links":{"self":[{"href":"http:\/\/www.korhanyilmaz.com\/index.php?rest_route=\/wp\/v2\/posts\/17088","targetHints":{"allow":["GET"]}}],"collection":[{"href":"http:\/\/www.korhanyilmaz.com\/index.php?rest_route=\/wp\/v2\/posts"}],"about":[{"href":"http:\/\/www.korhanyilmaz.com\/index.php?rest_route=\/wp\/v2\/types\/post"}],"author":[{"embeddable":true,"href":"http:\/\/www.korhanyilmaz.com\/index.php?rest_route=\/wp\/v2\/users\/1"}],"replies":[{"embeddable":true,"href":"http:\/\/www.korhanyilmaz.com\/index.php?rest_route=%2Fwp%2Fv2%2Fcomments&post=17088"}],"version-history":[{"count":0,"href":"http:\/\/www.korhanyilmaz.com\/index.php?rest_route=\/wp\/v2\/posts\/17088\/revisions"}],"wp:attachment":[{"href":"http:\/\/www.korhanyilmaz.com\/index.php?rest_route=%2Fwp%2Fv2%2Fmedia&parent=17088"}],"wp:term":[{"taxonomy":"category","embeddable":true,"href":"http:\/\/www.korhanyilmaz.com\/index.php?rest_route=%2Fwp%2Fv2%2Fcategories&post=17088"},{"taxonomy":"post_tag","embeddable":true,"href":"http:\/\/www.korhanyilmaz.com\/index.php?rest_route=%2Fwp%2Fv2%2Ftags&post=17088"}],"curies":[{"name":"wp","href":"https:\/\/api.w.org\/{rel}","templated":true}]}}