{"id":17085,"date":"2009-12-12T00:27:35","date_gmt":"2009-12-11T22:27:35","guid":{"rendered":"http:\/\/www.korhanyilmaz.com\/?p=17085"},"modified":"2009-12-12T00:27:35","modified_gmt":"2009-12-11T22:27:35","slug":"ab-karar-kaygi-verici","status":"publish","type":"post","link":"http:\/\/www.korhanyilmaz.com\/?p=17085","title":{"rendered":"AB: &quot;Karar kayg\u0131 verici&quot;"},"content":{"rendered":"<p style=\"text-align: center;\"><a href=\"http:\/\/www.korhanyilmaz.com\/wp-content\/uploads\/2009\/12\/AB.jpg\"  class=\"lightview\"><img loading=\"lazy\" decoding=\"async\" class=\"aligncenter size-full wp-image-17086\" src=\"http:\/\/www.korhanyilmaz.com\/wp-content\/uploads\/2009\/12\/AB.jpg\" alt=\"\" width=\"307\" height=\"236\" \/><\/a><\/p>\n<p style=\"text-align: justify;\">Demokratik Toplum Partisi&#8217;nin kapat\u0131lmas\u0131na d\u00fcnyadan tepkiler gelmeye ba\u015flad\u0131. \u0130lk tepki Avrupa Birli\u011fi&#8217;nden&#8230; Avrupa Birli\u011fi d\u00f6nem ba\u015fkanl\u0131\u011f\u0131 karar\u0131 kayg\u0131 verici olarak nitelendirdi.<\/p>\n<p style=\"text-align: justify;\">AB D\u00f6nem Ba\u015fkan\u0131 \u0130sve\u00e7&#8217;ten yap\u0131lan a\u00e7\u0131klamada, Avrupa Birli\u011fi&#8217;nin s\u00fcreci yak\u0131ndan takip etti\u011fi belirtildi, &#8220;AB \u015fiddet ve ter\u00f6rizmi g\u00fc\u00e7l\u00fc \u015fekilde k\u0131narken, ba\u015fkanl\u0131k olarak politik partilerle ilgili sorunlar\u0131n kabul edilebilir \u00f6l\u00e7\u00fclerle \u00e7\u00f6z\u00fclmesi gerekti\u011fi \u00e7a\u011fr\u0131s\u0131n\u0131 yineliyoruz&#8221; denildi. <!--more--><\/p>\n<p style=\"text-align: justify;\">T\u00fcrkiye-AB Karma Parlamento Komisyonu E\u015fba\u015fkan\u0131 Helene Flautre de, DTP&#8217;nin kapat\u0131lmas\u0131 karar\u0131n\u0131n &#8220;demokratik a\u00e7\u0131lma sabotaj&#8221; anlam\u0131na geldi\u011fini savundu.<\/p>\n<p style=\"text-align: justify;\">Yaz\u0131l\u0131 a\u00e7\u0131klama yapan  Flautre, Avrupa Parlamentosu&#8217;ndaki Ye\u015filler Grubu&#8217;nun bu karardan derin \u00fcz\u00fcnt\u00fc duydu\u011funu belirtti.<\/p>\n<p style=\"text-align: justify;\">A\u00e7\u0131klamada, &#8220;Bu karar \u00e7ok ciddi ve T\u00fcrkiye&#8217;de demokratik a\u00e7\u0131l\u0131ma sabotaj olarak de\u011ferlendirilebilir&#8221; denildi.<\/p>\n<p style=\"text-align: justify;\">Flautre, DTP liderlerinin karara kar\u015f\u0131 Avrupa \u0130nsan Haklar\u0131 Mahkemesi dahil t\u00fcm yasal yollar\u0131 kullanmalar\u0131n\u0131 istedi.<\/p>\n<p style=\"text-align: justify;\">AB Komisyonu&#8217;nun da bir a\u00e7\u0131klama yapaca\u011f\u0131, siyasi partiler yasas\u0131n\u0131n de\u011fi\u015ftirilmesi \u00e7a\u011fr\u0131s\u0131nda bulunaca\u011f\u0131 belirtiliyor.<\/p>\n<p style=\"text-align: justify;\">Komisyonun, parti kapatmalar\u0131n\u0131n &#8220;Venedik kriterlerine&#8221; uygun hale getirmesini isteyece\u011fi de gelen bilgiler aras\u0131nda.<\/p>\n<p style=\"text-align: justify;\">Komisyonun a\u00e7\u0131klamas\u0131nda, demokratik a\u00e7\u0131l\u0131m\u0131n\u0131n s\u00fcrd\u00fcr\u00fclmesini isteyece\u011fi de ifade ediliyor.<\/p>\n<p style=\"text-align: justify;\"><strong><em>ABD a\u00e7\u0131klama yapacak <\/em><\/strong><\/p>\n<p style=\"text-align: justify;\">ABD D\u0131\u015fi\u015fleri Bakanl\u0131\u011f\u0131 S\u00f6zc\u00fcs\u00fc Ian Kelly, DTP&#8217;nin kapat\u0131lmas\u0131 konusunu ABD&#8217;nin Ankara B\u00fcy\u00fckel\u00e7isi James Jeffrey ile g\u00f6r\u00fc\u015ft\u00fcklerini, konuyla ilgili daha sonra a\u00e7\u0131klama yapacaklar\u0131n\u0131 s\u00f6yledi.<\/p>\n<p style=\"text-align: justify;\">Kelly, D\u0131\u015fi\u015fleri Bakanl\u0131\u011f\u0131nda d\u00fczenledi\u011fi g\u00fcnl\u00fck bas\u0131n toplant\u0131s\u0131nda ABD&#8217;nin konuyla ilgili g\u00f6r\u00fc\u015f\u00fcn\u00fcn sorulmas\u0131 \u00fczerine, B\u00fcy\u00fckel\u00e7i Jeffrey&#8217;nin \u015fu anda Washington&#8217;da bulundu\u011funu ve kendisiyle konuyu g\u00f6r\u00fc\u015ft\u00fcklerini s\u00f6yledi.<\/p>\n<p style=\"text-align: justify;\">Kelly, &#8220;Do\u011fru reaksiyon g\u00f6sterece\u011fimizden emin olmak ve B\u00fcy\u00fckel\u00e7i Jeffrey&#8217;den g\u00f6r\u00fc\u015flerini almak istiyoruz. Dolay\u0131s\u0131yla bu konuyla ilgili g\u00f6r\u00fc\u015flerimizi daha sonra a\u00e7\u0131klayaca\u011f\u0131z&#8221; dedi.<\/p>\n<p style=\"text-align: justify;\"><span style=\"color: #888888;\">CNN T\u00dcRK<\/span><\/p>\n","protected":false},"excerpt":{"rendered":"<p style=\"text-align: center;\">\n<p style=\"text-align: justify;\">Demokratik Toplum Partisi&#8217;nin kapat\u0131lmas\u0131na d\u00fcnyadan tepkiler gelmeye ba\u015flad\u0131. \u0130lk tepki Avrupa Birli\u011fi&#8217;nden&#8230; Avrupa Birli\u011fi d\u00f6nem ba\u015fkanl\u0131\u011f\u0131 karar\u0131 kayg\u0131 verici olarak nitelendirdi.<\/p>\n<p style=\"text-align: justify;\">AB D\u00f6nem Ba\u015fkan\u0131 \u0130sve\u00e7&#8217;ten yap\u0131lan a\u00e7\u0131klamada, Avrupa Birli\u011fi&#8217;nin s\u00fcreci yak\u0131ndan takip etti\u011fi belirtildi, &#8220;AB \u015fiddet ve ter\u00f6rizmi g\u00fc\u00e7l\u00fc \u015fekilde k\u0131narken, ba\u015fkanl\u0131k olarak politik partilerle ilgili sorunlar\u0131n kabul <\/p>\n","protected":false},"author":1,"featured_media":0,"comment_status":"open","ping_status":"closed","sticky":false,"template":"","format":"standard","meta":{"footnotes":""},"categories":[105],"tags":[],"class_list":["post-17085","post","type-post","status-publish","format-standard","hentry","category-gundem","odd"],"_links":{"self":[{"href":"http:\/\/www.korhanyilmaz.com\/index.php?rest_route=\/wp\/v2\/posts\/17085","targetHints":{"allow":["GET"]}}],"collection":[{"href":"http:\/\/www.korhanyilmaz.com\/index.php?rest_route=\/wp\/v2\/posts"}],"about":[{"href":"http:\/\/www.korhanyilmaz.com\/index.php?rest_route=\/wp\/v2\/types\/post"}],"author":[{"embeddable":true,"href":"http:\/\/www.korhanyilmaz.com\/index.php?rest_route=\/wp\/v2\/users\/1"}],"replies":[{"embeddable":true,"href":"http:\/\/www.korhanyilmaz.com\/index.php?rest_route=%2Fwp%2Fv2%2Fcomments&post=17085"}],"version-history":[{"count":0,"href":"http:\/\/www.korhanyilmaz.com\/index.php?rest_route=\/wp\/v2\/posts\/17085\/revisions"}],"wp:attachment":[{"href":"http:\/\/www.korhanyilmaz.com\/index.php?rest_route=%2Fwp%2Fv2%2Fmedia&parent=17085"}],"wp:term":[{"taxonomy":"category","embeddable":true,"href":"http:\/\/www.korhanyilmaz.com\/index.php?rest_route=%2Fwp%2Fv2%2Fcategories&post=17085"},{"taxonomy":"post_tag","embeddable":true,"href":"http:\/\/www.korhanyilmaz.com\/index.php?rest_route=%2Fwp%2Fv2%2Ftags&post=17085"}],"curies":[{"name":"wp","href":"https:\/\/api.w.org\/{rel}","templated":true}]}}