{"id":17081,"date":"2009-12-11T21:07:38","date_gmt":"2009-12-11T19:07:38","guid":{"rendered":"http:\/\/www.korhanyilmaz.com\/?p=17081"},"modified":"2009-12-11T21:07:38","modified_gmt":"2009-12-11T19:07:38","slug":"ve-dtp-kapatildi","status":"publish","type":"post","link":"http:\/\/www.korhanyilmaz.com\/?p=17081","title":{"rendered":"Ve DTP kapat\u0131ld\u0131&#8230;"},"content":{"rendered":"<p style=\"text-align: center;\"><a href=\"http:\/\/www.korhanyilmaz.com\/wp-content\/uploads\/2009\/12\/kapatma.jpg\"  class=\"lightview\"><img loading=\"lazy\" decoding=\"async\" class=\"aligncenter size-full wp-image-17082\" src=\"http:\/\/www.korhanyilmaz.com\/wp-content\/uploads\/2009\/12\/kapatma.jpg\" alt=\"\" width=\"307\" height=\"236\" \/><\/a><\/p>\n<p style=\"text-align: justify;\">Anayasa Mahkemesi, eylemleri yan\u0131nda, ter\u00f6r \u00f6rg\u00fct\u00fcyle olan ba\u011flant\u0131lar\u0131 da de\u011ferlendirildi\u011finde devletin \u00fclkesi ve milletiyle b\u00f6l\u00fcnmez b\u00fct\u00fcnl\u00fc\u011f\u00fcne ayk\u0131r\u0131 nitelikteki fiillerin i\u015flendi\u011fi bir odak haline geldi\u011fi gerek\u00e7esiyle, DTP&#8217;nin temelli kapat\u0131lmas\u0131na karar verdi. Y\u00fcksek mahkemenin 11 \u00fcyesinin tamam\u0131 partinin kapat\u0131lmas\u0131 y\u00f6n\u00fcnde oy verdi.<!--more--><\/p>\n<p style=\"text-align: justify;\">Y\u00fcksek mahkeme, 2&#8217;si milletvekili 37 DTP&#8217;liye de siyasi yasak getirdi. DTP lideri Ahmet T\u00fcrk ile DTP milletvekili Aysel Tu\u011fluk&#8217;un vekilli\u011fi d\u00fc\u015ft\u00fc.<\/p>\n<p style=\"text-align: justify;\">Ter\u00f6re kar\u0131\u015fm\u0131\u015f bir partiye \u00f6rg\u00fctlenme \u00f6zg\u00fcrl\u00fc\u011f\u00fc verilemeyece\u011fini s\u00f6yleyen Anayasa Mahkemesi Ba\u015fkan\u0131 Ha\u015fim K\u0131l\u0131\u00e7, karar\u0131n, Anayasa&#8217;n\u0131n 68 ve 69. maddeleriyle Siyasi Partiler Kanunu&#8217;nun 101 ve 103. maddeleri gere\u011fince al\u0131nd\u0131\u011f\u0131n\u0131 a\u00e7\u0131klad\u0131.<\/p>\n<p style=\"text-align: justify;\">K\u0131l\u0131\u00e7, karar\u0131 a\u00e7\u0131klad\u0131ktan sonra siyasi akt\u00f6rlere dikkat \u00e7ekici bir \u00e7a\u011fr\u0131 yapt\u0131 ve &#8220;Hukukun y\u00fck\u00fcn\u00fc mahkemeler \u00e7eker. Siyasetin y\u00fck\u00fcn\u00fc de siyaset\u00e7ilerin \u00e7ekmesi laz\u0131m. Kimse mahkemelerden siyasi bir g\u00f6rev \u015feklinde bir yard\u0131m beklememelidir. Bekleme hakk\u0131 da yoktur&#8221; dedi.<\/p>\n<p style=\"text-align: justify;\">K\u0131l\u0131\u00e7, ihtiya\u00e7 duyulan anayasal ya da yasal de\u011fi\u015fikliklerin yap\u0131lmas\u0131 i\u00e7in her f\u0131rsatta siyasi partilere \u00e7a\u011fr\u0131da bulunduklar\u0131n\u0131, ancak \u00e7a\u011fr\u0131lar\u0131n\u0131 duyuramad\u0131klar\u0131n\u0131 belirtti.<\/p>\n<p style=\"text-align: justify;\">Yarg\u0131tay Cumhuriyet Ba\u015fsavc\u0131l\u0131\u011f\u0131, DTP&#8217;nin, &#8220;devletin \u00fclkesi ve milletiyle b\u00f6l\u00fcnmez b\u00fct\u00fcnl\u00fc\u011f\u00fc aleyhine eylemlerin oda\u011f\u0131&#8221; haline geldi\u011fi gerek\u00e7esiyle, temelli olarak kapat\u0131lmas\u0131 istemiyle 16 Kas\u0131m 2007&#8217;de dava a\u00e7m\u0131\u015ft\u0131.<\/p>\n<p style=\"text-align: justify;\"><strong><em>1. T\u00fcrk ve Tu\u011fluk&#8217;un vekilli\u011fi d\u00fc\u015ft\u00fc <\/em><\/strong><\/p>\n<p style=\"text-align: justify;\">Bug\u00fcn 9 saat s\u00fcren toplant\u0131n\u0131n ard\u0131ndan karar\u0131 a\u00e7\u0131klayan Anayasa Mahkemesi Ba\u015fkan\u0131 Ha\u015fim K\u0131l\u0131\u00e7, beyan ve eylemleriyle partinin kapat\u0131lmas\u0131n neden olan DTP Genel Ba\u015fkan\u0131 ve Mardin Milletvekili Ahmet T\u00fcrk ile Diyarbak\u0131r Milletvekili Aysel Tu\u011fluk&#8217;un milletvekilliklerinin, Anayasa&#8217;n\u0131n 84. maddesinin son f\u0131kras\u0131 uyar\u0131nca, gerek\u00e7eli karar\u0131n Resmi Gazete&#8217;de yay\u0131mland\u0131\u011f\u0131 tarihten itibaren sona ermesine karar verildi\u011fini belirtti.<\/p>\n<p style=\"text-align: justify;\"><strong><em>2. \u0130\u015fte siyasi yasakl\u0131 isimler<\/em><\/strong><\/p>\n<p style=\"text-align: justify;\">K\u0131l\u0131\u00e7, beyan ve eylemleriyle partinin kapat\u0131lmas\u0131na neden olan kurucular\u0131 dahil \u00fcyelerinden Abdulkadir F\u0131rat, Abdullah \u0130sna\u00e7, Ahmet Ay, Ahmet Ertak, Ahmet T\u00fcrk, Ali Bozan, Ayhan Ayaz, Ayd\u0131n Budak, Ayhan Karabulut, Aysel Tu\u011fluk, Bedri F\u0131rat, Cemal Kuhak, Deniz Ye\u015filyurt, Ferhan T\u00fcrk, Fettah Dada\u015f, Hac\u0131 \u00dczen, Halit Kahraman, Hadice Ad\u0131belli, Hilmi Aydo\u011fdu, H\u00fcseyin Bekta\u015fo\u011flu, H\u00fcseyin Kalkan, \u0130brahim Sungur, \u0130zzet Belyar, Kemal Akta\u015f, Leyla Zana, Mehmet Salih Sa\u011flam, Mehmet Veysi Dilek\u00e7i, Metin Tek\u00e7e, Murat Avc\u0131, Murat Ta\u015f, Musa Fariso\u011fullar\u0131, Mustafa Tu\u00e7, Necdet Atalay, Nurettin Demirta\u015f, Orhan Miro\u011flu, Sedat Yurtta\u015f ve Selim Sadak&#8217;\u0131n, Anayasa&#8217;n\u0131n 69. maddesinin 9. f\u0131kras\u0131 gere\u011fince, gerek\u00e7eli karar\u0131n Resmi Gazete&#8217;de yay\u0131mlanmas\u0131ndan ba\u015flayarak 5 y\u0131l s\u00fcreyle bir ba\u015fka partinin kurucusu, \u00fcyesi y\u00f6neticisi ve denet\u00e7isi olamayacaklar\u0131n\u0131 bildirdi.<\/p>\n<p style=\"text-align: justify;\">Anayasa&#8217;ya g\u00f6re Anayasa Mahkemesi karar\u0131 Meclis&#8217;e bildirildi\u011fi andan itibaren milletvekilli\u011fi otomatikman d\u00fc\u015f\u00fcr\u00fcl\u00fcyor, Milletvekilli\u011finin d\u00fc\u015fmesiyle birlikte 5 y\u0131ll\u0131k siyasi yasak da ba\u015fl\u0131yor.<\/p>\n<p style=\"text-align: justify;\"><strong><em>3. T\u00fczel ki\u015filik sona erdi <\/em><\/strong><\/p>\n<p style=\"text-align: justify;\">K\u0131l\u0131\u00e7, parti t\u00fczel ki\u015fili\u011finin, kapatma karar\u0131n\u0131n verildi\u011fi tarihte sona ermesine h\u00fckmedildi\u011fini bildirdi.<\/p>\n<p style=\"text-align: justify;\">Anayasa Mahkemesi, partinin t\u00fczel ki\u015fili\u011fini Yarg\u0131tay Cumhuriyet Ba\u015fsavc\u0131l\u0131\u011f\u0131&#8217;na bildirecek, ayn\u0131 zamanda Resmi Gazete&#8217;ye de g\u00f6nderecek. Yarg\u0131tay Cumhuriyet Ba\u015fsavc\u0131l\u0131\u011f\u0131 bu karar\u0131, ilgili siyasi partiye tebli\u011f edecek. Bu s\u00fcre\u00e7 tamamland\u0131\u011f\u0131 andan itibaren bu siyasi partinin t\u00fczel ki\u015fili\u011fi sona ermi\u015f oluyor.<\/p>\n<p style=\"text-align: justify;\"><strong><em>4. Partinin mallar\u0131 Hazine&#8217;ye <\/em><\/strong><\/p>\n<p style=\"text-align: justify;\">K\u0131l\u0131\u00e7, &#8220;daval\u0131 partinin b\u00fct\u00fcn mallar\u0131n\u0131n 2820 say\u0131l\u0131 Siyasi Partiler Kanunu&#8217;nun 107. maddesi gere\u011fince Hazine&#8217;ye ge\u00e7mesine, gere\u011finin yerine getirilmesi i\u00e7in karar \u00f6rne\u011finin, 2820 say\u0131l\u0131 Siyasi Partiler Kanunu&#8217;nun 107. maddesi uyar\u0131nca Ba\u015fbakanl\u0131k&#8217;a ve Yarg\u0131tay Cumhuriyet Ba\u015fsavc\u0131l\u0131\u011f\u0131na g\u00f6nderilmesine, 11 Aral\u0131k 2009 g\u00fcn\u00fcnde oy birli\u011fiyle karar verilmi\u015ftir&#8221; dedi.<\/p>\n<p style=\"text-align: justify;\"><strong><em>\u00dcyelerin tamam\u0131 &#8220;kapat\u0131ls\u0131n&#8221; dedi <\/em><\/strong><\/p>\n<p style=\"text-align: justify;\">Anayasa Mahkemesi davay\u0131 8 Aral\u0131k Sal\u0131 g\u00fcn\u00fc esastan g\u00f6r\u00fc\u015fmeye ba\u015flam\u0131\u015ft\u0131. Y\u00fcksek mahkeme 4. g\u00fcn\u00fcn sonunda a\u00e7\u0131klama yapt\u0131.<\/p>\n<p style=\"text-align: justify;\">Anayasa&#8217;ya g\u00f6re bir siyasi partinin kapat\u0131lmas\u0131na karar verilebilmesi i\u00e7in nitelikli \u00e7o\u011funlu\u011fun oyu aran\u0131yor. Kapatma karar\u0131 i\u00e7in Anayasa Mahkemesi&#8217;nin 11 as\u0131l \u00fcyesinin en az 7&#8217;sinin oyu gerekiyordu. Ancak \u00fcyelerin tamam\u0131 partinin kapat\u0131lmas\u0131 y\u00f6n\u00fcnde oy kulland\u0131.<\/p>\n<p style=\"text-align: justify;\"><em><strong>&#8220;Siyasi darbe&#8221; ele\u015ftirisine K\u0131l\u0131\u00e7&#8217;tan yan\u0131t <\/strong><\/em><\/p>\n<p style=\"text-align: justify;\">Karar\u0131n gerek\u00e7esinin en k\u0131sa zamanda, en ince noktas\u0131na kadar yaz\u0131laca\u011f\u0131n\u0131 s\u00f6yleyen K\u0131l\u0131\u00e7, karardan \u00f6nce baz\u0131 ele\u015ftiri ve d\u00fc\u015f\u00fcncelerin oldu\u011funu bas\u0131n organlar\u0131ndan ad\u0131m ad\u0131m izlediklerini s\u00f6yledi.<\/p>\n<p style=\"text-align: justify;\">K\u0131l\u0131\u00e7, &#8220;Bunlar i\u00e7inde demokrasi ve insan haklar\u0131 alan\u0131nda bir s\u00fcre\u00e7 ba\u015flam\u0131\u015f iken, b\u00f6yle bir s\u00fcrecin bu davan\u0131n g\u00fcndeme al\u0131nmas\u0131yla sabote edildi\u011fi, verilecek kapatma karar\u0131n\u0131n siyasi bir darbe olarak nitelendirildi\u011fi ve zamanlamas\u0131n\u0131n da \u00e7ok d\u00fc\u015f\u00fcnd\u00fcr\u00fcc\u00fc oldu\u011fu ifade edildi. Bu ele\u015ftirileri \u00e7ok haks\u0131z ve ac\u0131mas\u0131z olarak de\u011ferlendiriyoruz&#8221; dedi.<\/p>\n<p style=\"text-align: justify;\">Davan\u0131n 2 y\u0131l\u0131 a\u015fk\u0131n s\u00fcredir devam etti\u011fini, 2 y\u0131ld\u0131r bu konuda Yarg\u0131tay Cumhuriyet Ba\u015fsavc\u0131l\u0131\u011f\u0131nca haz\u0131rlanan 141 belgenin eklerine ili\u015fkin \u00e7ok ciddi eksiklikler g\u00f6rd\u00fcklerini ifade eden K\u0131l\u0131\u00e7, bu eksikliklerin raport\u00f6r kanal\u0131yla bug\u00fcne kadar tamamlanmaya \u00e7al\u0131\u015f\u0131ld\u0131\u011f\u0131n\u0131 kaydetti.<\/p>\n<p style=\"text-align: justify;\">K\u0131l\u0131\u00e7, &#8220;Bizim bu partiye ili\u015fkin g\u00fcndemi tespit ederken, d\u0131\u015far\u0131da s\u00fcrmekte olman bir demokratikle\u015fme s\u00fcreciyle ilgili herhangi bir \u00f6ng\u00f6r\u00fcm\u00fcz, herhangi bir de\u011ferlendirmemiz ya da buna ba\u011fl\u0131 olarak herhangi bir tasarrufumuz asla olmam\u0131\u015ft\u0131r&#8221; diye konu\u015ftu.<\/p>\n<p style=\"text-align: justify;\"><strong><em>A\u0130HM kararlar\u0131 incelendi <\/em><\/strong><\/p>\n<p style=\"text-align: justify;\">&#8220;Bir siyasi parti, ter\u00f6r, \u015fiddet, bask\u0131 i\u00e7eren eylem ve s\u00f6ylemleri kullanma hakk\u0131na sahip de\u011fildir. Ter\u00f6r ve \u015fiddet i\u00e7eren eylem ve s\u00f6ylemlerle bar\u0131\u015f\u00e7\u0131l s\u00f6ylem ve \u00f6nerilerini birbirinden ay\u0131rmak zorundad\u0131r&#8221; diyen K\u0131l\u0131\u00e7, &#8220;Nitekim Avrupa \u0130nsan Haklar\u0131 Mahkemesi (A\u0130HM) de son y\u0131llarda vermi\u015f oldu\u011fu kararlar\u0131nda bu konunun \u00fczerinde \u00e7ok a\u00e7\u0131k bi\u00e7imde durmu\u015f ve bununla ilgili \u00f6nemli \u00f6l\u00e7\u00fctler yaratm\u0131\u015ft\u0131r. \u0130\u015fte bunlar\u0131 kaba taslak ifade edecek olursak, bir siyasi partinin ter\u00f6r ve \u015fiddete yak\u0131nl\u0131\u011f\u0131 me\u015fru g\u00f6stermeye \u00e7al\u0131\u015fmas\u0131, propagandas\u0131, \u00f6v\u00fclmesi, ona yard\u0131m ve yatakl\u0131k yap\u0131lmas\u0131, a\u00e7\u0131k ve gizli onay ve destek verilmesi, s\u00f6zle\u015fmeye asla uygun g\u00f6r\u00fclmemi\u015ftir. Bu konuda verilmi\u015f kapatma kararlar\u0131 s\u00f6zle\u015fmeyi ihlal olarak da nitelendirilmemi\u015ftir&#8221; dedi.<\/p>\n<p style=\"text-align: justify;\">K\u0131l\u0131\u00e7, &#8220;E\u011fer bu uygunluk yoksa, bu siyasi partinin siyasi alanda bir toplum modeli \u00f6nerme hakk\u0131 da yoktur. Bir partinin savundu\u011fu ya da \u00f6nerdi\u011fi, inand\u0131\u011f\u0131 projesi, toplumsal projesi ne kadar kutsal olursa olsun, y\u00f6ntem olarak e\u011fer ter\u00f6r ve \u015fiddetle ili\u015fki kurmu\u015fsa, bu amac\u0131n\u0131n bence hi\u00e7bir anlam\u0131 yoktur. Anayasa Mahkemesi, son y\u0131llarda verdi\u011fi kararlarda da A\u0130HM&#8217;in yapm\u0131\u015f oldu\u011fu, \u00e7\u0131karm\u0131\u015f oldu\u011fu bu kriterleri ciddi anlamda kullan\u0131yor ve buna \u00f6rnek olarak en son verdi\u011fi HAK-PAR karar\u0131nda da bunu uygulam\u0131\u015ft\u0131r&#8221; dedi.<\/p>\n<p style=\"text-align: justify;\"><strong><em>&#8220;Siyasetin y\u00fck\u00fcn\u00fc siyaset\u00e7iler \u00e7eksin&#8221; <\/em><\/strong><\/p>\n<p style=\"text-align: justify;\">Y\u00fcksek mahkemenin ter\u00f6r ve \u015fiddetle olan eylemlerle, ter\u00f6r ve \u015fiddetten ayr\u0131 tutulmu\u015f, bar\u0131\u015f\u00e7\u0131l y\u00f6ntemleri birbirinden ay\u0131rarak, kararlar\u0131n\u0131 bu \u00f6l\u00e7\u00fcde vermeye \u00e7al\u0131\u015ft\u0131\u011f\u0131n\u0131 s\u00f6yleyen K\u0131l\u0131\u00e7, &#8220;Hukukun y\u00fck\u00fcn\u00fc mahkemeler \u00e7eker. Siyasetin y\u00fck\u00fcn\u00fc de siyaset\u00e7ilerin \u00e7ekmesi laz\u0131m. Kimse mahkemelerden siyasi bir g\u00f6rev \u015feklinde bir yard\u0131m beklememelidir. Bekleme hakk\u0131 da yoktur&#8221; diye konu\u015ftu.<\/p>\n<p style=\"text-align: justify;\">&#8220;Siyasi partiler, ilgili ve ihtiya\u00e7 duyulan anayasal ya da yasal de\u011fi\u015fiklikleri yapmas\u0131 i\u00e7in her f\u0131rsatta burada \u00e7a\u011fr\u0131da bulunduk. Ancak bu \u00e7a\u011fr\u0131lar\u0131 biz siyasilerimize duyuramad\u0131k, duyurmay\u0131 ba\u015faramad\u0131k&#8221; diyen K\u0131l\u0131\u00e7, &#8220;Hemen belirtelim ki bu \u00e7a\u011fr\u0131n\u0131n i\u00e7inde siyasi partilerle ilgili gerek anayasal gerekse yasal d\u00fczenlemelerde ter\u00f6r ve \u015fiddete ili\u015fkin herhangi bir izin veren d\u00fczenleme asla yap\u0131lamaz, bu konuda da herhangi bir \u00e7a\u011fr\u0131m\u0131z yok. \u00c7\u00fcnk\u00fc d\u00fcnyan\u0131n hi\u00e7bir yerinde ter\u00f6r ve \u015fiddete bula\u015fm\u0131\u015f bir siyasi partiye ne ifade ne de \u00f6rg\u00fctlenme \u00f6zg\u00fcrl\u00fc\u011f\u00fcnde bir hak verilebilmektedir. O nedenle bizim de\u011fi\u015fiklikler konusunda yapt\u0131\u011f\u0131m\u0131z \u00e7a\u011fr\u0131 tamamen bunun d\u0131\u015f\u0131ndad\u0131r&#8221; dedi.<\/p>\n<p style=\"text-align: justify;\">Zorlu bir s\u00fcre\u00e7ten ge\u00e7ildi\u011fini belirten K\u0131l\u0131\u00e7, &#8220;Sorunlar\u0131m\u0131z ne kadar a\u011f\u0131r olursa olsun, \u00e7\u00f6z\u00fcm yeri parlamentodur, parlamento olmal\u0131d\u0131r ve bu inanc\u0131 asla kaybetmemeliyiz. Bu ba\u011flamda, son olarak siyasi akt\u00f6rlere buradan bir \u00e7a\u011fr\u0131 yapmak istiyorum. \u00d6fke ve siyasi gelecek endi\u015felerinden ar\u0131narak, kaybolan diyaloglar kurulmal\u0131d\u0131r, milletimizin lay\u0131k oldu\u011fu ve demokratik hukuk devletinin gerekli k\u0131ld\u0131\u011f\u0131 anayasal ve yasal de\u011fi\u015fiklikler bir an \u00f6nce hayata ge\u00e7irilmelidir. Bu duygular i\u00e7inde bu karar\u0131n milletimiz ve devletimiz i\u00e7in hay\u0131rl\u0131 olmas\u0131n\u0131 diliyorum&#8221; diye konu\u015ftu.<\/p>\n<p style=\"text-align: justify;\"><strong><em>Dava s\u00fcrerken yap\u0131lan a\u00e7\u0131klamalar <\/em><\/strong><\/p>\n<p style=\"text-align: justify;\">Ha\u015fim K\u0131l\u0131\u00e7, DTP&#8217;nin kapat\u0131lmas\u0131 davas\u0131n\u0131 g\u00f6r\u00fc\u015fmeye ba\u015flad\u0131klar\u0131 s\u00fcre\u00e7 i\u00e7erisinde, siyasilerin ve gazetecilerin \u00e7e\u015fitli beyanatlar\u0131 oldu\u011funu belirterek, &#8220;Ben bunu bir talihsizlik olarak g\u00f6r\u00fcyorum. Anayasa&#8217;n\u0131n 138. maddesinde \u00e7ok a\u00e7\u0131k bir \u015fekilde, davan\u0131n g\u00f6r\u00fc\u015f\u00fclme a\u015famas\u0131nda hi\u00e7bir \u015fekilde bu t\u00fcr a\u00e7\u0131klamalar yap\u0131lmamas\u0131 gerekirken, maalesef yap\u0131lm\u0131\u015ft\u0131r&#8221; dedi.<\/p>\n<p style=\"text-align: justify;\"><strong><em>&#8220;Batasuna karar\u0131 incelendi&#8221; <\/em><\/strong><\/p>\n<p style=\"text-align: justify;\">&#8220;A\u0130HM karar\u0131ndan bahsettiniz. Bu, Batasuna Partisi ile ilgili mi?&#8221; soru \u00fczerine K\u0131l\u0131\u00e7, &#8220;A\u011f\u0131rl\u0131kl\u0131 olarak, tabii ki Batasuna karar\u0131 ve bundan \u00f6nceki A\u0130HM&#8217;in&#8230;&#8221; dedi.<\/p>\n<p style=\"text-align: justify;\">&#8220;A\u0130HM&#8217;in \u0130spanya&#8217;daki Batasuna karar\u0131yla ilgili, &#8216;\u0130hlal yoktur&#8217; \u015feklindeki karar\u0131n\u0131 g\u00f6z \u00f6n\u00fcnde tutmu\u015ftur. Tabii ki hepsi incelenmi\u015ftir, hepsi ara\u015ft\u0131r\u0131lm\u0131\u015ft\u0131r&#8221; diyen K\u0131l\u0131\u00e7, &#8220;Mahkeme heyetimiz \u00e7ok \u00f6zverili, \u00e7ok ince ve \u00e7ok titiz bir \u00e7al\u0131\u015fma yapm\u0131\u015ft\u0131r. Ben mahkeme \u00fcyelerine, bu vesileyle te\u015fekk\u00fcr etmek istiyorum&#8221; ifadesini kulland\u0131.<\/p>\n<p style=\"text-align: justify;\"><strong><em>Notlar&#8230; <\/em><\/strong><\/p>\n<p style=\"text-align: justify;\">Anayasa Mahkemesi heyetinin davayla ilgili 8 Aral\u0131k Sal\u0131 g\u00fcn\u00fc ba\u015flayan m\u00fczakereleri, yakla\u015f\u0131k 40 saat s\u00fcrd\u00fc. Bu s\u00fcre\u00e7 i\u00e7inde \u00e7ok say\u0131da yerli ve yabanc\u0131 bas\u0131n mensubu geli\u015fmeleri izledi.<\/p>\n<p style=\"text-align: justify;\">Anayasa Mahkemesi, yeni binas\u0131nda gazeteciler i\u00e7in zemin katta bir b\u00f6l\u00fcm ay\u0131rd\u0131. Binan\u0131n arka taraf\u0131ndaki otopark bo\u015falt\u0131larak canl\u0131 yay\u0131n ara\u00e7lar\u0131na kulland\u0131r\u0131ld\u0131.<\/p>\n<p style=\"text-align: justify;\">Davan\u0131n g\u00f6r\u00fc\u015f\u00fclmeye ba\u015flad\u0131\u011f\u0131 g\u00fcnden itibaren g\u00fcvenlik \u00f6nlemleri al\u0131nan Mahkeme binas\u0131 ve \u00e7evresindeki \u00f6nlemler, karar\u0131n a\u00e7\u0131klanaca\u011f\u0131n\u0131n duyurulmas\u0131n\u0131n ard\u0131ndan art\u0131r\u0131ld\u0131.<\/p>\n<p style=\"text-align: justify;\">Ha\u015fim K\u0131l\u0131\u00e7, yeni binada bas\u0131n odas\u0131 olarak haz\u0131rlanan oday\u0131 ilk kez kulland\u0131. A\u00e7\u0131klaman\u0131n yap\u0131ld\u0131\u011f\u0131 odada da K\u0131l\u0131\u00e7&#8217;\u0131n korumalar\u0131n\u0131n yan\u0131 s\u0131ra baz\u0131 sivil polislerin de \u00f6nlem alarak, g\u00fcvenli\u011fi \u00fcst seviyede tuttu\u011fu g\u00f6r\u00fcld\u00fc.<\/p>\n<p style=\"text-align: justify;\"><span style=\"color: #888888;\">CNN T\u00dcRK<\/span><\/p>\n","protected":false},"excerpt":{"rendered":"<p style=\"text-align: center;\">\n<p style=\"text-align: justify;\">Anayasa Mahkemesi, eylemleri yan\u0131nda, ter\u00f6r \u00f6rg\u00fct\u00fcyle olan ba\u011flant\u0131lar\u0131 da de\u011ferlendirildi\u011finde devletin \u00fclkesi ve milletiyle b\u00f6l\u00fcnmez b\u00fct\u00fcnl\u00fc\u011f\u00fcne ayk\u0131r\u0131 nitelikteki fiillerin i\u015flendi\u011fi bir odak haline geldi\u011fi gerek\u00e7esiyle, DTP&#8217;nin temelli kapat\u0131lmas\u0131na karar verdi. Y\u00fcksek mahkemenin 11 \u00fcyesinin tamam\u0131 partinin kapat\u0131lmas\u0131 y\u00f6n\u00fcnde oy verdi.<\/p>\n","protected":false},"author":1,"featured_media":0,"comment_status":"open","ping_status":"closed","sticky":false,"template":"","format":"standard","meta":{"footnotes":""},"categories":[105],"tags":[],"class_list":["post-17081","post","type-post","status-publish","format-standard","hentry","category-gundem","odd"],"_links":{"self":[{"href":"http:\/\/www.korhanyilmaz.com\/index.php?rest_route=\/wp\/v2\/posts\/17081","targetHints":{"allow":["GET"]}}],"collection":[{"href":"http:\/\/www.korhanyilmaz.com\/index.php?rest_route=\/wp\/v2\/posts"}],"about":[{"href":"http:\/\/www.korhanyilmaz.com\/index.php?rest_route=\/wp\/v2\/types\/post"}],"author":[{"embeddable":true,"href":"http:\/\/www.korhanyilmaz.com\/index.php?rest_route=\/wp\/v2\/users\/1"}],"replies":[{"embeddable":true,"href":"http:\/\/www.korhanyilmaz.com\/index.php?rest_route=%2Fwp%2Fv2%2Fcomments&post=17081"}],"version-history":[{"count":0,"href":"http:\/\/www.korhanyilmaz.com\/index.php?rest_route=\/wp\/v2\/posts\/17081\/revisions"}],"wp:attachment":[{"href":"http:\/\/www.korhanyilmaz.com\/index.php?rest_route=%2Fwp%2Fv2%2Fmedia&parent=17081"}],"wp:term":[{"taxonomy":"category","embeddable":true,"href":"http:\/\/www.korhanyilmaz.com\/index.php?rest_route=%2Fwp%2Fv2%2Fcategories&post=17081"},{"taxonomy":"post_tag","embeddable":true,"href":"http:\/\/www.korhanyilmaz.com\/index.php?rest_route=%2Fwp%2Fv2%2Ftags&post=17081"}],"curies":[{"name":"wp","href":"https:\/\/api.w.org\/{rel}","templated":true}]}}