{"id":17073,"date":"2009-12-10T17:28:25","date_gmt":"2009-12-10T15:28:25","guid":{"rendered":"http:\/\/www.korhanyilmaz.com\/?p=17073"},"modified":"2009-12-10T17:28:25","modified_gmt":"2009-12-10T15:28:25","slug":"tokat-saldirisini-pkk-ustlendi","status":"publish","type":"post","link":"http:\/\/www.korhanyilmaz.com\/?p=17073","title":{"rendered":"Tokat sald\u0131r\u0131s\u0131n\u0131 PKK \u00fcstlendi"},"content":{"rendered":"<p><a href=\"http:\/\/www.korhanyilmaz.com\/wp-content\/uploads\/2009\/12\/tokat2.jpg\"  class=\"lightview\"><img loading=\"lazy\" decoding=\"async\" class=\"aligncenter size-full wp-image-17075\" src=\"http:\/\/www.korhanyilmaz.com\/wp-content\/uploads\/2009\/12\/tokat2.jpg\" alt=\"\" width=\"292\" height=\"165\" \/><\/a><\/p>\n<p style=\"text-align: justify;\">Ter\u00f6r \u00f6rg\u00fct\u00fc PKK&#8217;ya yak\u0131nl\u0131\u011f\u0131yla bilinen F\u0131rat Haber Ajans\u0131, Tokat&#8217;\u0131n Re\u015fadiye il\u00e7esinde 7 askerin \u015fehit oldu\u011fu sald\u0131r\u0131y\u0131 PKK&#8217;n\u0131n \u00fcstlendi\u011fini duyurdu. DTP&#8217;li Selahattin Demirta\u015f, &#8220;Ya\u015fam hakk\u0131 kutsald\u0131r. Bu tavr\u0131m\u0131z\u0131 de\u011fi\u015ftirmez&#8221; dedi.<\/p>\n<p style=\"text-align: justify;\">\u00d6rg\u00fct ; sald\u0131r\u0131y\u0131 Tunceli&#8217;deki PKK&#8217;l\u0131lar\u0131n kendi inisiyatifi ile yapt\u0131\u011f\u0131n\u0131 duyurdu.<!--more--><\/p>\n<p style=\"text-align: justify;\">Ter\u00f6ristler 8 Aral\u0131k&#8217;ta Tokat&#8217;\u0131n Re\u015fadiye il\u00e7esi Sazak K\u00f6y\u00fc yak\u0131nlar\u0131nda devriye g\u00f6revi yapan jandarma ekiplerine ate\u015f a\u00e7m\u0131\u015f; olayda 7 asker \u015fehit olmu\u015f, 3 asker yaralanm\u0131\u015ft\u0131. Detaylar<\/p>\n<p style=\"text-align: justify;\"><strong><em>\u00c7al\u0131\u015fmalar s\u00fcr\u00fcyor <\/em><\/strong><\/p>\n<p style=\"text-align: justify;\">Tokat&#8217;\u0131n Re\u015fadiye il\u00e7esinde, 7 askerin \u015fehit d\u00fc\u015ft\u00fc\u011f\u00fc ter\u00f6rist sald\u0131r\u0131n\u0131n ard\u0131ndan b\u00f6lgede operasyonel \u00e7al\u0131\u015fmalar devam ediyor.<\/p>\n<p style=\"text-align: justify;\">Ter\u00f6rist sald\u0131r\u0131s\u0131n\u0131n ard\u0131ndan Sivas Emniyet M\u00fcd\u00fcrl\u00fc\u011f\u00fc \u00d6zel Harekat \u015eube M\u00fcd\u00fcrl\u00fc\u011f\u00fcne ba\u011fl\u0131 timler operasyon b\u00f6lgesine g\u00f6nderildi. \u00d6zel Harekat timleri, z\u0131rhl\u0131 ara\u00e7lar\u0131yla il\u00e7enin y\u00fcksek kesimlerinde zaman zaman arama tarama faaliyetlerinde bulunuyor.<\/p>\n<p style=\"text-align: justify;\">Birliklerin b\u00f6lgedeki operasyonel \u00e7al\u0131\u015fmalar\u0131 yo\u011funla\u015ft\u0131rd\u0131\u011f\u0131 g\u00f6zleniyor.<\/p>\n<p style=\"text-align: justify;\"><span style=\"color: #888888;\">CNN T\u00dcRK<\/span><\/p>\n","protected":false},"excerpt":{"rendered":"<\/p>\n<p style=\"text-align: justify;\">Ter\u00f6r \u00f6rg\u00fct\u00fc PKK&#8217;ya yak\u0131nl\u0131\u011f\u0131yla bilinen F\u0131rat Haber Ajans\u0131, Tokat&#8217;\u0131n Re\u015fadiye il\u00e7esinde 7 askerin \u015fehit oldu\u011fu sald\u0131r\u0131y\u0131 PKK&#8217;n\u0131n \u00fcstlendi\u011fini duyurdu. DTP&#8217;li Selahattin Demirta\u015f, &#8220;Ya\u015fam hakk\u0131 kutsald\u0131r. Bu tavr\u0131m\u0131z\u0131 de\u011fi\u015ftirmez&#8221; dedi.<\/p>\n<p style=\"text-align: justify;\">\u00d6rg\u00fct ; sald\u0131r\u0131y\u0131 Tunceli&#8217;deki PKK&#8217;l\u0131lar\u0131n kendi inisiyatifi ile yapt\u0131\u011f\u0131n\u0131 duyurdu.<\/p>\n","protected":false},"author":1,"featured_media":0,"comment_status":"open","ping_status":"closed","sticky":false,"template":"","format":"standard","meta":{"footnotes":""},"categories":[105],"tags":[],"class_list":["post-17073","post","type-post","status-publish","format-standard","hentry","category-gundem","odd"],"_links":{"self":[{"href":"http:\/\/www.korhanyilmaz.com\/index.php?rest_route=\/wp\/v2\/posts\/17073","targetHints":{"allow":["GET"]}}],"collection":[{"href":"http:\/\/www.korhanyilmaz.com\/index.php?rest_route=\/wp\/v2\/posts"}],"about":[{"href":"http:\/\/www.korhanyilmaz.com\/index.php?rest_route=\/wp\/v2\/types\/post"}],"author":[{"embeddable":true,"href":"http:\/\/www.korhanyilmaz.com\/index.php?rest_route=\/wp\/v2\/users\/1"}],"replies":[{"embeddable":true,"href":"http:\/\/www.korhanyilmaz.com\/index.php?rest_route=%2Fwp%2Fv2%2Fcomments&post=17073"}],"version-history":[{"count":0,"href":"http:\/\/www.korhanyilmaz.com\/index.php?rest_route=\/wp\/v2\/posts\/17073\/revisions"}],"wp:attachment":[{"href":"http:\/\/www.korhanyilmaz.com\/index.php?rest_route=%2Fwp%2Fv2%2Fmedia&parent=17073"}],"wp:term":[{"taxonomy":"category","embeddable":true,"href":"http:\/\/www.korhanyilmaz.com\/index.php?rest_route=%2Fwp%2Fv2%2Fcategories&post=17073"},{"taxonomy":"post_tag","embeddable":true,"href":"http:\/\/www.korhanyilmaz.com\/index.php?rest_route=%2Fwp%2Fv2%2Ftags&post=17073"}],"curies":[{"name":"wp","href":"https:\/\/api.w.org\/{rel}","templated":true}]}}