{"id":17070,"date":"2009-12-11T16:46:54","date_gmt":"2009-12-11T14:46:54","guid":{"rendered":"http:\/\/www.korhanyilmaz.com\/?p=17070"},"modified":"2009-12-11T16:46:54","modified_gmt":"2009-12-11T14:46:54","slug":"arinc-ne-demek-istedi","status":"publish","type":"post","link":"http:\/\/www.korhanyilmaz.com\/?p=17070","title":{"rendered":"Ar\u0131n\u00e7 ne demek istedi?"},"content":{"rendered":"<p style=\"text-align: center;\"><a href=\"http:\/\/www.korhanyilmaz.com\/wp-content\/uploads\/2009\/12\/AR\u0130NC2.jpg\"  class=\"lightview\"><img loading=\"lazy\" decoding=\"async\" class=\"aligncenter size-full wp-image-17071\" src=\"http:\/\/www.korhanyilmaz.com\/wp-content\/uploads\/2009\/12\/AR\u0130NC2.jpg\" alt=\"\" width=\"307\" height=\"236\" \/><\/a><\/p>\n<p style=\"text-align: justify;\">Devlet Bakan\u0131 ve Ba\u015fbakan Yard\u0131mc\u0131s\u0131 B\u00fclent Ar\u0131n\u00e7, Tokat&#8217;taki sald\u0131r\u0131 konusunda, &#8220;PKK i\u00e7erisinde ba\u011f\u0131ms\u0131z eylem yapt\u0131\u011f\u0131n\u0131 ifade eden ve kendilerine g\u00f6re &#8216;Dersim&#8217; ismini kullanan bir \u00e7ete taraf\u0131ndan bu i\u015fin yap\u0131ld\u0131\u011f\u0131, kendilerine yak\u0131n olan internet haber ajans\u0131nda ortaya at\u0131lm\u0131\u015ft\u0131r. Dolay\u0131s\u0131yla bu eylemin PKK \u00f6rg\u00fct\u00fc ad\u0131na i\u015flendi\u011fi bug\u00fcn i\u00e7in ger\u00e7ekle\u015fmi\u015ftir&#8221; dedi.<!--more--><\/p>\n<p style=\"text-align: justify;\">Kayseri Valisi Mevl\u00fct Bilici&#8217;yi ziyaretinde gazetecilere a\u00e7\u0131klama yapan Ar\u0131n\u00e7, &#8220;Bu \u00fclkede bu i\u015fi yapanlar\u0131n, ter\u00f6r\u00fcn tamamen tasfiyesini hepimiz arzu ediyoruz. H\u00fck\u00fcmet olarak bunun \u00e7abas\u0131 ve \u00e7al\u0131\u015fmas\u0131 i\u00e7indeyiz&#8221; diye konu\u015ftu.<\/p>\n<p style=\"text-align: justify;\">&#8220;G\u00f6r\u00fc\u015f mesafesinin \u00e7ok az oldu\u011fu sisli bir zamanda bir viraj\u0131 tam d\u00f6n\u00fclebilece\u011fi bir yerde pusu kurularak i\u015flenmi\u015f, maalesef askerlerimiz silahlar\u0131na davranma imkan\u0131 bile bulamadan \u015fehit olmu\u015flard\u0131r&#8221; diyen Ar\u0131n\u00e7, &#8220;Bu i\u015fi yapanlar ka\u00e7m\u0131\u015f. Buralarda takviye g\u00fcvenlik g\u00fc\u00e7leri g\u00f6ndermek suretiyle aramalar, taramalar, yol kesmeler, kontroller fazlas\u0131yla yap\u0131l\u0131yor. Bizim g\u00f6revimiz, bu al\u00e7ak\u00e7a sald\u0131r\u0131y\u0131 yapanlar\u0131 bir an \u00f6nce yakalay\u0131p adaletin pen\u00e7esine teslim etmek ve cezaland\u0131r\u0131lmas\u0131n\u0131 temin etmektir. Olay\u0131 kim yapm\u0131\u015ft\u0131r, ni\u00e7in yapm\u0131\u015ft\u0131r ancak bunlar\u0131 yakalad\u0131ktan sonra ortaya \u00e7\u0131kabilecektir&#8221; dedi.<\/p>\n<p style=\"text-align: justify;\">&#8220;Tokat&#8217;\u0131n Re\u015fadiye il\u00e7esinin b\u00f6yle bir eylem i\u00e7in se\u00e7ilmesinin \u00f6zel bir anlam\u0131 var m\u0131d\u0131r yok mudur? Bu da soru\u015fturma sonucunda ortaya \u00e7\u0131kabilecektir&#8221; &#8221; diyen Ar\u0131n\u00e7, &#8220;Bu b\u00f6lge, y\u0131llard\u0131r PKK ter\u00f6r\u00fcn\u00fcn olmad\u0131\u011f\u0131, ama ba\u015fka ter\u00f6r \u00f6rg\u00fctlerinin eylem yapt\u0131\u011f\u0131 bir b\u00f6lgedir. Dolay\u0131s\u0131yla kimin yapt\u0131\u011f\u0131 ara\u015ft\u0131rma sonucu ortaya \u00e7\u0131kabilecektir&#8221; ifadesini kulland\u0131.<\/p>\n<p style=\"text-align: justify;\">Ter\u00f6r sald\u0131r\u0131s\u0131n\u0131n PKK i\u00e7indeki ba\u011f\u0131ms\u0131z eylem yapt\u0131\u011f\u0131n\u0131 ifade eden bir grup taraf\u0131ndan yap\u0131ld\u0131\u011f\u0131n\u0131n ortaya at\u0131ld\u0131\u011f\u0131n\u0131 belirten Ar\u0131n\u00e7, &#8220;D\u00fcn ba\u011f\u0131ms\u0131z eylem yapt\u0131\u011f\u0131n\u0131 ifade eden ve kendilerine g\u00f6re Dersim ismini kullanan bir \u00e7ete taraf\u0131ndan bu i\u015fin yap\u0131ld\u0131\u011f\u0131 kendilerine yak\u0131n olan internet haber ajans\u0131nda ortaya at\u0131lm\u0131\u015ft\u0131r. Dolay\u0131s\u0131yla bu eylemin PKK \u00f6rg\u00fct\u00fc ad\u0131na i\u015flendi\u011fi bug\u00fcn i\u00e7in ger\u00e7ekle\u015fmi\u015ftir. \u015eimdi bize d\u00fc\u015fen s\u0131k\u0131 takip ve iyi istihbaratla yapanlar\u0131 bizzat yakalamak, sadece teti\u011fi \u00e7ekenleri de\u011fil, onlara bu komutu veren onlara h\u00fckmeden elleri ma\u015falar\u0131, beyinleri de bulabilmektir. \u015eehitlerimizin kan\u0131 yerde kalmayacak&#8221; diye konu\u015ftu.<\/p>\n<p style=\"text-align: justify;\"><strong><em>&#8220;Anlad\u0131klar\u0131 dilden cevap vermek&#8230;&#8221; <\/em><\/strong><\/p>\n<p style=\"text-align: justify;\">T\u00fcrkiye&#8217;de son g\u00fcnlerde sokak olaylar\u0131 ve \u00f6zellikle \u00e7ocuklar\u0131n kullan\u0131lmas\u0131n\u0131n \u00d6calan ve \u00f6rg\u00fct ile ba\u011flant\u0131l\u0131 olarak yap\u0131ld\u0131\u011f\u0131n\u0131 s\u00f6yleyen Ar\u0131n\u00e7, &#8220;Maalesef bu eylemi yapan \u00f6rg\u00fct, \u00d6calan ad\u0131na yapt\u0131\u011f\u0131n\u0131 s\u00f6yl\u00fcyor. Baz\u0131 olaylar\u0131n perde arkas\u0131n\u0131 y\u0131llar sonra anlayabiliyoruz. Bug\u00fcn \u00f6n\u00fcm\u00fcze getirilen pek \u00e7ok dosyan\u0131n, zaman\u0131nda pe\u015fin h\u00fck\u00fcmle (\u015fudur) dedi\u011fimiz konular\u0131n y\u0131llar sonra ba\u015fka ba\u011flant\u0131lar\u0131 \u00e7\u0131kabiliyor. Ama bug\u00fcn bir ger\u00e7ek var. PKK ad\u0131na eylem yapt\u0131\u011f\u0131n\u0131 s\u00f6yleyen bir grup, i\u015fin ortas\u0131nda (bu i\u015fi ben yapt\u0131m) diyor. O zaman bug\u00fcne kadar pek \u00e7ok eylem yapanlar, bug\u00fcn de bu vah\u015fice ve al\u00e7akla yedi tane askerimizi \u015fehit etmi\u015flerdir. O zaman onlara anlad\u0131klar\u0131 dilden cevap vermek \u00fczere onlar\u0131 yakalamak, bu eylemlerinden dolay\u0131 sorguya \u00e7ekmek, h\u00fck\u00fcmetin de adliyenin de yarg\u0131n\u0131n da g\u00f6revidir. Biz bunlar\u0131n \u00fcstesinden gelecek g\u00fcce sahibiz. Hi\u00e7 kimsenin tedirgin olmas\u0131na gerek yok. &#8216;Ter\u00f6re teslim olduk&#8217; dersek T\u00fcrkiye&#8217;de her \u015feyin bitti\u011fi anlam\u0131na gelir. Bunu da kimse kabullenemez. Herkes i\u015finin g\u00fcc\u00fcn\u00fcn ba\u015f\u0131nda. Bir g\u00fcvenlik sorunu var. O sorunu \u00e7\u00f6zmek i\u00e7in de elimizden geleni yapaca\u011f\u0131z&#8221; dedi.<\/p>\n<p style=\"text-align: justify;\"><strong><em>Tokat eylemi ve a\u00e7\u0131l\u0131m <\/em><\/strong><\/p>\n<p style=\"text-align: justify;\">Ar\u0131n\u00e7, &#8220;Tokat&#8217;taki olayda yedi evlad\u0131m\u0131z\u0131 kaybettik. &#8216;Demokratik a\u00e7\u0131l\u0131mdan sonra b\u00f6yle bir eylem oldu, her \u015fey \u00f6yle ba\u015flad\u0131&#8217; denemez. Bir sene evvel Da\u011fl\u0131ca&#8217;da, iki sene evvel Akt\u00fct\u00fcn karakolunda da bask\u0131nlar oldu. 10-12 askerimiz \u015fehit edildi, sekiz askerimiz ka\u00e7\u0131r\u0131ld\u0131. Ankara&#8217;n\u0131n g\u00f6be\u011finde, Diyarbak\u0131r&#8217;da dershane \u00f6n\u00fcnde eylem oldu. H\u00fck\u00fcmet bunu sona erdirebilmek i\u00e7in bir s\u00fcre\u00e7 ba\u015flat\u0131yor. Bunu parlamentoda anlat\u0131yor. Partilerle, sivil toplum \u00f6rg\u00fctleri ve meslek kurulu\u015flar\u0131 ile g\u00f6r\u00fc\u015f\u00fcyor. Bir \u00e7are bulmaya \u00e7al\u0131\u015f\u0131yor. 30 senedir olamayan bir \u015feyi yapmak i\u00e7in yola \u00e7\u0131k\u0131yor. Bence, h\u00fck\u00fcmetin bu gayretlerine destek olmakta fayda var. Yanl\u0131\u015f veya eksik varsa s\u00f6ylenebilir. Ama, iki tane muhalefet partisi ba\u015ftan bu konuda AK Parti&#8217;yi ihanetle su\u00e7layacak \u00f6l\u00e7\u00fcde s\u00f6zler s\u00f6ylediler&#8221; dedi.<\/p>\n<p style=\"text-align: justify;\">Ter\u00f6r \u00f6rg\u00fct\u00fc PKK&#8217;ya yak\u0131nl\u0131\u011f\u0131yla bilinen F\u0131rat Haber Ajans\u0131, Tokat&#8217;\u0131n Re\u015fadiye il\u00e7esinde 7 askerin \u015fehit oldu\u011fu sald\u0131r\u0131y\u0131 PKK&#8217;n\u0131n \u00fcstlendi\u011fini duyurmu\u015ftu. Sald\u0131r\u0131n\u0131n Tunceli&#8217;deki PKK&#8217;l\u0131lar\u0131n kendi inisiyatifi ile yapt\u0131\u011f\u0131 duyurulmu\u015ftu.<a href=\"http:\/\/www.korhanyilmaz.com\/?p=17073\"> Detaylar &gt;&gt;<\/a><\/p>\n<p style=\"text-align: justify;\"><strong><em>Ar\u0131n\u00e7 partisinin Kayseri \u0130l Ba\u015fkanl\u0131\u011f\u0131&#8217;nda da bir konu\u015fma yapt\u0131 ve ter\u00f6rle m\u00fccadeleye ili\u015fkin mesajlar verdi. Bu mesajlar \u015f\u00f6yle: <\/em><\/strong><\/p>\n<p style=\"text-align: justify;\">&#8220;\u0130smi PKK, ba\u015fka ne isim koyarsa koysun, bu \u00f6rg\u00fct\u00fc art\u0131k T\u00fcrkiye olarak biliyoruz. O zaman bizim sadece bu kaybetti\u011fimiz canlar\u0131n hi\u00e7 birisi katrilyonlarla \u00f6l\u00e7\u00fclemez. Ama d\u00fc\u015f\u00fcnd\u00fc\u011f\u00fcm\u00fcz zaman, h\u00fck\u00fcmet olarak \u015fu ana kadar bize maddi olarak zarar\u0131 da 300 milyar dolar. 30 senede kaybetti\u011fimiz para budur. Tekrar ediyorum, 300 milyar dolar bir tarafa, bir tane can\u0131n bedeli bile olmaz. Ama manevi kay\u0131plar\u0131m\u0131z var, maddi kay\u0131plar\u0131m\u0131z var.<\/p>\n<p style=\"text-align: justify;\">Biz bug\u00fcn 10 milyar dolar bulsak da piyasaya versek, esnaf\u0131 rahatlatsak, \u00e7ift\u00e7i kesimine versek de \u00e7ift\u00e7i kesimini rahatlatsak diye d\u00fc\u015f\u00fcnd\u00fc\u011f\u00fcm\u00fcz bir zamanda kaybetti\u011fimiz bu kadar y\u00fcksek miktar\u0131 g\u00f6z ard\u0131 edemeyiz. O zaman bu ter\u00f6r bizim huzurumuzu bozuyor, bizim geli\u015fmemizi, kalk\u0131nmam\u0131z\u0131 engelliyor, bizim yolumuzu kapat\u0131yor, bizim her \u015feyimize engel oluyor. Oysa T\u00fcrkiye \u00e7ok b\u00fcy\u00fck bir devlet, u\u00e7acak neredeyse, \u00e7ok b\u00fcy\u00fck bir g\u00fc\u00e7. Ama ter\u00f6r bizim a\u011fz\u0131m\u0131z\u0131n tad\u0131n\u0131 her g\u00fcn al\u0131p g\u00f6t\u00fcr\u00fcyor.<\/p>\n<p style=\"text-align: justify;\">O zaman birinci i\u015fimiz ve illa ki ter\u00f6r \u00f6rg\u00fct\u00fcn\u00fc tasfiye etmek zorunday\u0131z. En az\u0131ndan silahl\u0131 eylem yapamaz hale getirmeliyiz. Onu silahtan ve da\u011fdan \u00e7\u0131kartmal\u0131y\u0131z. \u00d6zet olarak, ter\u00f6r \u00f6rg\u00fct\u00fc art\u0131k silahl\u0131 eylem yapamaz, can yakamaz hale getirilmelidir. Nas\u0131l, ne \u015fekilde, hangi imkanlarla, hepsini biliyoruz. K\u0131saca, ter\u00f6r \u00f6rg\u00fct\u00fcn\u00fcn art\u0131k eylem yapamaz hale gelmesidir.&#8221;<\/p>\n<p style=\"text-align: justify;\"><span style=\"color: #888888;\">CNN T\u00dcRK<\/span><\/p>\n","protected":false},"excerpt":{"rendered":"<p style=\"text-align: center;\">\n<p style=\"text-align: justify;\">Devlet Bakan\u0131 ve Ba\u015fbakan Yard\u0131mc\u0131s\u0131 B\u00fclent Ar\u0131n\u00e7, Tokat&#8217;taki sald\u0131r\u0131 konusunda, &#8220;PKK i\u00e7erisinde ba\u011f\u0131ms\u0131z eylem yapt\u0131\u011f\u0131n\u0131 ifade eden ve kendilerine g\u00f6re &#8216;Dersim&#8217; ismini kullanan bir \u00e7ete taraf\u0131ndan bu i\u015fin yap\u0131ld\u0131\u011f\u0131, kendilerine yak\u0131n olan internet haber ajans\u0131nda ortaya at\u0131lm\u0131\u015ft\u0131r. Dolay\u0131s\u0131yla bu eylemin PKK \u00f6rg\u00fct\u00fc ad\u0131na i\u015flendi\u011fi bug\u00fcn i\u00e7in ger\u00e7ekle\u015fmi\u015ftir&#8221; dedi.<\/p>\n","protected":false},"author":1,"featured_media":0,"comment_status":"open","ping_status":"closed","sticky":false,"template":"","format":"standard","meta":{"footnotes":""},"categories":[105],"tags":[],"class_list":["post-17070","post","type-post","status-publish","format-standard","hentry","category-gundem","odd"],"_links":{"self":[{"href":"http:\/\/www.korhanyilmaz.com\/index.php?rest_route=\/wp\/v2\/posts\/17070","targetHints":{"allow":["GET"]}}],"collection":[{"href":"http:\/\/www.korhanyilmaz.com\/index.php?rest_route=\/wp\/v2\/posts"}],"about":[{"href":"http:\/\/www.korhanyilmaz.com\/index.php?rest_route=\/wp\/v2\/types\/post"}],"author":[{"embeddable":true,"href":"http:\/\/www.korhanyilmaz.com\/index.php?rest_route=\/wp\/v2\/users\/1"}],"replies":[{"embeddable":true,"href":"http:\/\/www.korhanyilmaz.com\/index.php?rest_route=%2Fwp%2Fv2%2Fcomments&post=17070"}],"version-history":[{"count":0,"href":"http:\/\/www.korhanyilmaz.com\/index.php?rest_route=\/wp\/v2\/posts\/17070\/revisions"}],"wp:attachment":[{"href":"http:\/\/www.korhanyilmaz.com\/index.php?rest_route=%2Fwp%2Fv2%2Fmedia&parent=17070"}],"wp:term":[{"taxonomy":"category","embeddable":true,"href":"http:\/\/www.korhanyilmaz.com\/index.php?rest_route=%2Fwp%2Fv2%2Fcategories&post=17070"},{"taxonomy":"post_tag","embeddable":true,"href":"http:\/\/www.korhanyilmaz.com\/index.php?rest_route=%2Fwp%2Fv2%2Ftags&post=17070"}],"curies":[{"name":"wp","href":"https:\/\/api.w.org\/{rel}","templated":true}]}}