{"id":17066,"date":"2009-12-11T13:25:25","date_gmt":"2009-12-11T11:25:25","guid":{"rendered":"http:\/\/www.korhanyilmaz.com\/?p=17066"},"modified":"2009-12-11T13:25:25","modified_gmt":"2009-12-11T11:25:25","slug":"hakim-kacmaz-cnn-turkten-mite-seslendi","status":"publish","type":"post","link":"http:\/\/www.korhanyilmaz.com\/?p=17066","title":{"rendered":"Hakim Ka\u00e7maz CNN T\u00dcRK&#039;ten M\u0130T&#039;e seslendi"},"content":{"rendered":"<p style=\"text-align: justify;\"><a href=\"http:\/\/www.korhanyilmaz.com\/wp-content\/uploads\/2009\/12\/KACMAZ2.jpg\"  class=\"lightview\"><img loading=\"lazy\" decoding=\"async\" class=\"aligncenter size-full wp-image-17067\" src=\"http:\/\/www.korhanyilmaz.com\/wp-content\/uploads\/2009\/12\/KACMAZ2.jpg\" alt=\"\" width=\"307\" height=\"236\" \/><\/a><\/p>\n<p style=\"text-align: justify;\">Sincan 1. A\u011f\u0131r Ceza Mahlemesi Ba\u015fkan\u0131 Osman Ka\u00e7maz, Ankara 7. A\u011f\u0131r Ceza Mahkemesi&#8217;ne savunmas\u0131n\u0131 verdi. CNN T\u00dcRK muhabiri Serhat Dal&#8217;a \u00f6zel deme\u00e7 veren Hakim Osman Ka\u00e7maz, M\u0130T&#8217;e yapt\u0131\u011f\u0131 su\u00e7 duyurusu ve hakk\u0131ndaki komplo iddialar\u0131yla ilgili olarak, &#8220;Buradan M\u0130T&#8217;e ve emniyete sesleniyorum. \u0130zzet Karada\u011f&#8217;\u0131 yakalay\u0131n. Ger\u00e7ekler ortaya \u00e7\u0131ks\u0131n&#8221; dedi.<!--more--><\/p>\n<p style=\"text-align: justify;\">Mahkeme \u00e7\u0131k\u0131\u015f\u0131 CNN T\u00dcRK&#8217;\u00fcn sorular\u0131n\u0131 yan\u0131tlayan Ka\u00e7maz, M\u0130T hakk\u0131ndaki su\u00e7 duyurusu ve sonras\u0131nda kurum taraf\u0131ndan yap\u0131lan a\u00e7\u0131klaman\u0131n hat\u0131rlat\u0131lmas\u0131 \u00fczerine, &#8220;M\u0130T&#8217;in a\u00e7\u0131klamas\u0131n\u0131 okuyunca deh\u015fete kap\u0131ld\u0131m. M\u00fcste\u015farl\u0131k nas\u0131l ger\u00e7ek d\u0131\u015f\u0131 beyanda bulunabilir? Ben nezaket ziyareti i\u00e7in kendilerini davet edece\u011fim. Yok b\u00f6yle bir \u015fey. Yarg\u0131 gerekeni yapacakt\u0131r&#8221; dedi.<\/p>\n<p style=\"text-align: justify;\">&#8220;M\u0130T&#8217;in hem size hem de Ankara 1. Sulh Ceza Mahkemesi&#8217;ne g\u00f6nderdi\u011fi yaz\u0131y\u0131 nas\u0131l de\u011ferlendiriyorsunuz?&#8221; sorusuna ise Ka\u00e7maz, &#8220;Biz o konuda su\u00e7 duyurusunda bulunduk. Yarg\u0131 hukuk i\u00e7erisinde gerekeni yapacakt\u0131r&#8221; diye yan\u0131t verdi.<\/p>\n<p style=\"text-align: justify;\">Hakk\u0131ndaki komplo iddialar\u0131na da cevap veren Ka\u00e7maz, &#8220;Ben 3-4 g\u00fcn \u00f6nce su\u00e7 duyurusunda bulundum. Benim, mahkeme olarak ya\u011fma su\u00e7undan 10 y\u0131l hapis cezas\u0131 verdi\u011fim bir san\u0131k&#8230; \u0130zzet Karada\u011f ismi. Bu yakalamal\u0131, \u015fu anda da aran\u0131yor. Tesad\u00fcfen \u00f6\u011frendim onu. Bir avukata giderek, bir M\u0130T mensubu oldu\u011funu s\u00f6yledi\u011fi Hakan isimli biri &#8216;gel seni bundan kurtaraca\u011f\u0131z. Bir yere silah g\u00f6mece\u011fiz, askeri m\u00fchimmat g\u00f6mece\u011fiz. Bunu, seni yakalad\u0131\u011f\u0131m\u0131zda &#8216;Osman Ka\u00e7maz&#8217;\u0131n talebi do\u011frultusunda g\u00f6md\u00fck&#8217; dersin&#8221; demi\u015f. Bunu avukata anlat\u0131yor. Avukat da &#8216;b\u00f6yle bir \u015fey olmaz&#8217; diyor. Fakat i\u015fin garip taraf\u0131 bir hafta sonra \u0130zzet Karada\u011f adl\u0131 \u015fah\u0131s, avukata &#8216;Benim size s\u00f6yledi\u011fim gibi geldiler, kimli\u011fimi de de\u011fi\u015ftirdiler. Zaten Osman Ka\u00e7maz&#8217;la ilgili bir s\u00fcr\u00fc \u015fey yapt\u0131k. Bundan sonra da yapmaya devam edece\u011fim&#8217; gibi \u015feyler duyunca su\u00e7 duyurusunda bulundum&#8221; dedi.<\/p>\n<p style=\"text-align: justify;\">&#8220;Ben \u015fimdi buradan M\u0130T yetkililerine, emniyet istihbarat te\u015fkilat\u0131na sesleniyorum. L\u00fctfen bu \u0130zzet Karada\u011f&#8217;\u0131 yakalay\u0131n&#8221; diyen Ka\u00e7maz, &#8220;Yakalay\u0131n da ger\u00e7ekler ortaya \u00e7\u0131ks\u0131n. Yoksa ger\u00e7ekten vahim \u015feyler olacak bu \u00fclkede&#8221; ifadesini kulland\u0131.<\/p>\n<p style=\"text-align: justify;\">Hakim Ka\u00e7maz, bunlarla ilgili M\u0130T&#8217;ten kendisine herhangi bir a\u00e7\u0131klama gelmedi\u011fini de s\u00f6zlerine ekledi.<\/p>\n<p style=\"text-align: justify;\"><strong><em>&#8220;Yarg\u0131 ger\u00e7ekten savunmada&#8230;&#8221; <\/em><\/strong><\/p>\n<p style=\"text-align: justify;\">Osman Ka\u00e7maz, &#8220;Savunmam\u0131 verdim. Yarg\u0131tay Ba\u015fkan\u0131 Hasan Ger\u00e7eker &#8216;Yarg\u0131ya sald\u0131r\u0131 var&#8217; dedi. HSYK da &#8216;Yarg\u0131 savunmada&#8217; a\u00e7\u0131klamas\u0131 yapt\u0131. Ben bir yarg\u0131 mensubu olarak evet savunmam\u0131 yapt\u0131m. Yarg\u0131 ger\u00e7ekten de savunmada&#8221; dedi.<\/p>\n<p style=\"text-align: justify;\">Ka\u00e7maz, &#8220;Biliyorsunuz 36 hakim ve savc\u0131 Ergenekon nedeniyle dinlendi ve bunlara Say\u0131n Adalet Bakan\u0131 &#8216;Herhangi bir \u015fey bulamad\u0131k&#8217; diye mektup yazd\u0131. Ben \u015fimdi takip ediyorum. O 36 hakim ve savc\u0131 hakk\u0131nda nas\u0131l bir i\u015flem yapacaklar? \u00d6ncelikle kendi haklar\u0131n\u0131 korumalar\u0131n\u0131 bekliyorum onlardan. Sald\u0131r\u0131 sadece bana de\u011fil. \u00c7\u00fcnk\u00fc kendi haklar\u0131n\u0131 koruyamayanlar vatanda\u015fl\u0131k haklar\u0131n\u0131 da koruyamaz&#8221; dedi.<\/p>\n<p style=\"text-align: justify;\"><strong><em>Tefti\u015f Kurulu i\u00e7in bakana \u00e7a\u011fr\u0131 <\/em><\/strong><\/p>\n<p style=\"text-align: justify;\">Adalet Bakan\u0131 Sadullah Ergin&#8217;in, &#8220;Pozitif hukuk kurallar\u0131na uymayanlar sonu\u00e7lar\u0131na katlan\u0131rlar&#8221; a\u00e7\u0131klamas\u0131n\u0131n hat\u0131rlat\u0131lmas\u0131 \u00fczerine Ka\u00e7maz, &#8220;Bakan\u0131n a\u00e7\u0131klamas\u0131 ger\u00e7ekten \u00e7ok g\u00fczel. Ben buradan bakana da sesleniyorum. Tefti\u015f Kurulu hakk\u0131nda su\u00e7 duyurusunda bulunduk. Hukukun d\u0131\u015f\u0131na \u00e7\u0131karak benimle ilgili bir tak\u0131m i\u015flemler yapt\u0131lar. \u0130zni bekliyorum. Yarg\u0131lanma iznini Say\u0131n Bakan verecek mi bakal\u0131m&#8221; dedi.<\/p>\n<p style=\"text-align: justify;\">&#8220;Tefti\u015f Kurulu&#8217;nun, pozitif hukuk kurallar\u0131na kesinlikle ayk\u0131r\u0131 davrand\u0131\u011f\u0131n\u0131 d\u00fc\u015f\u00fcnd\u00fc\u011f\u00fcn\u00fc&#8221; belirten Ka\u00e7maz, bunun ortaya \u00e7\u0131kabilmesi i\u00e7in de Adalet Bakan\u0131 Ergin&#8217;in izninin gerekti\u011fini s\u00f6yledi.<\/p>\n<p style=\"text-align: justify;\"><span style=\"color: #888888;\">CNN T\u00dcRK<\/span><\/p>\n","protected":false},"excerpt":{"rendered":"<p style=\"text-align: justify;\">\n<p style=\"text-align: justify;\">Sincan 1. A\u011f\u0131r Ceza Mahlemesi Ba\u015fkan\u0131 Osman Ka\u00e7maz, Ankara 7. A\u011f\u0131r Ceza Mahkemesi&#8217;ne savunmas\u0131n\u0131 verdi. CNN T\u00dcRK muhabiri Serhat Dal&#8217;a \u00f6zel deme\u00e7 veren Hakim Osman Ka\u00e7maz, M\u0130T&#8217;e yapt\u0131\u011f\u0131 su\u00e7 duyurusu ve hakk\u0131ndaki komplo iddialar\u0131yla ilgili olarak, &#8220;Buradan M\u0130T&#8217;e ve emniyete sesleniyorum. \u0130zzet Karada\u011f&#8217;\u0131 yakalay\u0131n. Ger\u00e7ekler ortaya \u00e7\u0131ks\u0131n&#8221; dedi.<\/p>\n","protected":false},"author":1,"featured_media":0,"comment_status":"open","ping_status":"closed","sticky":false,"template":"","format":"standard","meta":{"footnotes":""},"categories":[105],"tags":[],"class_list":["post-17066","post","type-post","status-publish","format-standard","hentry","category-gundem","odd"],"_links":{"self":[{"href":"http:\/\/www.korhanyilmaz.com\/index.php?rest_route=\/wp\/v2\/posts\/17066","targetHints":{"allow":["GET"]}}],"collection":[{"href":"http:\/\/www.korhanyilmaz.com\/index.php?rest_route=\/wp\/v2\/posts"}],"about":[{"href":"http:\/\/www.korhanyilmaz.com\/index.php?rest_route=\/wp\/v2\/types\/post"}],"author":[{"embeddable":true,"href":"http:\/\/www.korhanyilmaz.com\/index.php?rest_route=\/wp\/v2\/users\/1"}],"replies":[{"embeddable":true,"href":"http:\/\/www.korhanyilmaz.com\/index.php?rest_route=%2Fwp%2Fv2%2Fcomments&post=17066"}],"version-history":[{"count":0,"href":"http:\/\/www.korhanyilmaz.com\/index.php?rest_route=\/wp\/v2\/posts\/17066\/revisions"}],"wp:attachment":[{"href":"http:\/\/www.korhanyilmaz.com\/index.php?rest_route=%2Fwp%2Fv2%2Fmedia&parent=17066"}],"wp:term":[{"taxonomy":"category","embeddable":true,"href":"http:\/\/www.korhanyilmaz.com\/index.php?rest_route=%2Fwp%2Fv2%2Fcategories&post=17066"},{"taxonomy":"post_tag","embeddable":true,"href":"http:\/\/www.korhanyilmaz.com\/index.php?rest_route=%2Fwp%2Fv2%2Ftags&post=17066"}],"curies":[{"name":"wp","href":"https:\/\/api.w.org\/{rel}","templated":true}]}}