{"id":17059,"date":"2009-12-10T10:43:56","date_gmt":"2009-12-10T08:43:56","guid":{"rendered":"http:\/\/www.korhanyilmaz.com\/?p=17059"},"modified":"2009-12-10T10:43:56","modified_gmt":"2009-12-10T08:43:56","slug":"yeni-osmanli-onderlerinden-mehter-adimi","status":"publish","type":"post","link":"http:\/\/www.korhanyilmaz.com\/?p=17059","title":{"rendered":"Yeni Osmanl\u0131 \u00f6nderlerinden mehter ad\u0131m\u0131"},"content":{"rendered":"<p style=\"text-align: center;\"><a href=\"http:\/\/www.korhanyilmaz.com\/wp-content\/uploads\/2009\/12\/osmanli.jpg\"  class=\"lightview\"><img loading=\"lazy\" decoding=\"async\" class=\"aligncenter size-full wp-image-17060\" src=\"http:\/\/www.korhanyilmaz.com\/wp-content\/uploads\/2009\/12\/osmanli.jpg\" alt=\"\" width=\"450\" height=\"225\" \/><\/a><\/p>\n<p style=\"text-align: justify;\"><strong><em>G\u00fcl, Erdo\u011fan\u2019\u0131n tavr\u0131na uyum sa\u011flayacak m\u0131?<\/em><\/strong><\/p>\n<p style=\"text-align: justify;\">BA\u015eBAKAN Erdo\u011fan\u2019\u0131n ABD\u2019de \u201cYeni Osmanl\u0131\u201d tart\u0131\u015fmalar\u0131na tepki g\u00f6stermesi, t\u00fcm g\u00f6zleri \u201cYeni Osmanl\u0131c\u0131l\u0131k kavram\u0131n\u0131 sa\u011fl\u0131kl\u0131 buluyorum\u201d diyen G\u00fcl\u2019e \u00e7evirdi.<\/p>\n<p style=\"text-align: justify;\"><strong><em>Davuto\u011flu: Ben \u2018Yeni Osmanl\u0131y\u0131z\u2019 demedim<\/em><\/strong><\/p>\n<p style=\"text-align: justify;\">Kitaplar\u0131nda Osmanl\u0131 politikalar\u0131na \u00f6vg\u00fcler ya\u011fd\u0131ran D\u0131\u015fi\u015fleri Bakan\u0131 Davuto\u011flu K\u0131z\u0131lcahamam\u2019da s\u00f6yledi\u011fi s\u00f6zlerin tepki \u00e7ekmesi \u00fczerine geri ad\u0131m att\u0131.<\/p>\n<p style=\"text-align: justify;\"><strong><em>B\u00fcy\u00fckan\u0131t da \u00f6vd\u00fckten sonra geri \u00e7ekilmi\u015fti&#8230;<\/em><\/strong><\/p>\n<p style=\"text-align: justify;\">GENELKURMAY eski Ba\u015fkan\u0131 B\u00fcy\u00fckan\u0131t da, \u00f6nce Osmanl\u0131 modeline \u00f6vg\u00fcler ya\u011fd\u0131rm\u0131\u015f, sonra \u201cCumhuriyet d\u0131\u015f\u0131nda model, hayalimden ge\u00e7mez\u201d demi\u015fti. <!--more--><\/p>\n<p style=\"text-align: justify;\"><strong><em>Neo Osmanl\u0131\u2019dan mehter y\u00fcr\u00fcy\u00fc\u015f\u00fcne h\u0131zl\u0131 ge\u00e7i\u015f!<\/em><\/strong><\/p>\n<p style=\"text-align: justify;\">Daha \u00f6nceki a\u00e7\u0131klamalar\u0131nda \u201cT\u00fcrkiye Cumhuriyeti\u2019ne Osmanl\u0131 misyonu bi\u00e7en\u201d Ba\u015fbakan Recep Tayyip Erdo\u011fan, ABD\u2019de geri ad\u0131m att\u0131. Barack Obama ile Beyaz Saray\u2019daki g\u00f6r\u00fc\u015fmesinin ard\u0131ndan Johns Hopkins \u00dcniversitesi\u2019nde bir konu\u015fma yapan Ba\u015fbakan Erdo\u011fan, Yeni Osmanl\u0131 tart\u0131\u015fmalar\u0131na da sert tepki g\u00f6sterdi. Ba\u015fbakan \u015eunlar\u0131 kaydetti: T\u00fcrkiye\u2019nin d\u0131\u015f politikada \u201cNeo Osmanl\u0131c\u0131l\u0131k\u201d veya \u201cYeni Osmanl\u0131c\u0131l\u0131k\u201d politikas\u0131 izledi\u011fi yak\u0131\u015ft\u0131rmas\u0131n\u0131 kabul etmiyoruz.  T\u00fcrkiye Cumhuriyeti i\u00e7inde Yeni Osmanl\u0131c\u0131l\u0131k ak\u0131m\u0131 yok. Yak\u0131\u015ft\u0131rmad\u0131r.<\/p>\n<p style=\"text-align: justify;\"><strong><em>\u2018T\u00fcrkiye Osmanl\u0131 gibi olmal\u0131\u2019\u00a0 Ba\u015fbakan R. Tayyip Erdo\u011fan<\/em><\/strong><\/p>\n<p style=\"text-align: justify;\">Oysa Ba\u015fbakan Erdo\u011fan, ge\u00e7en Ramazan ay\u0131nda gazete ve TV kanallar\u0131n\u0131n genel yay\u0131n y\u00f6netmenlerine Dolmabah\u00e7e\u2019de verdi\u011fi iftar yeme\u011finde, T\u00fcrkiye Cumhuriyeti\u2019ne Osmanl\u0131\u2019n\u0131n g\u00fc\u00e7l\u00fc, ayaklar\u0131 yere basan d\u00f6nemlerini hedef g\u00f6stermi\u015fti. Yeme\u011fin ard\u0131ndan yapt\u0131\u011f\u0131 a\u00e7\u0131klamada Yeni Osmanl\u0131c\u0131l\u0131k \u00f6zlemini dile getiren Erdo\u011fan  \u201cBizim \u015fu anda \u00fcniter yap\u0131m\u0131z\u0131 \u00e7ok g\u00fc\u00e7l\u00fc k\u0131lmam\u0131z laz\u0131m.Ama \u015fimdi \u015f\u00f6yle bir Osmanl\u0131\u2019ya bakt\u0131\u011f\u0131m\u0131z zaman, Osmanl\u0131 bu noktada \u00e7ok rahatt\u0131. \u00c7\u00fcnk\u00fc ayaklar\u0131 yere zaten sa\u011flam basm\u0131\u015ft\u0131. Ondan sonra pergelin bir ucu her tarafa rahatl\u0131kla d\u00f6nebiliyordu. Bu noktadayd\u0131. \u015eimdi bizim T\u00fcrkiye Cumhuriyetimizi o noktaya getirmemiz laz\u0131m\u201d demi\u015fti.<\/p>\n<p style=\"text-align: justify;\"><strong><em>\u2018Osmanl\u0131c\u0131l\u0131k tart\u0131\u015f\u0131lmal\u0131\u2019 Cumhurba\u015fkan\u0131 Abdullah G\u00fcl<\/em><\/strong><\/p>\n<p style=\"text-align: justify;\">AKP s\u0131ralar\u0131ndan \u00c7ankaya K\u00f6\u015fk\u00fc\u2019ne \u00e7\u0131kan Cumhurba\u015fkan\u0131 Abdullah G\u00fcl de RP milletvekili iken \u2019Yeni Osmanl\u0131c\u0131l\u0131k\u2019s\u00f6ylemine destek vermi\u015fti. AKP\u2019nin kurucular\u0131ndan birisi olan G\u00fcl, 1992 y\u0131l\u0131nda yapt\u0131\u011f\u0131 bir konu\u015fmada T\u00fcrkiye\u2019deki mevcut sistemin halkla kavgal\u0131 oldu\u011funu, Atat\u00fcrk ilkelerinin T\u00fcrk milletine dayat\u0131ld\u0131\u011f\u0131n\u0131 iddia ederek \u015funlar\u0131 kaydemi\u015fti: \u015eimdi bu tercihin yap\u0131lmas\u0131 laz\u0131md\u0131. Ufak bir T\u00fcrkiye, b\u00f6l\u00fcnm\u00fc\u015f bir T\u00fcrkiye\u2019yi b\u0131rak\u0131n daha b\u00fcy\u00fck d\u00fcnyalar\u0131 dinda\u015flar\u0131m\u0131za, \u0131rkda\u015flar\u0131m\u0131za kadar hepsini kucaklayabilecek yeni bir anlay\u0131\u015f\u0131n getirilmesi&#8230; Bu a\u00e7\u0131dan bu ikinci Cumhuriyet, yeni Osmanl\u0131c\u0131l\u0131k kavramlar\u0131n\u0131n ve tart\u0131\u015fmalar\u0131n\u0131n, ortaya gelmesini ben \u00e7ok sa\u011fl\u0131kl\u0131 olarak g\u00f6r\u00fcyorum ve gelece\u011fe \u00fcmitle bak\u0131yorum&#8230;<\/p>\n<p style=\"text-align: justify;\"><strong><em>\u2018Osmanl\u0131\u2019dan kalan miras\u0131m\u0131z var\u2019\u00a0 D\u0131\u015fi\u015fleri Bakan\u0131 Ahmet Davuto\u011flu<\/em><\/strong><\/p>\n<p style=\"text-align: justify;\">Yazd\u0131\u011f\u0131 kitaplarda Osmanl\u0131 politikalar\u0131na \u00f6vg\u00fcler ya\u011fd\u0131ran D\u0131\u015fi\u015fleri Bakan\u0131 Ahmet Davuto\u011flu\u2019nun ise \u201cBiz Yeni Osmanl\u0131y\u0131z\u201d dedi\u011fi iddia edilmi\u015fti. AKP\u2019nin son K\u0131z\u0131lcahamam kamp\u0131na kat\u0131lan milletvekillerinin anlat\u0131mlar\u0131na dayan\u0131larak yap\u0131lan bir haberde Davuto\u011flu\u2019nun \u201cOsmanl\u0131\u2019dan kalan bir miras\u0131m\u0131z var. \u2019Yeni Osmanl\u0131\u2019diyorlar. Evet, Yeni Osmanl\u0131\u2019y\u0131z. B\u00f6lgemizdeki \u00fclkelerle ilgilenmek zorunday\u0131z. Hatta, Kuzey Afrika\u2019ya a\u00e7\u0131l\u0131yoruz\u201d dedi\u011fi \u00f6ne s\u00fcr\u00fclm\u00fc\u015ft\u00fc. Bu s\u00f6zlere y\u00fckselen tepkiler \u00fczerini Davuto\u011flu, b\u00f6yle bir ifade sarfetmedi\u011fini \u00f6ne s\u00fcrm\u00fc\u015ft\u00fc.<\/p>\n<p style=\"text-align: justify;\"><strong><em>\u2018O d\u00f6nemde \u00e7at\u0131\u015fma yoktu\u2019\u00a0 E.Orgeneral Ya\u015far B\u00fcy\u00fckan\u0131t<\/em><\/strong><\/p>\n<p style=\"text-align: justify;\">Genelkurmay eski Ba\u015fkan\u0131 emekli Orgeneral Ya\u015far B\u00fcy\u00fckan\u0131t da, May\u0131s 2008\u2019de Osmanl\u0131 modeline \u00f6vg\u00fcler ya\u011fd\u0131rm\u0131\u015ft\u0131. Harp Akademileri Komutanl\u0131\u011f\u0131\u2019nda d\u00fczenlenen sempozyumun a\u00e7\u0131l\u0131\u015f konu\u015fmas\u0131n\u0131 yapan d\u00f6nemin Genelkurmay Ba\u015fkan\u0131 B\u00fcy\u00fckan\u0131t, bir gazetecinin, \u201c\u0130lk defa konu\u015fman\u0131zda Osmanl\u0131 d\u00f6nemine at\u0131f yapt\u0131n\u0131z\u201d s\u00f6zleri \u00fczerine, bunun do\u011fru oldu\u011funu, Osmanl\u0131 egemenli\u011fi s\u0131ras\u0131nda Orta Do\u011fu\u2019da mezhepler aras\u0131nda \u00e7at\u0131\u015fma olmad\u0131\u011f\u0131n\u0131 vurgulam\u0131\u015ft\u0131. B\u00fcy\u00fckan\u0131t, 1. D\u00fcnya Sava\u015f\u0131\u2019ndan itibaren s\u0131n\u0131rlar\u0131n cetvelle \u00e7izilmesinden sonra durumun bu hale d\u00f6n\u00fc\u015ft\u00fc\u011f\u00fcn\u00fc bildirmi\u015fti. Bir ba\u015fka gazetecinin, \u201cT\u00fcrkiye i\u00e7in Osmanl\u0131 modelini \u00f6nerenler var\u201d s\u00f6zleri \u00fczerine B\u00fcy\u00fckan\u0131t, \u201cBenim, asla ve asla T\u00fcrkiye Cumhuriyeti d\u0131\u015f\u0131nda bir model, hayalimden ge\u00e7mez. Ben tarihi bir ger\u00e7e\u011fi s\u00f6yl\u00fcyorum\u201d demi\u015fti.<\/p>\n<p style=\"text-align: justify;\"><span style=\"color: #888888;\">Haber : Macit Soydan &#8211;<a href=\"http:\/\/www.yenicaggazetesi.com.tr\/haberdetay.php?hit=27660\" target=\"_blank\"> yenicaggazetesi.com.tr<\/a><\/span><\/p>\n","protected":false},"excerpt":{"rendered":"<p style=\"text-align: center;\">\n<p style=\"text-align: justify;\">G\u00fcl, Erdo\u011fan\u2019\u0131n tavr\u0131na uyum sa\u011flayacak m\u0131?<\/p>\n<p style=\"text-align: justify;\">BA\u015eBAKAN Erdo\u011fan\u2019\u0131n ABD\u2019de \u201cYeni Osmanl\u0131\u201d tart\u0131\u015fmalar\u0131na tepki g\u00f6stermesi, t\u00fcm g\u00f6zleri \u201cYeni Osmanl\u0131c\u0131l\u0131k kavram\u0131n\u0131 sa\u011fl\u0131kl\u0131 buluyorum\u201d diyen G\u00fcl\u2019e \u00e7evirdi.<\/p>\n<p style=\"text-align: justify;\">Davuto\u011flu: Ben \u2018Yeni Osmanl\u0131y\u0131z\u2019 demedim<\/p>\n<p style=\"text-align: justify;\">Kitaplar\u0131nda Osmanl\u0131 politikalar\u0131na \u00f6vg\u00fcler ya\u011fd\u0131ran D\u0131\u015fi\u015fleri Bakan\u0131 Davuto\u011flu K\u0131z\u0131lcahamam\u2019da s\u00f6yledi\u011fi s\u00f6zlerin tepki \u00e7ekmesi \u00fczerine geri <\/p>\n","protected":false},"author":1,"featured_media":0,"comment_status":"open","ping_status":"closed","sticky":false,"template":"","format":"standard","meta":{"footnotes":""},"categories":[105],"tags":[],"class_list":["post-17059","post","type-post","status-publish","format-standard","hentry","category-gundem","odd"],"_links":{"self":[{"href":"http:\/\/www.korhanyilmaz.com\/index.php?rest_route=\/wp\/v2\/posts\/17059","targetHints":{"allow":["GET"]}}],"collection":[{"href":"http:\/\/www.korhanyilmaz.com\/index.php?rest_route=\/wp\/v2\/posts"}],"about":[{"href":"http:\/\/www.korhanyilmaz.com\/index.php?rest_route=\/wp\/v2\/types\/post"}],"author":[{"embeddable":true,"href":"http:\/\/www.korhanyilmaz.com\/index.php?rest_route=\/wp\/v2\/users\/1"}],"replies":[{"embeddable":true,"href":"http:\/\/www.korhanyilmaz.com\/index.php?rest_route=%2Fwp%2Fv2%2Fcomments&post=17059"}],"version-history":[{"count":0,"href":"http:\/\/www.korhanyilmaz.com\/index.php?rest_route=\/wp\/v2\/posts\/17059\/revisions"}],"wp:attachment":[{"href":"http:\/\/www.korhanyilmaz.com\/index.php?rest_route=%2Fwp%2Fv2%2Fmedia&parent=17059"}],"wp:term":[{"taxonomy":"category","embeddable":true,"href":"http:\/\/www.korhanyilmaz.com\/index.php?rest_route=%2Fwp%2Fv2%2Fcategories&post=17059"},{"taxonomy":"post_tag","embeddable":true,"href":"http:\/\/www.korhanyilmaz.com\/index.php?rest_route=%2Fwp%2Fv2%2Ftags&post=17059"}],"curies":[{"name":"wp","href":"https:\/\/api.w.org\/{rel}","templated":true}]}}