{"id":17055,"date":"2009-12-10T01:55:26","date_gmt":"2009-12-09T23:55:26","guid":{"rendered":"http:\/\/www.korhanyilmaz.com\/?p=17055"},"modified":"2009-12-10T01:55:26","modified_gmt":"2009-12-09T23:55:26","slug":"%e2%80%98obama-erdogan%e2%80%99a-sert-cikti%e2%80%99","status":"publish","type":"post","link":"http:\/\/www.korhanyilmaz.com\/?p=17055","title":{"rendered":"\u2018Obama Erdo\u011fan\u2019a sert \u00e7\u0131kt\u0131\u2019"},"content":{"rendered":"<p style=\"text-align: center;\"><a href=\"http:\/\/www.korhanyilmaz.com\/wp-content\/uploads\/2009\/12\/obama.jpg\"  class=\"lightview\"><img loading=\"lazy\" decoding=\"async\" class=\"aligncenter size-full wp-image-17056\" src=\"http:\/\/www.korhanyilmaz.com\/wp-content\/uploads\/2009\/12\/obama.jpg\" alt=\"\" width=\"450\" height=\"225\" \/><\/a><\/p>\n<p style=\"text-align: justify;\"><strong><em>Yahudi bas\u0131n\u0131ndan kin kokan iddia<\/em><\/strong><\/p>\n<p style=\"text-align: justify;\">ABD yetkililerini kaynak g\u00f6steren haber ajans\u0131 \u201cErdo\u011fan, \u0130srail kar\u015f\u0131t\u0131 s\u00f6ylemleri nedeniyle Oval Ofis\u2019te azarland\u0131\u201d dedi.<\/p>\n<p style=\"text-align: justify;\">BEYAZ Saray\u2019daki Erdo\u011fan-Obama zirvesi, Yahudi bas\u0131n\u0131nda farkl\u0131 yorumland\u0131. Haber ajans\u0131 JTA, ABD\u2019li bir kayna\u011fa dayand\u0131rarak, \u201cObama, T\u00fcrk Ba\u015fbakan\u0131n\u0131 \u0130srail kar\u015f\u0131t\u0131 s\u00f6ylemleri nedeniyle azarlad\u0131\u201d iddias\u0131nda bulundu. <!--more--><\/p>\n<p style=\"text-align: justify;\"><strong><em>\u201c\u0130li\u015fkileri derhal d\u00fczeltin\u201d bask\u0131s\u0131<\/em><\/strong><\/p>\n<p style=\"text-align: justify;\">OBAMA\u2019n\u0131n Erdo\u011fan\u2019a \u201cT\u00fcrkiye\u2019nin \u0130srail ile ba\u011flar\u0131n\u0131n yeniden tesis edilmesini bir \u00f6ncelik haline getirmesi i\u00e7in bask\u0131 yapt\u0131\u011f\u0131n\u0131\u201d da iddia eden JTA, Erdo\u011fan\u2019\u0131n \u0130ran\u2019\u0131n n\u00fckleer program\u0131n\u0131 savundu\u011funu da hat\u0131rlatt\u0131.<\/p>\n<p style=\"text-align: justify;\"><strong><em>\u2018Ek\u00fcmenik\u2019 dedi\u011fini Yunan bas\u0131n\u0131 yazd\u0131<\/em><\/strong><\/p>\n<p style=\"text-align: justify;\">OBAMA\u2019n\u0131n Erdo\u011fan\u2019la g\u00f6r\u00fc\u015fmesinde Fener Rum papaz\u0131 Barto i\u00e7in kulland\u0131\u011f\u0131 \u2018ek\u00fcmenik\u2019 s\u0131fat\u0131, Yunan bas\u0131n\u0131nda geni\u015f yer buldu.<\/p>\n<p style=\"text-align: justify;\"><strong><em>Yahudilerden kin kokan iddia<\/em><\/strong><\/p>\n<p style=\"text-align: justify;\">Ba\u015fbakan Erdo\u011fan\u2019\u0131n, Beyaz Saray\u2019da yapt\u0131\u011f\u0131 g\u00f6r\u00fc\u015fmeyle ilgili Yahudi bas\u0131n\u0131nda \u015fok bir iddiaya yer verildi: ABD Ba\u015fkan\u0131 Barack Obama, T\u00fcrk Ba\u015fbakan\u0131n\u0131, kavgac\u0131 \u0130srail kar\u015f\u0131t\u0131 s\u00f6ylemleri nedeniyle azarlad\u0131.<\/p>\n<p style=\"text-align: justify;\">Ankara\u2019dan y\u00fckselen \u0130srail kar\u015f\u0131t\u0131 seslerin artmas\u0131n\u0131n ard\u0131ndan s\u0131k s\u0131k T\u00fcrkiye ile ilgili haberlere yer veren Yahudi bas\u0131n\u0131 Ba\u015fbakan Recep Tayyip Erdo\u011fan\u2019\u0131n, ABD Ba\u015fkan\u0131 Barack Obama ile yapt\u0131\u011f\u0131 g\u00f6r\u00fc\u015fme konusunda \u015fok iddialar g\u00fcndeme getirdi.  Yahudi haber ajans\u0131 Jewish Telegraphic Agency (JTA), \u201cBa\u015fkan Obama, T\u00fcrkiye\u2019nin profiline zarar verdi\u011fini s\u00f6yleyerek T\u00fcrk Ba\u015fbakan\u0131n\u0131, kavgac\u0131 \u0130srail kar\u015f\u0131t\u0131 s\u00f6ylemleri nedeniyle azarlad\u0131\u201d iddias\u0131nda bulundu.<\/p>\n<p style=\"text-align: justify;\"><strong><em>Hi\u00e7 kimse bu kadar ele\u015ftirmedi<\/em><\/strong><\/p>\n<p style=\"text-align: justify;\">JTA, \u201cObama \u0130srail konusunda T\u00fcrk liderini azarlad\u0131\u201d ba\u015fl\u0131kl\u0131 haberinde \u015funlar\u0131 yazd\u0131: \u201cJTA\u2019ya bir ABD yetkilisince yap\u0131lan a\u00e7\u0131klamaya g\u00f6re, Ba\u015fkan Obama, biraraya geldi\u011fi T\u00fcrk Ba\u015fbakan\u0131na, \u0130srail kar\u015f\u0131t\u0131 s\u00f6ylemlerinin, \u00fclkesinin liderlik yapma kabiliyetinin erozyona u\u011framas\u0131na yol a\u00e7t\u0131\u011f\u0131n\u0131 ifade etti\u011fi belirtildi.\u201d Ayn\u0131 yetkilinin, \u201cBa\u015fkan, Ba\u015fbakana, T\u00fcrkiye\u2019nin \u0130srail ile ba\u011flar\u0131n\u0131n yeniden tesis edilmesini bir \u00f6ncelik haline getirmesi i\u00e7in bask\u0131 yapt\u0131\u201d dedi\u011fini de aktaran JTA, \u201cErdo\u011fan, iki \u00fclke aras\u0131ndaki ba\u011flar\u0131n tesis edildi\u011fi 1950 y\u0131llar\u0131ndan bu yana hi\u00e7bir T\u00fcrk liderinin yapmad\u0131\u011f\u0131 kadar \u0130srail\u2019e y\u00f6nelik ele\u015ftirileri art\u0131rd\u0131. Erdo\u011fan, k\u0131\u015f aylar\u0131ndaki Gazze sava\u015f\u0131 s\u0131ras\u0131nda \u0130srail\u2019i sava\u015f su\u00e7lar\u0131 ile itham etti ve \u0130ran\u2019\u0131n n\u00fckleer program\u0131n\u0131 savundu\u201d g\u00f6r\u00fc\u015f\u00fcn\u00fc de dile getirdi. Erdo\u011fan\u2019\u0131n Obama ile g\u00f6r\u00fc\u015fmesinin ard\u0131ndan yapt\u0131\u011f\u0131 a\u00e7\u0131klamalara da yer verilen haberde \u201cErdo\u011fan, T\u00fcrkiye\u2019nin b\u00f6lgedeki bar\u0131\u015f arabulucu rol\u00fcn\u00fc yeniden ba\u015flayaca\u011f\u0131n\u0131 umdu\u011funu s\u00f6yledi. O rol, k\u0131smen T\u00fcrkiye-\u0130srail ba\u011flar\u0131n\u0131n bozulmas\u0131yla erozyona u\u011frad\u0131\u201d denildi.<\/p>\n<p style=\"text-align: justify;\"><strong><em>D\u00fc\u015fmanl\u0131k insanl\u0131k su\u00e7u<\/em><\/strong><\/p>\n<p style=\"text-align: justify;\">\u00d6te yandan Ba\u015fbakan Erdo\u011fan\u2019a Amerikan PBS televizyonunda kat\u0131ld\u0131\u011f\u0131 \u201cCharlie Rose Show\u201d adl\u0131 programda,  \u0130svi\u00e7re\u2019deki minare yasa\u011f\u0131 ve \u0130srail kar\u015f\u0131t\u0131 s\u00f6ylemleri de soruldu. Bir \u00e7ok \u00fclkede yabanc\u0131 d\u00fc\u015fmanl\u0131\u011f\u0131 yap\u0131ld\u0131\u011f\u0131n\u0131 \u00fcz\u00fclerek g\u00f6rd\u00fc\u011f\u00fcn\u00fc ifade eden Ba\u015fbakan Erdo\u011fan, \u015funlar\u0131 kaydetti: \u201c\u00d6rne\u011fin \u0130kiz Kulelerin vurulmas\u0131ndan sonra, ABD\u2019de de Avrupa\u2019da da bunun \u00f6rnekleri g\u00f6r\u00fcld\u00fc. Almanya\u2019da, Fransa\u2019da, son d\u00f6nemde \u0130svi\u00e7re\u2019de g\u00f6rd\u00fck. Yahudi d\u00fc\u015fmanl\u0131\u011f\u0131 bir insanl\u0131k su\u00e7u&#8230; Bunu gitti\u011fim her yerde s\u00f6yl\u00fcyorum, ama \u0130slamofobi de insanl\u0131\u011fa kar\u015f\u0131 bir su\u00e7tur.<\/p>\n<p style=\"text-align: justify;\"><strong><em>T\u00fcrk bas\u0131n\u0131 \u0131srarla gizledi Yunan yazd\u0131<\/em><\/strong><\/p>\n<p style=\"text-align: justify;\">ABD Ba\u015fbakan\u0131 Barack Obama\u2019n\u0131n Ba\u015fbakan Erdo\u011fan\u2019la yapt\u0131\u011f\u0131 g\u00f6r\u00fc\u015fmede Fener Rum Kilisesi i\u00e7in kulland\u0131\u011f\u0131 \u201cek\u00fcmenik\u201d s\u0131fat\u0131, ziyarete kat\u0131lan T\u00fcrk bas\u0131n\u0131 taraf\u0131ndan g\u00f6rmezden gelinirken, Yunanistan bas\u0131n\u0131 bu detaya dikkat \u00e7ekti. Ba\u015fbakan Erdo\u011fan ile ABD Ba\u015fkan\u0131 Barack Obama aras\u0131nda ger\u00e7ekle\u015fen g\u00f6r\u00fc\u015fme, Yunan bas\u0131n-yay\u0131n organlar\u0131nda geni\u015f yer buldu.<\/p>\n<p style=\"text-align: justify;\"><strong><em>Ruhban Okulu sevinci<\/em><\/strong><\/p>\n<p style=\"text-align: justify;\">Gazetelerde, Obama\u2019n\u0131n Erdo\u011fan\u2019\u0131n y\u00fcz\u00fcne Fener kilisesinin \u2018ek\u00fcmenik\u2019 oldu\u011funu s\u00f6yledi\u011fini, ancak terc\u00fcmede bunun yer almad\u0131\u011f\u0131n\u0131 yazd\u0131. \u2018Erdo\u011fan Beyaz Saray taraf\u0131ndan arabulucu\u2019ba\u015fl\u0131\u011f\u0131n\u0131 kullanan Kathimerini gazetesi, Erdo\u011fan\u2019\u0131n Obama taraf\u0131ndan \u2019b\u00f6lgesel g\u00fcc\u00fcn lideri\u2019s\u0131fat\u0131yla a\u011f\u0131rland\u0131\u011f\u0131 yorumunda bulundu. ABD Ba\u015fkan\u0131 Obama\u2019n\u0131n Erdo\u011fan\u2019\u0131 T\u00fcrkiye\u2019de demokratikle\u015fme y\u00f6n\u00fcndeki \u00e7abalar\u0131na devam etmesi y\u00f6n\u00fcnde te\u015fvik etti\u011fini yazan Elefteros Tipos gazetesi ise \u00f6rnek olarak Heybeliada Ruhban Okulu\u2019nun a\u00e7\u0131lmas\u0131n\u0131 g\u00f6sterdi\u011fini, \u2018Ek\u00fcmenik Patrikhane\u2019nin ya\u015famsal ihtiya\u00e7lar\u0131n\u0131n kar\u015f\u0131lanmas\u0131n\u0131n gere\u011finden s\u00f6z etti\u011fini kaydetti.<\/p>\n<p style=\"text-align: justify;\"><strong><em>Terc\u00fcmede yok oldu<\/em><\/strong><\/p>\n<p style=\"text-align: justify;\">Gazete, ancak Obama\u2019n\u0131n bu son c\u00fcmlesinin terc\u00fcme s\u0131ras\u0131nda kayboldu\u011funu ve \u2018Ek\u00fcmenik Patrikhane\u2019nin ya\u015famsal ihtiya\u00e7lar\u0131\u2019na dikkat \u00e7ekilmedi\u011fini belirtti. Ta Nea gazetesi de, \u2018Obama Erdo\u011fan\u2019a puan veriyor\u2019 ba\u015fl\u0131kl\u0131 haberinde, Obama\u2019n\u0131n \u0130ran\u2019la aras\u0131ndaki n\u00fckleer program konusunda ortaya \u00e7\u0131kan g\u00f6r\u00fc\u015f ayr\u0131l\u0131\u011f\u0131n\u0131 gidermek i\u00e7in T\u00fcrkiye\u2019yi \u2018\u00f6nemli akt\u00f6r\u2019 olarak tan\u0131mlad\u0131\u011f\u0131na vurgu yapt\u0131.<\/p>\n<p style=\"text-align: justify;\"><strong><em>Milli E\u011fitim Bakan\u0131 ilgileniyor<\/em><\/strong><\/p>\n<p style=\"text-align: justify;\">Ba\u015fbakan Erdo\u011fan \u00f6nceki g\u00fcn yapt\u0131\u011f\u0131 bas\u0131n toplant\u0131s\u0131nda, Ruhban Okulu ile ilgili a\u00e7\u0131klamalarda bulunmu\u015ftu. Erdo\u011fan \u015funlar\u0131 s\u00f6ylemi\u015fti: \u201cBu konuda T\u00fcrkiye\u2019de Milli E\u011fitim Bakanl\u0131\u011f\u0131m\u0131z\u0131n bir \u00e7al\u0131\u015fmas\u0131 var. Ben k\u0131sa bir s\u00fcre \u00f6nce az\u0131nl\u0131klar\u0131n dini liderlerini bir araya getirdim. Kendileriyle bir g\u00f6r\u00fc\u015fmem, toplant\u0131m oldu. Orada neleri yapabilece\u011fimizi kendilerine s\u00f6yledik.\u201d<\/p>\n<p style=\"text-align: justify;\"><span style=\"color: #888888;\">Haber : \u00d6nsel \u00dcnal &#8211; <a href=\"http:\/\/www.yenicaggazetesi.com.tr\/haberdetay.php?hit=27628\" target=\"_blank\">yenicaggazetesi.com.tr<\/a><\/span><\/p>\n","protected":false},"excerpt":{"rendered":"<p style=\"text-align: center;\">\n<p style=\"text-align: justify;\">Yahudi bas\u0131n\u0131ndan kin kokan iddia<\/p>\n<p style=\"text-align: justify;\">ABD yetkililerini kaynak g\u00f6steren haber ajans\u0131 \u201cErdo\u011fan, \u0130srail kar\u015f\u0131t\u0131 s\u00f6ylemleri nedeniyle Oval Ofis\u2019te azarland\u0131\u201d dedi.<\/p>\n<p style=\"text-align: justify;\">BEYAZ Saray\u2019daki Erdo\u011fan-Obama zirvesi, Yahudi bas\u0131n\u0131nda farkl\u0131 yorumland\u0131. Haber ajans\u0131 JTA, ABD\u2019li bir kayna\u011fa dayand\u0131rarak, \u201cObama, T\u00fcrk Ba\u015fbakan\u0131n\u0131 \u0130srail kar\u015f\u0131t\u0131 s\u00f6ylemleri nedeniyle azarlad\u0131\u201d iddias\u0131nda bulundu. <\/p>\n","protected":false},"author":1,"featured_media":0,"comment_status":"open","ping_status":"closed","sticky":false,"template":"","format":"standard","meta":{"footnotes":""},"categories":[105],"tags":[],"class_list":["post-17055","post","type-post","status-publish","format-standard","hentry","category-gundem","odd"],"_links":{"self":[{"href":"http:\/\/www.korhanyilmaz.com\/index.php?rest_route=\/wp\/v2\/posts\/17055","targetHints":{"allow":["GET"]}}],"collection":[{"href":"http:\/\/www.korhanyilmaz.com\/index.php?rest_route=\/wp\/v2\/posts"}],"about":[{"href":"http:\/\/www.korhanyilmaz.com\/index.php?rest_route=\/wp\/v2\/types\/post"}],"author":[{"embeddable":true,"href":"http:\/\/www.korhanyilmaz.com\/index.php?rest_route=\/wp\/v2\/users\/1"}],"replies":[{"embeddable":true,"href":"http:\/\/www.korhanyilmaz.com\/index.php?rest_route=%2Fwp%2Fv2%2Fcomments&post=17055"}],"version-history":[{"count":0,"href":"http:\/\/www.korhanyilmaz.com\/index.php?rest_route=\/wp\/v2\/posts\/17055\/revisions"}],"wp:attachment":[{"href":"http:\/\/www.korhanyilmaz.com\/index.php?rest_route=%2Fwp%2Fv2%2Fmedia&parent=17055"}],"wp:term":[{"taxonomy":"category","embeddable":true,"href":"http:\/\/www.korhanyilmaz.com\/index.php?rest_route=%2Fwp%2Fv2%2Fcategories&post=17055"},{"taxonomy":"post_tag","embeddable":true,"href":"http:\/\/www.korhanyilmaz.com\/index.php?rest_route=%2Fwp%2Fv2%2Ftags&post=17055"}],"curies":[{"name":"wp","href":"https:\/\/api.w.org\/{rel}","templated":true}]}}