{"id":17045,"date":"2009-12-10T10:26:12","date_gmt":"2009-12-10T08:26:12","guid":{"rendered":"http:\/\/www.korhanyilmaz.com\/?p=17045"},"modified":"2009-12-10T10:26:12","modified_gmt":"2009-12-10T08:26:12","slug":"poliste-isyan-buyuyor","status":"publish","type":"post","link":"http:\/\/www.korhanyilmaz.com\/?p=17045","title":{"rendered":"Poliste \u0130syan B\u00fcy\u00fcyor"},"content":{"rendered":"<p style=\"text-align: center;\"><a href=\"http:\/\/www.korhanyilmaz.com\/wp-content\/uploads\/2009\/12\/polis1.jpg\"  class=\"lightview\"><img loading=\"lazy\" decoding=\"async\" class=\"aligncenter size-full wp-image-17047\" title=\"polis\" src=\"http:\/\/www.korhanyilmaz.com\/wp-content\/uploads\/2009\/12\/polis1.jpg\" alt=\"\" width=\"450\" height=\"225\" \/><\/a><strong><em><\/em><\/strong><\/p>\n<p style=\"text-align: justify;\"><strong><em>Polis ac\u0131l\u0131ma isyan etti<\/em><\/strong><\/p>\n<p style=\"text-align: justify;\">4 g\u00fcn \u00f6ce Gazi Mahallesinde \u201c\u2019Ne mutlu T\u00fcrk\u00fcm diyene\u2019 sloganlar\u0131 ile y\u00fcr\u00fcyen polisler, \u015fimdi de \u0130stanbul Valili\u011fi\u2019ne dilek\u00e7e yazarak, \u201cAvrupadan gelecek PKK\u2019l\u0131 ter\u00f6ristleri kar\u015f\u0131lamak istemiyoruz\u201d dediler<\/p>\n<p style=\"text-align: justify;\">\u00d6calan\u2019\u0131n cezaevi ko\u015fullar\u0131n\u0131 bahane eden b\u00f6l\u00fcc\u00fclere kar\u015f\u0131 canla ba\u015fla m\u00fccadele eden T\u00fcrk polisi yava\u015f yava\u015f PKK a\u00e7\u0131l\u0131m\u0131na tepki g\u00f6stermeye ba\u015flad\u0131.<!--more--><\/p>\n<p style=\"text-align: justify;\">\u015eehit aileleri, sivil toplum kurulu\u015flar\u0131, vatanda\u015flar, askerler ve siyasilerin ard\u0131ndan T\u00fcrk polisi de \u00fczerindeki iktidar bask\u0131na ra\u011fmen PKK a\u00e7\u0131l\u0131m\u0131na isyan etti. Polisler ilk tepkilerini 4 g\u00fcn \u00f6nce \u0130stanbul\u2019da Gazi Mahallesi\u2019nde ya\u015fanan ter\u00f6r eylemleri s\u0131ras\u0131nda g\u00f6sterdi.<\/p>\n<p style=\"text-align: justify;\"><strong><em>Gazi Mahallesi\u2019ni inlettiler<\/em><\/strong><\/p>\n<p style=\"text-align: justify;\">Bebek katili \u00d6calan\u2019\u0131n sa\u011fl\u0131k durumunu bahane ederek sokaklara d\u00f6k\u00fclen b\u00f6l\u00fcc\u00fcleri k\u0131sa s\u00fcrede da\u011f\u0131tan \u00c7evik Kuvvet Polisleri, daha sonra sloganlar e\u015fli\u011finde Gazi Mahallesini inletti.<\/p>\n<p style=\"text-align: justify;\">Polislerin att\u0131\u011f\u0131, \u2019\u015eehitler \u00f6lmez vatan b\u00f6l\u00fcnmez\u2019, \u2019Ne mutlu T\u00fcrk\u00fcm diyene\u2019, \u2019Akan kan bayrak i\u00e7in\u2019 sloganlar\u0131 Gazi Mahallesi sokaklar\u0131nda yank\u0131land\u0131.<\/p>\n<p style=\"text-align: justify;\">Polisin ikinci tepkisini ise d\u00fcn Vatan Gazetesi yazar\u0131 Can Atakl\u0131\u2019n\u0131n k\u00f6\u015fesine konu oldu. Atakl\u0131 bir grup polisin \u0130stanbul Valili\u011fi\u2019ne verdi\u011fi dilek\u00e7eyi \u015f\u00f6yle aktard\u0131:<\/p>\n<p style=\"text-align: justify;\"><strong><em>Bah\u00e7eli te\u015fekk\u00fcr etti<\/em><\/strong><\/p>\n<p style=\"text-align: justify;\">\u201dAld\u0131\u011f\u0131m bir duyuma g\u00f6re \u00c7evik Kuvvet g\u00f6revlisi baz\u0131 polisler Valili\u011fe dilek\u00e7e vererek ter\u00f6ristleri kar\u015f\u0131lama g\u00f6revlerini kabul etmek istemediklerini belirtmi\u015fler. Bir dilek\u00e7ede \u015f\u00f6yle yaz\u0131yormu\u015f: \u201cHabur\u2019dan sonra baz\u0131 ter\u00f6ristlerin Atat\u00fcrk Havaliman\u0131\u2019ndan da giri\u015f yapacaklar\u0131n\u0131 \u00f6\u011frendik. G\u00fcneydo\u011fu\u2019da g\u00f6rev yapm\u0131\u015f oldu\u011fum i\u00e7in bu kar\u015f\u0131lama s\u0131ras\u0131nda g\u00f6rev verilmesi halinde objektif olma duygumu yitirebilirim. Bu nedenle bana ve ekibime kar\u015f\u0131lama g\u00f6revinin verilmemesini emirlerinize arz ederim.\u201d Polisin isyan\u0131n\u0131 MHP Genel Ba\u015fkan\u0131 Devlet Bah\u00e7eli sal\u0131 g\u00fcn\u00fc ger\u00e7ekle\u015fen parti grup toplant\u0131s\u0131nda g\u00fcndeme ta\u015f\u0131m\u0131\u015ft\u0131. Bah\u00e7eli \u015funlar\u0131 kaydetmi\u015fti: AKP, PKK a\u00e7\u0131l\u0131m\u0131na 1 A\u011fustos tarihindeki Polis Akademisi\u2019ndeki toplant\u0131 ile emniyet te\u015fkilat\u0131n\u0131 da alet etti. \u00c7ok \u015f\u00fck\u00fcr ki Gazi Mahallesindeki olaylara m\u00fcdahale eden \u00c7evik Kuvvet Polisi a\u00e7\u0131l\u0131m s\u00fcrecine gereken dersi vermi\u015ftir. Kahraman polislerimiz \u00fczerlerindeki siyasi bask\u0131lar\u0131 y\u0131rt\u0131p atarak hep bir a\u011f\u0131zdan \u2019\u015fehitler \u00f6lmez vatan b\u00f6l\u00fcnmez\u2019, \u2019Ne mutlu T\u00fcrk\u00fcm diyene\u2019, \u2019Akan kan bayrak i\u00e7in\u2019sloganlar\u0131n\u0131 atm\u0131\u015flard\u0131r. Te\u015fkilatlar\u0131n\u0131n ba\u015f\u0131ndaki Bakana gereken uyar\u0131y\u0131 yapm\u0131\u015flar, hak etti\u011fi kar\u015f\u0131l\u0131\u011f\u0131 vermi\u015flerdir. H\u00fck\u00fcmete ra\u011fmen canla ba\u015fla \u00e7al\u0131\u015fan, asayi\u015fi sa\u011flamaya gayret eden ve AKP\u2019nin hilaf\u0131na, \u015fehide ve bayra\u011fa sahip \u00e7\u0131kan Emniyet te\u015fkilat\u0131n\u0131 kutluyorum, hepsiyle iftihar ediyorum.<\/p>\n<p style=\"text-align: justify;\"><span style=\"color: #888888;\">Haber : S\u00fcmeyra Y\u0131lmaz &#8211;<a href=\"http:\/\/www.yenicaggazetesi.com.tr\/haberdetay.php?hit=27658\" target=\"_blank\"> yenicaggazetesi.com.tr<\/a><\/span><\/p>\n","protected":false},"excerpt":{"rendered":"<p style=\"text-align: center;\">\n<p style=\"text-align: justify;\">Polis ac\u0131l\u0131ma isyan etti<\/p>\n<p style=\"text-align: justify;\">4 g\u00fcn \u00f6ce Gazi Mahallesinde \u201c\u2019Ne mutlu T\u00fcrk\u00fcm diyene\u2019 sloganlar\u0131 ile y\u00fcr\u00fcyen polisler, \u015fimdi de \u0130stanbul Valili\u011fi\u2019ne dilek\u00e7e yazarak, \u201cAvrupadan gelecek PKK\u2019l\u0131 ter\u00f6ristleri kar\u015f\u0131lamak istemiyoruz\u201d dediler<\/p>\n<p style=\"text-align: justify;\">\u00d6calan\u2019\u0131n cezaevi ko\u015fullar\u0131n\u0131 bahane eden b\u00f6l\u00fcc\u00fclere kar\u015f\u0131 canla ba\u015fla m\u00fccadele eden T\u00fcrk polisi yava\u015f yava\u015f PKK <\/p>\n","protected":false},"author":1,"featured_media":0,"comment_status":"open","ping_status":"closed","sticky":false,"template":"","format":"standard","meta":{"footnotes":""},"categories":[105],"tags":[],"class_list":["post-17045","post","type-post","status-publish","format-standard","hentry","category-gundem","odd"],"_links":{"self":[{"href":"http:\/\/www.korhanyilmaz.com\/index.php?rest_route=\/wp\/v2\/posts\/17045","targetHints":{"allow":["GET"]}}],"collection":[{"href":"http:\/\/www.korhanyilmaz.com\/index.php?rest_route=\/wp\/v2\/posts"}],"about":[{"href":"http:\/\/www.korhanyilmaz.com\/index.php?rest_route=\/wp\/v2\/types\/post"}],"author":[{"embeddable":true,"href":"http:\/\/www.korhanyilmaz.com\/index.php?rest_route=\/wp\/v2\/users\/1"}],"replies":[{"embeddable":true,"href":"http:\/\/www.korhanyilmaz.com\/index.php?rest_route=%2Fwp%2Fv2%2Fcomments&post=17045"}],"version-history":[{"count":0,"href":"http:\/\/www.korhanyilmaz.com\/index.php?rest_route=\/wp\/v2\/posts\/17045\/revisions"}],"wp:attachment":[{"href":"http:\/\/www.korhanyilmaz.com\/index.php?rest_route=%2Fwp%2Fv2%2Fmedia&parent=17045"}],"wp:term":[{"taxonomy":"category","embeddable":true,"href":"http:\/\/www.korhanyilmaz.com\/index.php?rest_route=%2Fwp%2Fv2%2Fcategories&post=17045"},{"taxonomy":"post_tag","embeddable":true,"href":"http:\/\/www.korhanyilmaz.com\/index.php?rest_route=%2Fwp%2Fv2%2Ftags&post=17045"}],"curies":[{"name":"wp","href":"https:\/\/api.w.org\/{rel}","templated":true}]}}