{"id":17040,"date":"2009-12-10T13:23:37","date_gmt":"2009-12-10T11:23:37","guid":{"rendered":"http:\/\/www.korhanyilmaz.com\/?p=17040"},"modified":"2009-12-10T13:23:37","modified_gmt":"2009-12-10T11:23:37","slug":"dtpliler-polisle-catisti-orduevini-tasladi","status":"publish","type":"post","link":"http:\/\/www.korhanyilmaz.com\/?p=17040","title":{"rendered":"DTP&#039;liler polisle \u00e7at\u0131\u015ft\u0131, orduevini ta\u015flad\u0131"},"content":{"rendered":"<p style=\"text-align: center;\"><a href=\"http:\/\/www.korhanyilmaz.com\/wp-content\/uploads\/2009\/12\/DTP3.jpg\"  class=\"lightview\"><img loading=\"lazy\" decoding=\"async\" class=\"aligncenter size-full wp-image-17041\" src=\"http:\/\/www.korhanyilmaz.com\/wp-content\/uploads\/2009\/12\/DTP3.jpg\" alt=\"\" width=\"306\" height=\"233\" \/><\/a><\/p>\n<p style=\"text-align: justify;\">DTP&#8217;nin Van&#8217;da d\u00fczenledi\u011fi &#8216;Bar\u0131\u015f ve Demokrasi Y\u00fcr\u00fcy\u00fc\u015f\u00fc&#8217; olayl\u0131 ba\u015flad\u0131. Jandarma Asayi\u015f Kolordu Komutanl\u0131\u011f\u0131 yak\u0131n\u0131ndaki Sebze Hali \u00f6n\u00fcnde toplanan kalabal\u0131k, buradan kent merkezine do\u011fru y\u00fcr\u00fcy\u00fc\u015fe ge\u00e7ti. Y\u00fcr\u00fcy\u00fc\u015f s\u0131ras\u0131nda bir grubun polise ta\u015f atmaya ba\u015flamas\u0131 \u00fczerine olaylar \u00e7\u0131kt\u0131, orduevi de ta\u015fland\u0131. Polis g\u00f6stericileri g\u00f6zya\u015fart\u0131c\u0131 bomba ve bas\u0131n\u00e7l\u0131 su kullanarak da\u011f\u0131tmaya \u00e7al\u0131\u015ft\u0131. <!--more--><\/p>\n<p style=\"text-align: justify;\">Yakla\u015f\u0131k 3 bin ki\u015finin y\u00fcr\u00fcd\u00fc\u011f\u00fc kalabal\u0131ktan bir grup, kent merkezinde g\u00fcvenlik \u00f6nlemi alan polislere havaifi\u015fek, ta\u015f ve molotofkokteyleri atmas\u0131 \u00fczerine olaylar \u00e7\u0131kt\u0131. Polis kendisine sald\u0131ran gruba m\u00fcdahale etti.<\/p>\n<p style=\"text-align: justify;\">Kent merkezinin i\u00e7lerine do\u011fru ilerlemek isteyen g\u00f6stericileri polis bas\u0131n\u00e7l\u0131 su ve g\u00f6zya\u015fart\u0131c\u0131 bomba kullanarak da\u011f\u0131tmaya \u00e7al\u0131\u015ft\u0131. Ancak g\u00f6stericiler k\u0131sa s\u00fcrede ara sokak ve caddelere da\u011f\u0131ld\u0131.<\/p>\n<p style=\"text-align: justify;\">Buralarda toplanan 100-150 ki\u015filik gruplarla polisler aras\u0131ndaki kovalamaca uzun s\u00fcre devam etti.<\/p>\n<p style=\"text-align: justify;\">Kent merkezinin \u00f6zellikle Ordu Caddesi sava\u015f alan\u0131na d\u00f6nd\u00fc. G\u00f6stericiler baz\u0131 mahalle ve ara sokaklarda barikat kurararak ara\u00e7lar\u0131n ge\u00e7i\u015fini de engelledi.<\/p>\n<p style=\"text-align: justify;\">Ordu Caddesi&#8217;nde bulunan Valilik Kona\u011fa ile ge\u00e7i\u015f g\u00fczergahlar\u0131 \u00fczerinde bulunan Ak Parti \u0130l binas\u0131 \u00f6n\u00fcnde de polis geni\u015f g\u00fcvenlik \u00f6nlemi ald\u0131.<\/p>\n<p style=\"text-align: justify;\"><strong><em>1 polis yaral\u0131 <\/em><\/strong><\/p>\n<p style=\"text-align: justify;\">\u015eehir Merkezin&#8217;ndeki Soydan Kav\u015fa\u011f\u0131&#8217;nda ise g\u00f6stericiler bir \u00e7ok i\u015fyerinin camlar\u0131n\u0131 k\u0131rd\u0131. Ordu Caddesi&#8217;nde bulunan Orduevi de yine g\u00f6stericiler taraf\u0131ndan ta\u015f ya\u011fmuruna tutuldu. Ayn\u0131 b\u00f6lgede devam eden olaylar s\u0131ras\u0131nda bir polis memuru da yaraland\u0131.<\/p>\n<p style=\"text-align: justify;\"><strong><em>HAKKAR\u0130:<\/em><\/strong><\/p>\n<p style=\"text-align: justify;\">\u015eemdinli \u0130l\u00e7esi&#8217;nde 3 g\u00fcn aradan sonra d\u00fcn kepenkler a\u00e7\u0131l\u0131rken ya\u015fam normale d\u00f6nd\u00fc. Kepenkler bug\u00fcn yine a\u00e7\u0131lmazken, \u00c7ukurca \u0130l\u00e7esi&#8217;nde d\u00fcn ak\u015fam \u00e7\u0131kan olaylar\u0131n ard\u0131ndan bug\u00fcn il\u00e7e merkezinde kepekler a\u00e7\u0131lmad\u0131.<\/p>\n<p style=\"text-align: justify;\">\u015eemdinli DTP \u0130l\u00e7e Ba\u015fkan\u0131 Emrullah \u00d6zt\u00fcrk, g\u00fcvenlik g\u00fc\u00e7leri taraf\u0131ndan d\u00fcn gece e\u015f zamanl\u0131 evlere yap\u0131lan bask\u0131nlar\u0131 protesto ama\u00e7l\u0131 kepenklerin bug\u00fcn kapal\u0131 oldu\u011funu belirtti.<\/p>\n<p style=\"text-align: justify;\">\u00d6zt\u00fcrk, gece il\u00e7e merkezi ile Alt\u0131nsu K\u00f6y\u00fc&#8217;ne yap\u0131lan operasyonlarda aralar\u0131nda \u00e7ocuklar\u0131nda bulundu\u011fu \u00e7ok say\u0131da ki\u015finin g\u00f6zalt\u0131na al\u0131nd\u0131\u011f\u0131n\u0131 iddia etti.<\/p>\n<p style=\"text-align: justify;\"><span style=\"color: #888888;\">CNN T\u00dcRK<\/span><\/p>\n","protected":false},"excerpt":{"rendered":"<p style=\"text-align: center;\">\n<p style=\"text-align: justify;\">DTP&#8217;nin Van&#8217;da d\u00fczenledi\u011fi &#8216;Bar\u0131\u015f ve Demokrasi Y\u00fcr\u00fcy\u00fc\u015f\u00fc&#8217; olayl\u0131 ba\u015flad\u0131. Jandarma Asayi\u015f Kolordu Komutanl\u0131\u011f\u0131 yak\u0131n\u0131ndaki Sebze Hali \u00f6n\u00fcnde toplanan kalabal\u0131k, buradan kent merkezine do\u011fru y\u00fcr\u00fcy\u00fc\u015fe ge\u00e7ti. Y\u00fcr\u00fcy\u00fc\u015f s\u0131ras\u0131nda bir grubun polise ta\u015f atmaya ba\u015flamas\u0131 \u00fczerine olaylar \u00e7\u0131kt\u0131, orduevi de ta\u015fland\u0131. Polis g\u00f6stericileri g\u00f6zya\u015fart\u0131c\u0131 bomba ve bas\u0131n\u00e7l\u0131 su kullanarak da\u011f\u0131tmaya \u00e7al\u0131\u015ft\u0131. <\/p>\n","protected":false},"author":1,"featured_media":0,"comment_status":"open","ping_status":"closed","sticky":false,"template":"","format":"standard","meta":{"footnotes":""},"categories":[105],"tags":[],"class_list":["post-17040","post","type-post","status-publish","format-standard","hentry","category-gundem","odd"],"_links":{"self":[{"href":"http:\/\/www.korhanyilmaz.com\/index.php?rest_route=\/wp\/v2\/posts\/17040","targetHints":{"allow":["GET"]}}],"collection":[{"href":"http:\/\/www.korhanyilmaz.com\/index.php?rest_route=\/wp\/v2\/posts"}],"about":[{"href":"http:\/\/www.korhanyilmaz.com\/index.php?rest_route=\/wp\/v2\/types\/post"}],"author":[{"embeddable":true,"href":"http:\/\/www.korhanyilmaz.com\/index.php?rest_route=\/wp\/v2\/users\/1"}],"replies":[{"embeddable":true,"href":"http:\/\/www.korhanyilmaz.com\/index.php?rest_route=%2Fwp%2Fv2%2Fcomments&post=17040"}],"version-history":[{"count":0,"href":"http:\/\/www.korhanyilmaz.com\/index.php?rest_route=\/wp\/v2\/posts\/17040\/revisions"}],"wp:attachment":[{"href":"http:\/\/www.korhanyilmaz.com\/index.php?rest_route=%2Fwp%2Fv2%2Fmedia&parent=17040"}],"wp:term":[{"taxonomy":"category","embeddable":true,"href":"http:\/\/www.korhanyilmaz.com\/index.php?rest_route=%2Fwp%2Fv2%2Fcategories&post=17040"},{"taxonomy":"post_tag","embeddable":true,"href":"http:\/\/www.korhanyilmaz.com\/index.php?rest_route=%2Fwp%2Fv2%2Ftags&post=17040"}],"curies":[{"name":"wp","href":"https:\/\/api.w.org\/{rel}","templated":true}]}}