{"id":17036,"date":"2009-12-10T10:36:51","date_gmt":"2009-12-10T08:36:51","guid":{"rendered":"http:\/\/www.korhanyilmaz.com\/?p=17036"},"modified":"2009-12-10T10:36:51","modified_gmt":"2009-12-10T08:36:51","slug":"ak-partiye-ikinci-bir-kapatma-davasi-gelebilir","status":"publish","type":"post","link":"http:\/\/www.korhanyilmaz.com\/?p=17036","title":{"rendered":"AK Parti&#039;ye ikinci bir kapatma davas\u0131 gelebilir"},"content":{"rendered":"<p style=\"text-align: center;\"><a href=\"http:\/\/www.korhanyilmaz.com\/wp-content\/uploads\/2009\/12\/ERDOGAN4.jpg\"  class=\"lightview\"><img loading=\"lazy\" decoding=\"async\" class=\"aligncenter size-full wp-image-17037\" src=\"http:\/\/www.korhanyilmaz.com\/wp-content\/uploads\/2009\/12\/ERDOGAN4.jpg\" alt=\"\" width=\"307\" height=\"236\" \/><\/a><\/p>\n<p style=\"text-align: justify;\">Dinleme iddialar\u0131 AK Parti&#8217;yi ikinci bir kapatma davas\u0131 ile kar\u015f\u0131 kar\u015f\u0131ya b\u0131rakabilir mi? Yarg\u0131tay Cumhuriyet Ba\u015fsavc\u0131l\u0131\u011f\u0131 AK Parti h\u00fck\u00fcmetinin yap\u0131lan telelefon dinlemeleri ile ili\u015fkisini ara\u015ft\u0131rmak \u00fczere Telekom\u00fcnikasyon \u0130leti\u015fim Ba\u015fkanl\u0131\u011f\u0131&#8217;ndaki inceleme raporunu istedi. Usuls\u00fcz bir i\u015flem veya m\u00fcdahale oldu\u011fu anla\u015f\u0131l\u0131rsa soru\u015fturma a\u00e7\u0131lacak.<!--more--><\/p>\n<p style=\"text-align: justify;\">Dinlemeler Yarg\u0131tay Ba\u015fkan\u0131 Hasan Ger\u00e7eker&#8217;in de g\u00fcndemindeydi. Ger\u00e7eker &#8220;Yarg\u0131n\u0131n sistematik bir h\u00fccumla kar\u015f\u0131 kar\u015f\u0131ya oldu\u011funu&#8217; s\u00f6yledi, usuls\u00fcz dinlemelere izin veren meslekta\u015flar\u0131n\u0131 da ele\u015ftirdi.<\/p>\n<p style=\"text-align: justify;\">Yarg\u0131tay dinleme iddialar\u0131n\u0131n pe\u015fini b\u0131rakmamakta kararl\u0131. Telekom\u00fcnikasyon \u0130leti\u015fim Ba\u015fkanl\u011f\u0131&#8217;nda yap\u0131lan incelemenin sonu\u00e7lar\u0131n\u0131 bir de o inceliyor. Yarg\u0131tay santrali de dinlendi mi bunu anlamak i\u00e7in. Ama sadece bu de\u011fil. \u015eimdi bir ba\u015fka a\u00e7\u0131dan da konu yine Yarg\u0131tay&#8217;\u0131n g\u00fcndeminde.<\/p>\n<p style=\"text-align: justify;\">Bu kez Yarg\u0131tay Cumhuriyet Ba\u015fsavc\u0131l\u0131\u011f\u0131 harekete ge\u00e7ti. Dinlemeler ile AK Parti aras\u0131nda bir ili\u015fki var m\u0131? sorusuna yan\u0131t aranacak. Varsa AK Parti&#8217;ye ikinci kez kapatma davas\u0131 a\u00e7\u0131lmas\u0131 g\u00fcndeme gelebilir.<\/p>\n<p style=\"text-align: justify;\">Ba\u015fsavc\u0131l\u0131k, eski YARSAV Ba\u015fkan\u0131 \u00d6mer Faruk Emina\u011fao\u011flu&#8217;nun su\u00e7 duyurusu \u00fczerine Ankara Cumhuriyet Ba\u015fsavc\u0131l\u0131\u011f\u0131 taraf\u0131ndan ba\u015flat\u0131lan soru\u015fturma evrak\u0131n\u0131n bir \u00f6rne\u011fini istedi. Talep, Sincan 1. A\u011f\u0131r Ceza Mahkemesi&#8217;ne yap\u0131ld\u0131.<\/p>\n<p style=\"text-align: justify;\">Soru\u015ftuma evrak\u0131 ile birlikte Telekom\u00fcnikasyon \u0130leti\u015fim Ba\u015fkanl\u0131\u011f\u0131&#8217;nda yap\u0131lan iki inceleme raporu da Yarg\u0131tay Cumhuriyet Ba\u015fsavc\u0131l\u0131\u011f\u0131&#8217;na gidecek.<\/p>\n<p style=\"text-align: justify;\">Siyasi Partiler Soru\u015fturma B\u00fcrosu taraf\u0131ndan yap\u0131lacak inceleme sonucunda, e\u011fer AK Parti h\u00fck\u00fcmetinin yap\u0131lan telefon dinlemelerinde usuls\u00fcz bir i\u015flemine ya da m\u00fcdahalesine rastlan\u0131rsa, soru\u015fturma ba\u015flat\u0131lacak.<\/p>\n<p style=\"text-align: justify;\">Bu soru\u015fturma sonucunda da AK Parti hak\u0131nda &#8220;hukuk devleti ilkesine kar\u015f\u0131 eylemlerin oda\u011f\u0131 olmaktan&#8221; ikinci kez kapatma davas\u0131 a\u00e7\u0131labilir..<\/p>\n<p style=\"text-align: justify;\"><strong><em>Yarg\u0131tay&#8217;dan tepki <\/em><\/strong><\/p>\n<p style=\"text-align: justify;\">Ve askerden sonra yarg\u0131dan da &#8220;sistematik sald\u0131r\u0131&#8221; a\u00e7\u0131klamas\u0131 geldi.<\/p>\n<p style=\"text-align: justify;\">Yarg\u0131tay Ba\u015fkan\u0131 Hasan Ger\u00e7eker, d\u00fcn yolsuzluk konulu bir a\u00e7\u0131k oturumda konu\u015ftu. Ger\u00e7eker&#8217;in g\u00fcndeminde halen incelemelerin s\u00fcrd\u00fc\u011f\u00fc usuls\u00fcz dinlemeler vard\u0131.<\/p>\n<p style=\"text-align: justify;\">Ama Ger\u00e7eker bu kez &#8220;sadece yarg\u0131ya sald\u0131r\u0131 var&#8221; demedi, &#8220;yarg\u0131n\u0131n kendi i\u00e7inde de usuls\u00fcz davrand\u0131\u011f\u0131&#8221;n\u0131 s\u00f6yledi.<\/p>\n<p style=\"text-align: justify;\">Ger\u00e7eker, &#8220;Maalesef meslekta\u015flar\u0131m\u0131z da gereken \u00f6zeni g\u00f6stermiyorlar. Yasal ko\u015fullar yasalarda g\u00f6sterildi\u011fi ve istisna oldu\u011fu halde, bu ko\u015fullar tam anlam\u0131yla aranmadan, dinleme kararlar\u0131 verilmekte. O zaman, istisna olan bir kural genel bir kural haline d\u00f6n\u00fc\u015fmekte&#8221; dedi.<\/p>\n<p style=\"text-align: justify;\">Ger\u00e7eker usulsuz dinlemelerin  hukuki ge\u00e7erlili\u011fi olmad\u0131\u011f\u0131n\u0131 birkez daha hat\u0131rlattt\u0131, ama buna ra\u011fmen delil olarak g\u00fcndeme getirilmesi nedeni ile asl\u0131nda su\u00e7lularla m\u00fccadelede de zaafiyet yarat\u0131ld\u0131\u011f\u0131n\u0131 savundu.<\/p>\n<p style=\"text-align: justify;\"><span style=\"color: #888888;\">CNN T\u00dcRK<\/span><\/p>\n","protected":false},"excerpt":{"rendered":"<p style=\"text-align: center;\">\n<p style=\"text-align: justify;\">Dinleme iddialar\u0131 AK Parti&#8217;yi ikinci bir kapatma davas\u0131 ile kar\u015f\u0131 kar\u015f\u0131ya b\u0131rakabilir mi? Yarg\u0131tay Cumhuriyet Ba\u015fsavc\u0131l\u0131\u011f\u0131 AK Parti h\u00fck\u00fcmetinin yap\u0131lan telelefon dinlemeleri ile ili\u015fkisini ara\u015ft\u0131rmak \u00fczere Telekom\u00fcnikasyon \u0130leti\u015fim Ba\u015fkanl\u0131\u011f\u0131&#8217;ndaki inceleme raporunu istedi. Usuls\u00fcz bir i\u015flem veya m\u00fcdahale oldu\u011fu anla\u015f\u0131l\u0131rsa soru\u015fturma a\u00e7\u0131lacak.<\/p>\n","protected":false},"author":1,"featured_media":0,"comment_status":"open","ping_status":"closed","sticky":false,"template":"","format":"standard","meta":{"footnotes":""},"categories":[105],"tags":[],"class_list":["post-17036","post","type-post","status-publish","format-standard","hentry","category-gundem","odd"],"_links":{"self":[{"href":"http:\/\/www.korhanyilmaz.com\/index.php?rest_route=\/wp\/v2\/posts\/17036","targetHints":{"allow":["GET"]}}],"collection":[{"href":"http:\/\/www.korhanyilmaz.com\/index.php?rest_route=\/wp\/v2\/posts"}],"about":[{"href":"http:\/\/www.korhanyilmaz.com\/index.php?rest_route=\/wp\/v2\/types\/post"}],"author":[{"embeddable":true,"href":"http:\/\/www.korhanyilmaz.com\/index.php?rest_route=\/wp\/v2\/users\/1"}],"replies":[{"embeddable":true,"href":"http:\/\/www.korhanyilmaz.com\/index.php?rest_route=%2Fwp%2Fv2%2Fcomments&post=17036"}],"version-history":[{"count":0,"href":"http:\/\/www.korhanyilmaz.com\/index.php?rest_route=\/wp\/v2\/posts\/17036\/revisions"}],"wp:attachment":[{"href":"http:\/\/www.korhanyilmaz.com\/index.php?rest_route=%2Fwp%2Fv2%2Fmedia&parent=17036"}],"wp:term":[{"taxonomy":"category","embeddable":true,"href":"http:\/\/www.korhanyilmaz.com\/index.php?rest_route=%2Fwp%2Fv2%2Fcategories&post=17036"},{"taxonomy":"post_tag","embeddable":true,"href":"http:\/\/www.korhanyilmaz.com\/index.php?rest_route=%2Fwp%2Fv2%2Ftags&post=17036"}],"curies":[{"name":"wp","href":"https:\/\/api.w.org\/{rel}","templated":true}]}}