{"id":17031,"date":"2009-12-10T10:03:12","date_gmt":"2009-12-10T08:03:12","guid":{"rendered":"http:\/\/www.korhanyilmaz.com\/?p=17031"},"modified":"2009-12-10T10:03:12","modified_gmt":"2009-12-10T08:03:12","slug":"buyukelci-yapti-yapacagini","status":"publish","type":"post","link":"http:\/\/www.korhanyilmaz.com\/?p=17031","title":{"rendered":"B\u00fcy\u00fckel\u00e7i yapt\u0131 yapaca\u011f\u0131n\u0131&#8230;"},"content":{"rendered":"<p style=\"text-align: center;\"><a href=\"http:\/\/www.korhanyilmaz.com\/wp-content\/uploads\/2009\/12\/buyukelci.jpg\"  class=\"lightview\"><img loading=\"lazy\" decoding=\"async\" class=\"aligncenter size-full wp-image-17032\" src=\"http:\/\/www.korhanyilmaz.com\/wp-content\/uploads\/2009\/12\/buyukelci.jpg\" alt=\"\" width=\"307\" height=\"236\" \/><\/a><\/p>\n<div id=\"attachment_17033\" style=\"width: 115px\" class=\"wp-caption alignleft\"><img loading=\"lazy\" decoding=\"async\" aria-describedby=\"caption-attachment-17033\" class=\"size-full wp-image-17033\" style=\"margin-left: 10px; margin-right: 10px;\" title=\"Yavuz O\u011eHAN - CNN T\u00dcRK Haber Koordinat\u00f6r\u00fc\" src=\"http:\/\/www.korhanyilmaz.com\/wp-content\/uploads\/2009\/12\/yavuzoghan.jpg\" alt=\"Yavuz O\u011eHAN - CNN T\u00dcRK Haber Koordinat\u00f6r\u00fc\" width=\"105\" height=\"112\" \/><p id=\"caption-attachment-17033\" class=\"wp-caption-text\">Yavuz O\u011eHAN - CNN T\u00dcRK Haber Koordinat\u00f6r\u00fc<\/p><\/div>\n<p style=\"text-align: justify;\">Ba\u015fbakan Recep Tayyip Erdo\u011fan&#8217;\u0131n Washington ziyaretine ne damgas\u0131n\u0131 vurdu? Ba\u015fbakan ile Obama&#8217;n\u0131n g\u00fclen y\u00fczleri mi? Birbirlerine ve y\u00f6nettikleri \u00fclkelere dizdikleri \u00f6vg\u00fcler mi? G\u00f6r\u00fc\u015fmenin beklenenden \u00e7ok daha uzun s\u00fcrmesi mi?<\/p>\n<p style=\"text-align: justify;\">Bug\u00fcne kadar &#8220;seyahate ne damgas\u0131n\u0131 vurdu?&#8221; sorusuna \u00fcstteki maddelerden birini koymak m\u00fcmk\u00fcnd\u00fc; ama bug\u00fcn ortaya \u00e7\u0131kt\u0131 ki o damgay\u0131 B\u00fcy\u00fckel\u00e7i Nabi \u015eensoy istifas\u0131 ile vurdu.<\/p>\n<p style=\"text-align: justify;\">T\u00fcrkiye&#8217;nin Washington B\u00fcy\u00fckel\u00e7isi Nabi \u015eensoy, AK Parti y\u00f6netimine mesafeli duru\u015fu ile bilinen bir isim. Ayn\u0131 zamanda emeklili\u011fi de yakla\u015fan bir isim&#8230; <!--more--><\/p>\n<p style=\"text-align: justify;\">B\u00fcy\u00fckel\u00e7i olarak belki de son kez bir h\u00fck\u00fcmet ba\u015fbakan\u0131n\u0131 g\u00f6rev yapt\u0131\u011f\u0131 \u00fclkede a\u011f\u0131rlayacakt\u0131, a\u011f\u0131rlad\u0131 da&#8230; Ta ki Beyaz Saray&#8217;daki o bulu\u015fmaya kadar&#8230;<\/p>\n<p style=\"text-align: justify;\">Bulu\u015fma s\u0131ras\u0131nda D\u0131\u015fi\u015fleri Bakan\u0131 Ahmet Davuto\u011flu, Ankara&#8217;dan verilen baz\u0131 talimatlar\u0131n yerine getirilmedi\u011fini g\u00f6rd\u00fc ve Ba\u015fbakan ile Obama ba\u015f ba\u015fa g\u00f6r\u00fc\u015f\u00fcrken, B\u00fcy\u00fckel\u00e7i \u015eensoy&#8217;a sordu, &#8220;Neden ba\u015f ba\u015fa g\u00f6r\u00fc\u015fmede ben ve Hillary Clinton yokuz?&#8221;. Ald\u0131\u011f\u0131 cevap kar\u015f\u0131s\u0131nda \u015fa\u015f\u0131rd\u0131. B\u00fcy\u00fckel\u00e7i \u015eensoy, herhangi bir izahat vermedi, &#8220;\u0130sterseniz beni g\u00f6revden al\u0131n&#8221; dedi.<\/p>\n<p style=\"text-align: justify;\">Bu yan\u0131t, g\u00f6r\u00fc\u015fmeye dahil olan heyet \u00fcyeleri i\u00e7inde memurundan bakana verildi.<\/p>\n<p style=\"text-align: justify;\">Asl\u0131nda o andan itibaren T\u00fcrkiye&#8217;nin Washington&#8217;da b\u00fcy\u00fckel\u00e7isi kalmam\u0131\u015ft\u0131 ama Ahmet Davuto\u011flu yine de so\u011fukkanl\u0131 davrand\u0131 ve g\u00f6r\u00fc\u015fmenin bitmesini bekledi.<\/p>\n<p style=\"text-align: justify;\">G\u00f6r\u00fc\u015fme bittikten, Ba\u015fbakan&#8217;\u0131n bas\u0131n toplant\u0131s\u0131 tamamland\u0131ktan sonra da Erdo\u011fan&#8217;a durumu anlatt\u0131. Nabi \u015eensoy&#8217;un bu tavr\u0131 nedeniyle merkeze \u00e7ekilmesi kararla\u015ft\u0131r\u0131ld\u0131 ve i\u015flem Meksika ziyareti sonras\u0131na b\u0131rak\u0131ld\u0131.<\/p>\n<p style=\"text-align: justify;\"><strong><em>B\u00fcy\u00fckel\u00e7i&#8217;den alt\u0131n vuru\u015f&#8230; <\/em><\/strong><\/p>\n<p style=\"text-align: justify;\">T\u00fcrk heyetinin ABD&#8217;deki program\u0131 sal\u0131 g\u00fcn\u00fc bitti. \u015eensoy, Ba\u015fbakan ve heyetini Washington&#8217;dan u\u011furlad\u0131. U\u011furlar u\u011furlamaz da B\u00fcy\u00fckel\u00e7ilik&#8217;ten Ankara&#8217;ya kripto g\u00f6nderdi. Kripto bu kez kendisiyle ilgiliydi ve o kriptoda, olu\u015fan \u015fartlarda, Washington&#8217;da g\u00f6revine devam edemeyece\u011fi bilgisi yer al\u0131yordu.<\/p>\n<p style=\"text-align: justify;\">Bakanl\u0131k s\u00fcratle bir nevi istifa dilek\u00e7esi olan \u015eensoy&#8217;un notunu Bakan Davuto\u011flu&#8217;na iletti. Davuto\u011flu da istifay\u0131 kabul etti. Birka\u00e7 ay sonra ya\u015f haddinden emekliye ayr\u0131lacak olan \u015eensoy merkeze \u00e7ekildi.<\/p>\n<p style=\"text-align: justify;\"><strong><em>G\u00fcr\u00fclt\u00fcl\u00fc d\u00f6n\u00fc\u015f&#8230; <\/em><\/strong><\/p>\n<p style=\"text-align: justify;\">Nabi \u015eensoy, istifas\u0131 ile Erdo\u011fan h\u00fck\u00fcmetinin b\u00fcy\u00fck \u00f6nem verdi\u011fi ziyarete damgas\u0131n\u0131 vurmu\u015f oldu. Ama ak\u0131llarda bir\u00e7ok soru i\u015fareti kald\u0131.<\/p>\n<p style=\"text-align: justify;\">Nabi \u015eensoy, Beyaz Saray&#8217;da Bakan Davuto\u011flu&#8217;na neden &#8220;\u0130sterseniz beni g\u00f6revden al\u0131n&#8221; demi\u015fti. Ya da ger\u00e7ekten s\u00f6yledi\u011fi bundan ibaret miydi? G\u00f6r\u00fc\u015fmenin format\u0131nda ortaya \u00e7\u0131kan s\u0131k\u0131nt\u0131ya neden bir a\u00e7\u0131klama getirmemi\u015fti?<\/p>\n<p style=\"text-align: justify;\">Nabi \u015eensoy konu\u015fmad\u0131\u011f\u0131 i\u00e7in bu sorular\u0131n yan\u0131t\u0131 yok. Olay\u0131n \u015eensoy penceresinden nas\u0131l cereyan etti\u011fini bilemiyoruz, \u00e7\u00fcnk\u00fc \u015eensoy&#8217;dan bir a\u00e7\u0131klama da yok.<\/p>\n<p style=\"text-align: justify;\">Bu nedenle ancak eldeki verilerle yorum yapabiliyoruz ve o veriler diyor ki, Nabi \u015eensoy, Ba\u015fbakan&#8217;\u0131n b\u00fcy\u00fck \u00f6nem verdi\u011fi ABD ziyaretine kendi damgas\u0131n\u0131 vurmak istedi. Zaten kaybedecek bir\u015feyi de yoktu. Birka\u00e7 ay sonra emekli oluyordu. Sessiz sedas\u0131z \u00fclkesine d\u00f6nece\u011fine, D\u0131\u015fi\u015fleri Bakan\u0131&#8217;na ve Ba\u015fbakan&#8217;a posta koyan bir b\u00fcrokrat olarak d\u00f6nmeyi tercih etti Ankara&#8217;ya.<\/p>\n<p style=\"text-align: justify;\">Bu d\u00f6n\u00fc\u015f\u00fcyle AK Parti h\u00fck\u00fcmetine mesafesini de net bir bi\u00e7imde ortaya koydu.<\/p>\n<p style=\"text-align: justify;\">Kimbilir, \u015eensoy&#8217;un bu diplomatik, diplomatik oldu\u011fu kadar da siyasi hareketi, onun emekli olduktan sonra da siyasette \u00f6n\u00fcn\u00fc a\u00e7ar.<\/p>\n<p style=\"text-align: justify;\">Haz\u0131r Onur \u00d6ymen, Dersim tart\u0131\u015fmalar\u0131 nedeniyle pop\u00fclerli\u011fini yitirmi\u015fken&#8230;<\/p>\n<p style=\"text-align: justify;\">Kim bilir?&#8230;<\/p>\n<p style=\"text-align: justify;\"><span style=\"color: #888888;\">Yavuz O\u011eHAN &#8211; CNN T\u00dcRK Haber Koordinat\u00f6r\u00fc<\/span><\/p>\n","protected":false},"excerpt":{"rendered":"<p style=\"text-align: center;\">\n<p id=\"caption-attachment-17033\" class=\"wp-caption-text\">Yavuz O\u011eHAN &#8211; CNN T\u00dcRK Haber Koordinat\u00f6r\u00fc<\/p>\n<p style=\"text-align: justify;\">Ba\u015fbakan Recep Tayyip Erdo\u011fan&#8217;\u0131n Washington ziyaretine ne damgas\u0131n\u0131 vurdu? Ba\u015fbakan ile Obama&#8217;n\u0131n g\u00fclen y\u00fczleri mi? Birbirlerine ve y\u00f6nettikleri \u00fclkelere dizdikleri \u00f6vg\u00fcler mi? G\u00f6r\u00fc\u015fmenin beklenenden \u00e7ok daha uzun s\u00fcrmesi mi?<\/p>\n<p style=\"text-align: justify;\">Bug\u00fcne kadar &#8220;seyahate ne damgas\u0131n\u0131 vurdu?&#8221; sorusuna \u00fcstteki maddelerden birini <\/p>\n","protected":false},"author":1,"featured_media":0,"comment_status":"open","ping_status":"closed","sticky":false,"template":"","format":"standard","meta":{"footnotes":""},"categories":[16],"tags":[],"class_list":["post-17031","post","type-post","status-publish","format-standard","hentry","category-kose-yazilari","odd"],"_links":{"self":[{"href":"http:\/\/www.korhanyilmaz.com\/index.php?rest_route=\/wp\/v2\/posts\/17031","targetHints":{"allow":["GET"]}}],"collection":[{"href":"http:\/\/www.korhanyilmaz.com\/index.php?rest_route=\/wp\/v2\/posts"}],"about":[{"href":"http:\/\/www.korhanyilmaz.com\/index.php?rest_route=\/wp\/v2\/types\/post"}],"author":[{"embeddable":true,"href":"http:\/\/www.korhanyilmaz.com\/index.php?rest_route=\/wp\/v2\/users\/1"}],"replies":[{"embeddable":true,"href":"http:\/\/www.korhanyilmaz.com\/index.php?rest_route=%2Fwp%2Fv2%2Fcomments&post=17031"}],"version-history":[{"count":0,"href":"http:\/\/www.korhanyilmaz.com\/index.php?rest_route=\/wp\/v2\/posts\/17031\/revisions"}],"wp:attachment":[{"href":"http:\/\/www.korhanyilmaz.com\/index.php?rest_route=%2Fwp%2Fv2%2Fmedia&parent=17031"}],"wp:term":[{"taxonomy":"category","embeddable":true,"href":"http:\/\/www.korhanyilmaz.com\/index.php?rest_route=%2Fwp%2Fv2%2Fcategories&post=17031"},{"taxonomy":"post_tag","embeddable":true,"href":"http:\/\/www.korhanyilmaz.com\/index.php?rest_route=%2Fwp%2Fv2%2Ftags&post=17031"}],"curies":[{"name":"wp","href":"https:\/\/api.w.org\/{rel}","templated":true}]}}