{"id":17026,"date":"2009-12-09T09:38:53","date_gmt":"2009-12-09T07:38:53","guid":{"rendered":"http:\/\/www.korhanyilmaz.com\/?p=17026"},"modified":"2009-12-09T09:38:53","modified_gmt":"2009-12-09T07:38:53","slug":"muhalefetin-don-cagrisina-yanit","status":"publish","type":"post","link":"http:\/\/www.korhanyilmaz.com\/?p=17026","title":{"rendered":"Muhalefetin &#8220;D\u00f6n&#8221; \u00e7a\u011fr\u0131s\u0131na yan\u0131t"},"content":{"rendered":"<p style=\"text-align: center;\"><a href=\"http:\/\/www.korhanyilmaz.com\/wp-content\/uploads\/2009\/12\/erdogan3.jpg\"  class=\"lightview\"><img loading=\"lazy\" decoding=\"async\" class=\"aligncenter size-full wp-image-17027\" title=\"erdogan3\" src=\"http:\/\/www.korhanyilmaz.com\/wp-content\/uploads\/2009\/12\/erdogan3.jpg\" alt=\"\" width=\"305\" height=\"235\" \/><\/a><\/p>\n<p style=\"text-align: justify;\">ABD&#8217;deki temaslar\u0131n\u0131 tamamlayan Ba\u015fbakan Recep Tayyip Erdo\u011fan Meksika&#8217;ya hareket etmeden \u00f6nce muhalefetin &#8220;Geziyi yar\u0131da kesip T\u00fcrkiye&#8217;ye d\u00f6n&#8221; \u00e7a\u011fr\u0131s\u0131na cevap verdi. Erdo\u011fan, &#8220;Bu konu konu mu, Bu hitap hitap m\u0131? Bu kadar basitle\u015fti bunlar&#8221; dedi. Erdo\u011fan, Marshall Fonu&#8217;ndaki konu\u015fmas\u0131nda da T\u00fcrkiye g\u00fcndemine ili\u015fkin a\u00e7\u0131klamalar yapt\u0131.<!--more--><\/p>\n<p style=\"text-align: justify;\">Ba\u015fbakan Erdo\u011fan, ABD temaslar\u0131n\u0131n ikinci g\u00fcn\u00fcnde, ABD Kongresi&#8217;nin baz\u0131 \u00fcyeleriyle kahvalt\u0131da bir araya geldi.<\/p>\n<p style=\"text-align: justify;\">Daha sonra T\u00fcrk-Amerikan Dernekleri Asamblesi Ba\u015fkan\u0131 G\u00fcnay Evin\u00e7 ve beraberindeki heyeti kabul etti.<\/p>\n<p style=\"text-align: justify;\">Ba\u015fbakan Erdo\u011fan, g\u00f6r\u00fc\u015fmelerinin ard\u0131ndan Washington&#8217;daki son dura\u011f\u0131 Marshall Fonu&#8217;nda g\u00fcndeme dair a\u00e7\u0131klamalarda bulundu; gazetecilerin sorular\u0131n\u0131 yan\u0131tlad\u0131.<\/p>\n<p style=\"text-align: justify;\">Konu\u015fmas\u0131ndan \u00f6nce gazetecilerin muhalefet partilerinin d\u00fcn, &#8220;Tokat&#8217;ta verilen 7 \u015fehit nedeniyle Ba\u015fbakan ziyaretini yar\u0131da kesip T\u00fcrkiye&#8217;ye d\u00f6nmeli&#8221; \u00e7a\u011fr\u0131s\u0131n\u0131n hat\u0131rlatmas\u0131 \u00fczerine Erdo\u011fan, &#8220;Bu konu konu mu, Bu hitap hitap m\u0131? Bu kadar basitle\u015fti bunlar&#8221; dedi.<\/p>\n<p style=\"text-align: justify;\"><strong><em>DEMOKRAT\u0130K A\u00c7ILIM: <\/em><\/strong><\/p>\n<p style=\"text-align: justify;\">Ba\u015fbakan Marshall Fonu&#8217;nda da a\u00e7\u0131l\u0131m \u00e7al\u0131\u015fmalar\u0131n\u0131n da devam edece\u011fini s\u00f6yledi; &#8220;\u0130lk yap\u0131lan kabulde ortaya konan uygulama hi\u00e7bir zaman bizler i\u00e7in arzu edilen bir tablo de\u011fildir. \u00c7e\u015fitli uyar\u0131lar yapmam\u0131za ra\u011fmen b\u00f6yle bir tablonun olu\u015fmas\u0131 ger\u00e7ekten bizleri de \u00fczm\u00fc\u015ft\u00fcr. Biz bu t\u00fcr \u015feyler olmas\u0131 halinde o konuya y\u00f6nelik olarak bu i\u015fi sil ba\u015ftan yapar\u0131z&#8221; dedi.<\/p>\n<p style=\"text-align: justify;\">Ba\u015fbakan Recep Tayyip Erdo\u011fan &#8216;H\u00fck\u00fcmetimin son d\u00f6nemde uygulamaya koydu\u011fu milli birlik ve karde\u015flik s\u00fcreci \u00e7al\u0131\u015fmalar\u0131n\u0131n Irak&#8217;\u0131n kuzeyindeki ter\u00f6r altyap\u0131s\u0131n\u0131n tasfiyesi konusunda da \u00e7ok \u00f6nemli sonu\u00e7lar do\u011furaca\u011f\u0131na y\u00f6nelik inanc\u0131m\u0131z\u0131 da burada bir kez daha ifade etmek istiyorum&#8221; dedi.<\/p>\n<p style=\"text-align: justify;\">&#8220;\u00d6ncelikle \u015fu hususun alt\u0131n\u0131 \u00e7izmek isterim ki, \u00fclkemin on y\u0131llard\u0131r ter\u00f6r\u00fcn\u00fcn bertaraf edilmesi yolunda s\u00fcrd\u00fcrd\u00fc\u011f\u00fc kararl\u0131 m\u00fccadelesine ABD&#8217;nin verdi\u011fi deste\u011fi takdirle kar\u015f\u0131l\u0131yoruz&#8221; diyen Ba\u015fbakan Erdo\u011fan, &#8220;2007 Kas\u0131m ay\u0131nda Washington&#8217;a ger\u00e7ekle\u015ftirdi\u011fim ziyaret s\u0131ras\u0131nda PKK&#8217;n\u0131n iki \u00fclke bak\u0131m\u0131ndan ortak d\u00fc\u015fman ilan edilmi\u015f olmas\u0131ndan ve bunu takip eden s\u00fcre\u00e7te ABD taraf\u0131yla artan i\u015fbirli\u011fimizden memnuniyet duyduk. Bu do\u011frultudaki i\u015fbirli\u011fimizin \u00f6n\u00fcm\u00fczdeki d\u00f6nemde de artarak devam etmesine b\u00fcy\u00fck \u00f6nem veriyoruz. Bununla birlikte, s\u0131rf g\u00fcvenlik alan\u0131nda al\u0131nan tedbirlerin ter\u00f6rle m\u00fccadele i\u00e7in yeterli olmayaca\u011f\u0131 bilinen bir ger\u00e7ektir. Bu m\u00fccadelenin sosyal, psikolojik, diplomatik, k\u00fclt\u00fcrel ve ekonomik alanlarda da \u00e7ok boyutlu olarak s\u00fcrd\u00fcr\u00fclmesi gerekiyor&#8221; dedi.<\/p>\n<p style=\"text-align: justify;\">Erdo\u011fan, &#8220;Bu konudaki ad\u0131mlar\u0131m\u0131z\u0131 at\u0131yoruz. Bu ba\u011flamda h\u00fck\u00fcmetim konuya geni\u015f bir bak\u0131\u015f a\u00e7\u0131s\u0131yla yakla\u015f\u0131yor. Ter\u00f6r \u00f6rg\u00fct\u00fcn\u00fcn yurt d\u0131\u015f\u0131ndaki finans kaynaklar\u0131n\u0131n kurutulmas\u0131 da bu s\u00fcre\u00e7te tabii b\u00fcy\u00fck \u00f6nem ta\u015f\u0131yor. Ter\u00f6rle m\u00fccadele konusunda i\u00e7inde bulundu\u011fumuz bu s\u00fcre\u00e7ti \u00f6rg\u00fct\u00fcn Irak&#8217;\u0131n kuzeyindeki varl\u0131\u011f\u0131n\u0131n da tasfiye edilmesinin gerekti\u011fi a\u00e7\u0131kt\u0131r&#8221; diye konu\u015ftu.<\/p>\n<p style=\"text-align: justify;\">Bu ama\u00e7la Irak merkezi y\u00f6netimi ve b\u00f6lgesel liderleriyle temaslar\u0131 s\u00fcrd\u00fcrd\u00fcklerine i\u015faret eden Erdo\u011fan, &#8220;ABD&#8217;nin de i\u00e7inde yer ald\u0131\u011f\u0131 \u00dc\u00e7l\u00fc Mekanizman\u0131n temel amac\u0131 da bu olmal\u0131d\u0131r. Bu mekanizman\u0131n bu defa ba\u015far\u0131l\u0131 olmas\u0131, ge\u00e7mi\u015fteki gibi sonu\u00e7suz kalmamas\u0131 b\u00fcy\u00fck \u00f6nem arz ediyor&#8221; dedi.<\/p>\n<p style=\"text-align: justify;\">Erdo\u011fan, &#8220;T\u00fcrkiye bu s\u00fcreci tamamlamak, hem de ba\u015far\u0131yla tamamlamak zorundad\u0131r, biz buna inan\u0131yoruz. Partim ve h\u00fck\u00fcmetim, bu s\u00fcreci cesaretle nihayete erdirmek konusunda kararl\u0131d\u0131r ve t\u00fcm engellemelere, t\u00fcm tahriklere ra\u011fmen yolumuzda y\u00fcr\u00fcyoruz. \u00c7\u00fcnk\u00fc bunun neticeye varmas\u0131 \u015fart&#8221; dedi.<\/p>\n<p style=\"text-align: justify;\"><strong><em>ERGENEKON DAVASI: <\/em><\/strong><\/p>\n<p style=\"text-align: justify;\">Erdo\u011fan, &#8220;T\u00fcrkiye&#8217;deki hukuk d\u0131\u015f\u0131 \u00f6rg\u00fctlenmeye ili\u015fkin konu, \u015fu anda yarg\u0131 a\u015famas\u0131ndad\u0131r. Benim bu konunun ayr\u0131nt\u0131lar\u0131na girmem zaten do\u011fru olmaz. Ancak, ortaya \u00e7\u0131kan iddianameler, iddialar, kirli ili\u015fkiler, kirli senaryolar, \u00e7irkin planlar, T\u00fcrkiye&#8217;nin ge\u00e7mi\u015fte ne b\u00fcy\u00fck bir tehdit alt\u0131nda oldu\u011funu ortaya koymaya yetecek kadar malzemeyi g\u00fcn y\u00fcz\u00fcne \u00e7\u0131karm\u0131\u015ft\u0131r&#8221; diye konu\u015ftu.<\/p>\n<p style=\"text-align: justify;\">Ba\u015fbakan Erdo\u011fan, &#8220;Alt\u0131n\u0131 \u00e7izerek ifade ediyorum, e\u011fer, \u00e7etelerle, mafyayla, hukuk d\u0131\u015f\u0131 \u00f6rg\u00fctlenmelerle m\u00fccadeleyi erteleseydik, ya da bu m\u00fccadeleyi hi\u00e7 yapmasayd\u0131k, ne ekonomide, ne i\u00e7 ve d\u0131\u015f politikada, ne de demokratikle\u015fmede bug\u00fcn ula\u015ft\u0131\u011f\u0131m\u0131z seviyeye asla ula\u015famazd\u0131k. Sadece bizim iktidar\u0131m\u0131z d\u00f6neminde \u015fahit oldu\u011fumuz provokasyonlar bile, hukuk d\u0131\u015f\u0131 \u00f6rg\u00fctlenmelerin de\u011fi\u015fimin \u00f6n\u00fcnde nas\u0131l bir engel te\u015fkil etti\u011fini \u00e7ok net olarak ortaya koymu\u015ftur&#8221; dedi.<\/p>\n<p style=\"text-align: justify;\">&#8220;E\u011fer sorunlar zamana yay\u0131lm\u0131\u015fsa, e\u011fer sorunlar k\u00f6r d\u00fc\u011f\u00fcm olmu\u015fsa, bundan beslenen, bundan nemalanan, bunu istismar ederek kendisine ikbal sa\u011flayan \u00e7evreler de olu\u015fuyor&#8221; diyen Erdo\u011fan, &#8220;Dolay\u0131s\u0131yla, siz her hangi bir sorunu \u00e7\u00f6zmeye yeltendi\u011finiz anda bu \u00e7evreler, yani \u00e7eteler, mafyatik \u00f6rg\u00fctlenmeler \u00e7e\u015fitli taktiklerle ve tehditlerle kar\u015f\u0131n\u0131za \u00e7\u0131k\u0131yor. Biz 7 y\u0131lda bunlar\u0131n tamam\u0131n\u0131 ya\u015fad\u0131k. Hala da ya\u015f\u0131yoruz. T\u00fcrkiye&#8217;deki hukuk d\u0131\u015f\u0131 \u00f6rg\u00fctlenmeye ili\u015fkin konu, \u015fu anda yarg\u0131 a\u015famas\u0131ndad\u0131r. Benim bu konunun ayr\u0131nt\u0131lar\u0131na girmem zaten do\u011fru olmaz&#8221; dedi.Erdo\u011fan, &#8220;\u015eunu da ifade etmek durumunday\u0131m, hukukun temel ilkesidir: Hi\u00e7kimse, aksi ispatlan\u0131ncaya kadar su\u00e7lu say\u0131lamaz. Buna da sayg\u0131 duyuyoruz ve herkesin de buna sayg\u0131 duymas\u0131 gerekir. Soru\u015fturma kapsam\u0131nda tutuklu bulunanlar\u0131n hi\u00e7 biri tabii ki su\u00e7lu kabul edilemez. B\u00f6yle b\u00fcy\u00fck ve kapsaml\u0131 bir davan\u0131n sonu\u00e7lanmas\u0131 elbette vakit alacakt\u0131r. Biz, H\u00fck\u00fcmet olarak, demokratik \u00e7er\u00e7eve i\u00e7erisinde hukuka yard\u0131mc\u0131 oluyor ve g\u00f6revini en iyi \u015fekilde yapmas\u0131n\u0131 sa\u011flayacak zemini haz\u0131rl\u0131yoruz. Gerisi hukukun, yarg\u0131n\u0131n i\u015fidir ve inan\u0131yorum ki ak ile kara hukuk yoluyla ortaya \u00e7\u0131kacakt\u0131r&#8221; diye konu\u015ftu.<\/p>\n<p style=\"text-align: justify;\"><strong><em>BASIN \u00d6ZG\u00dcRL\u00dc\u011e\u00dc: <\/em><\/strong><\/p>\n<p style=\"text-align: justify;\">Do\u011fan Holding&#8217;e verilen vergi cezas\u0131na de\u011finen Erdo\u011fan, &#8220;Son g\u00fcnlerde, T\u00fcrkiye&#8217;deki bas\u0131n \u00f6zg\u00fcrl\u00fc\u011f\u00fc ba\u015fta ABD olmak \u00fczere \u00e7e\u015fitli \u00e7evrelerde tart\u0131\u015fma konusu yap\u0131l\u0131yor. Burada baz\u0131 ger\u00e7ekleri sizlerle payla\u015fmak isterim. T\u00fcrkiye, tarihinin en b\u00fcy\u00fck demokratik a\u00e7\u0131l\u0131mlar\u0131n\u0131 bizim d\u00f6nemimizde ger\u00e7ekle\u015ftirmi\u015f, ifade \u00f6zg\u00fcrl\u00fc\u011f\u00fc en geni\u015f anlam\u0131yla bu d\u00f6nemde hayata ge\u00e7mi\u015ftir. Yasaklar\u0131n kalkt\u0131\u011f\u0131 bir d\u00f6nemdir bizim d\u00f6nemimiz. Bas\u0131n, tarihinin en \u00f6zg\u00fcr d\u00f6nemlerinden birini ya\u015famaktad\u0131r. Biz bunu da yeterli g\u00f6rm\u00fcyoruz ve mevcut engelleri de ortadan kald\u0131rman\u0131n m\u00fccadelesini veriyoruz. Ancak, b\u00fcnyesinde baz\u0131 gazete ve televizyonlar\u0131n da mevcut oldu\u011fu bir holdingin, vergiden dolay\u0131 ald\u0131\u011f\u0131 ceza, \u00e7arp\u0131t\u0131larak bas\u0131n \u00f6zg\u00fcrl\u00fc\u011f\u00fcne darbe gibi yans\u0131t\u0131lmaya \u00e7al\u0131\u015f\u0131lmas\u0131 d\u00fc\u015f\u00fcnd\u00fcr\u00fcc\u00fcd\u00fcr&#8221; dedi.<\/p>\n<p style=\"text-align: justify;\">Erdo\u011fan, &#8220;Kesilen vergi cezas\u0131, tamamen kanunlar\u0131m\u0131z \u00e7er\u00e7evesinde kesilmi\u015ftir. Kesen devletin Maliye Bakanl\u0131\u011f\u0131&#8217;d\u0131r. Vergi cezas\u0131n\u0131n bas\u0131n\u0131 kontrol alt\u0131na alma \u00e7abas\u0131yla uzaktan, yak\u0131ndan asla ve asla ilgisi yoktur, olamaz. Vergi konusunda biz asl\u0131nda ABD&#8217;nin hassasiyetini \u00e7ok iyi biliyoruz. Ya\u015fanm\u0131\u015f tecr\u00fcbeleri de \u00e7ok iyi biliyoruz. Buradaki uygulamalar\u0131 da, tarihinde \u00e7ok iyi biliyoruz. Vergi konusunda hi\u00e7 kimseye imtiyaz tan\u0131nmad\u0131\u011f\u0131n\u0131 da \u00e7ok iyi biliyoruz. Kanunlar kar\u015f\u0131s\u0131nda hi\u00e7 kimse ayr\u0131cal\u0131kl\u0131 bir konumda olamaz. Vergi cezas\u0131n\u0131 bas\u0131n \u00f6zg\u00fcrl\u00fc\u011f\u00fcyle birlikte anmak son derece yanl\u0131\u015ft\u0131r, bunun \u00e7e\u015fitli \u00e7evrelerde yanl\u0131\u015f propagandas\u0131n\u0131 yapmak da yine ayn\u0131 derecede hatal\u0131d\u0131r&#8221; diye konu\u015ftu.<\/p>\n<p style=\"text-align: justify;\">Ba\u015fbakan Erdo\u011fan, T\u00fcrkiye&#8217;de 7 y\u0131l \u00f6nce gazetelerin ne t\u00fcr bask\u0131lar alt\u0131nda oldu\u011funu bilenlerin bildi\u011fini vurgulayarak, &#8220;Ben de gayet iyi bilirim. Bir \u00e7ok konu konu\u015fulam\u0131yor, yaz\u0131lam\u0131yor, \u00e7izilemiyordu. De\u011fi\u015fik bask\u0131 gruplar\u0131 Bas\u0131n \u00fczerinde adeta Demokles&#8217;in k\u0131l\u0131c\u0131 gibi duruyordu. Aynen, herkesin dilinde olan \u015fuydu: &#8216;\u0130ktidarlar\u0131 bas\u0131n getirir, bas\u0131n g\u00f6t\u00fcr\u00fcr&#8217; Mant\u0131k buydu, anlay\u0131\u015f buydu. Ama bug\u00fcn bas\u0131n, bir kez daha tekrar ediyorum, T\u00fcrkiye&#8217;de tarihinin en \u00f6zg\u00fcr d\u00f6neminden ge\u00e7mektedir ve inan\u0131yorum ki daha da \u00f6zg\u00fcrle\u015fecektir. Ama bu \u00f6zg\u00fcrl\u00fc\u011f\u00fc e\u011fer siyasi iktidarlara hakaret olarak telakki ediyorlarsa, tan\u0131ml\u0131yorlarsa tabii ki buna \u00f6rne\u011fin ma\u011fduru olan bir ki\u015fi olarak Tayyip Erdo\u011fan&#8217;\u0131n eyvallah etmesi m\u00fcmk\u00fcn de\u011fildir. Ele\u015ftiriye sonuna kadar a\u00e7\u0131\u011f\u0131z ama hakaret edilince buna tahamm\u00fcl etmek m\u00fcmk\u00fcn de\u011fil. Ve bu konuda herkesin \u015f\u00f6yle bir kendisini ayna kar\u015f\u0131s\u0131nda d\u00fczenlemesi laz\u0131m. Buna bakmam\u0131z laz\u0131m&#8221; dedi.<\/p>\n<p style=\"text-align: justify;\"><strong><em>N\u00dcKLEER ENERJ\u0130: <\/em><\/strong><\/p>\n<p style=\"text-align: justify;\">Enerji alan\u0131nda at\u0131lan ad\u0131mlara da de\u011finen Erdo\u011fan, &#8220;N\u00fckleer enerjide uluslararas\u0131 anla\u015fmayla at\u0131lacak ad\u0131mla, 7-8 y\u0131l sonra T\u00fcrkiye&#8217;nin n\u00fckleer enerjiden faydalan\u0131r hale gelece\u011fini s\u00f6yledi.<\/p>\n<p style=\"text-align: justify;\">T\u00fcrkiye&#8217;nin, son 7 y\u0131lda, AK Parti iktidar\u0131 d\u00f6neminde, hemen her alanda \u00e7ok ciddi bir de\u011fi\u015fim ve d\u00f6n\u00fc\u015f\u00fcm s\u00fcrecinin i\u00e7inden ge\u00e7ti\u011fini kaydeden Erdo\u011fan, T\u00fcrkiye&#8217;deki ekonomik geli\u015fmelerden \u00f6rnekler verdi.<\/p>\n<p style=\"text-align: justify;\">T\u00fcrkiye&#8217;nin k\u00fcresel krize, sa\u011flam bir finans sistemiyle kar\u015f\u0131 koydu\u011funu vurgulayan Erdo\u011fan, bir tek bankan\u0131n bile s\u0131k\u0131nt\u0131 ya\u015famad\u0131\u011f\u0131n\u0131 dile getirdi.<\/p>\n<p style=\"text-align: justify;\">Krizin etkilerinin m\u00fcmk\u00fcn olan asgari d\u00fczeyde hissedildi\u011fini anlatan Ba\u015fbakan Erdo\u011fan, T\u00fcrkiye&#8217;nin \u015fu anda da d\u00fcnya \u00fclkeleri aras\u0131nda krizden en h\u0131zl\u0131 \u00e7\u0131kacak \u00fclkeler aras\u0131nda g\u00f6sterildi\u011fini s\u00f6yledi.<\/p>\n<p style=\"text-align: justify;\">Enerji alan\u0131nda at\u0131lan ad\u0131mlara da de\u011finen Erdo\u011fan, &#8220;T\u00fcrkiye, enerji s\u0131k\u0131nt\u0131s\u0131n\u0131 kendi kaynaklar\u0131yla temin edebilme ve n\u00fckleer enerjide de \u015fu anda da uluslararas\u0131 anla\u015fmayla atmak \u00fczere oldu\u011fumuz ad\u0131m var ki buradan da 7 y\u0131l sonra, 8 y\u0131l sonra T\u00fcrkiye n\u00fckleer enerjiden de faydalanma, istifade etme d\u00f6nemine girecektir&#8221; dedi.<\/p>\n<p style=\"text-align: justify;\">Ba\u015fbakan Erdo\u011fan, T\u00fcrkiye&#8217;nin b\u00f6lgesinde n\u00fckleer silaha kar\u015f\u0131 oldu\u011funu ancak ayn\u0131 b\u00f6lgede n\u00fckleer silaha sahip \u00fclkeler bulundu\u011funu belirterek \u0130srail&#8217;e g\u00f6nderme yapt\u0131.<\/p>\n<p style=\"text-align: justify;\"><strong><em>\u0130RAN \u0130LE \u0130L\u0130\u015eK\u0130LER: <\/em><\/strong><\/p>\n<p style=\"text-align: justify;\">Erdo\u011fan, Amerika Alman Marshall Fonu&#8217;nda yapt\u0131\u011f\u0131 konu\u015fman\u0131n ard\u0131ndan kat\u0131l\u0131mc\u0131lar\u0131n sorular\u0131n\u0131 yan\u0131tlad\u0131.<\/p>\n<p style=\"text-align: justify;\">Rand Corporation adl\u0131 d\u00fc\u015f\u00fcnce kurulu\u015fu uzmanlar\u0131ndan Stephen Larabee, T\u00fcrkiye ile ABD&#8217;nin \u0130ran konusunda politikalar\u0131n\u0131n ge\u00e7mi\u015fte \u00f6rt\u00fc\u015ft\u00fc\u011f\u00fcn\u00fc belirtti ve Ba\u015fbakan Erdo\u011fan&#8217;a, \u0130ran&#8217;\u0131n y\u00fck\u00fcml\u00fcl\u00fcklerini yerine getirmesi konusunda T\u00fcrkiye ile ABD politikalar\u0131nda bir ayr\u0131\u015fma olmas\u0131 tehlikesi g\u00f6r\u00fcp g\u00f6rmedi\u011fini, gerekirse bir noktada yapt\u0131r\u0131m uygulamada istekli olup olmad\u0131\u011f\u0131n\u0131 sordu.<\/p>\n<p style=\"text-align: justify;\">Erdo\u011fan, \u0130ran ile 1639 Kasr\u0131 \u015firin anla\u015fmas\u0131yla ba\u015flayan ili\u015fkilerin tarihinin \u00e7ok eski oldu\u011funa ve ili\u015fkilerde o g\u00fcnden bug\u00fcne ciddi bir sorun ya\u015fanmad\u0131\u011f\u0131na i\u015faret etti. 350 kilometrelik s\u0131n\u0131r bulundu\u011funu ve iki \u00fclke aras\u0131ndaki ticaret hacminin 10 milyar dolar\u0131 buldu\u011funu hat\u0131rlatan Erdo\u011fan, do\u011fal gazda da Rusya&#8217;dan sonra \u0130ran&#8217;\u0131n ikinci s\u0131rada T\u00fcrkiye&#8217;nin tedarik\u00e7ileri aras\u0131nda yer ald\u0131\u011f\u0131n\u0131 s\u00f6yledi.<\/p>\n<p style=\"text-align: justify;\">Ba\u015fbakan Erdo\u011fan, \u015fu anda T\u00fcrkiye&#8217;nin elektrik enerjisinin y\u00fczde 52&#8217;sini do\u011falgaz \u00e7evrim santrallerinden elde etti\u011fini ve do\u011fal gazda ya\u015fanacak herhangi bir s\u0131k\u0131nt\u0131n\u0131n, \u00f6zellikle elektrik enerjisinde ne gibi bir s\u0131k\u0131nt\u0131 ya\u015fataca\u011f\u0131n\u0131 tahayy\u00fcl edilemeyece\u011fini kaydetti.<\/p>\n<p style=\"text-align: justify;\">Ba\u015fbakan Erdo\u011fan, &#8220;Duygusal davranamay\u0131z, hissi davranamay\u0131z. Devlet y\u00f6neticilerinin de duygusal davranma hakk\u0131 yok. Enine boyuna oturaca\u011f\u0131z, konu\u015faca\u011f\u0131z, devletimizin milletimizin ali menfaatlerini d\u00fc\u015f\u00fcn\u00fcp karar verece\u011fiz. \u015eimdi s\u0131n\u0131r kom\u015fum, tarih boyunca herhangi s\u0131k\u0131nt\u0131 ya\u015famam\u0131\u015f\u0131z. Diplomasi dururken farkl\u0131 uygulamalarla ad\u0131m atmak? Konu nedir? N\u00fckleer program. Bir \u015fey kabul ediliyor. Bar\u0131\u015f\u00e7\u0131 ama\u00e7la yap\u0131lacaksa hakk\u0131d\u0131r, buna bir \u015fey demiyoruz. Silah elde edecekse bu noktada biz dur diyoruz. B\u00f6yle bir \u015fey \u015fu anda var m\u0131? Yok ama b\u00f6yle bir \u015feyin olma ihtimali var. \u0130\u015fte uranyum zenginle\u015ftirme \u00e7al\u0131\u015fmalar\u0131 var. Bu, enerjinin \u00fcretiminde bir ham madde de\u011fil mi, o yak\u0131ta ihtiya\u00e7 yok mu, var. \u0130ran burada, (biz bunu ABD&#8217;den temin edebiliriz) dedi. Fakat ABD adres olarak Rusya ve Fransa&#8217;y\u0131 g\u00f6sterdi. Fakat bu \u00e7al\u0131\u015fmalarda da baz\u0131 m\u00fczakere s\u0131k\u0131nt\u0131lar\u0131 oldu. Biz T\u00fcrkiye olarak, \u00f6zellikle Cenevre&#8217;de son d\u00f6nemdeki ilk bulu\u015fmay\u0131 temin etmede gayret sarf ettik. Devam\u0131 i\u00e7in de biz gayret sarf ettik. \u015eu anda olabilir mi devam\u0131? Olabilir. Biz diyoruz ki diplomasi kesilmesin, devam etsin&#8221; diye konu\u015ftu.<\/p>\n<p style=\"text-align: justify;\">Erdo\u011fan, &#8220;Ortada n\u00fckleer silah olay\u0131 s\u00f6z konusu de\u011fil, Bar\u0131\u015f\u00e7\u0131 ad\u0131m atma gayretleri var. B\u00f6lgede T\u00fcrkiye olarak n\u00fckleer silahla ilgili ad\u0131m at\u0131lacaksa buna kar\u015f\u0131y\u0131z. Ama b\u00f6lgemizde bu ad\u0131m\u0131 atm\u0131\u015f olan ba\u015fka bir \u00fclke var. \u015eu anda olmayan, at\u0131lmayan bir ad\u0131mla, s\u00fcrekli bu g\u00fcndemde tutuluyor. Biz bu yakla\u015f\u0131m\u0131 adil bulmuyoruz. Adil bir yakla\u015f\u0131mda T\u00fcrkiye her t\u00fcrl\u00fc \u00e7al\u0131\u015fmaya, her t\u00fcrl\u00fc arabuluculu\u011fa haz\u0131rd\u0131r. ABD ile ters konuma d\u00fc\u015fmek gibi bir hesab\u0131m\u0131z olmad\u0131\u011f\u0131 gibi, \u0130ranla ili\u015fkilerimiz noktas\u0131nda Say\u0131n Obama&#8217;n\u0131n da memnuniyetini kendilerinden bizzat d\u00fcn de dinledim. Bu ba\u011flar\u0131 tamamen koparmak zaten yanl\u0131\u015ft\u0131r. Biz bu g\u00f6r\u00fc\u015fmelerde bir koridor olu\u015fturabiliriz&#8221;. \u0130ran&#8217;a yapt\u0131r\u0131mlar konusunda ise Erdo\u011fan, &#8220;Bu m\u00fceyyideler neymi\u015f, g\u00f6rmek laz\u0131m. G\u00f6rmeden konu\u015fmak do\u011fru olmaz. \u015eu anda da baz\u0131 tali m\u00fceyyideler uygulan\u0131yor. Ama bak\u0131yorsunuz farkl\u0131 kanallarla ABD, Almanya, \u0130ngiltere, Fransa&#8217;n\u0131n baz\u0131 mallar\u0131 \u0130ran&#8217;a giriyor. Bunlar\u0131 inkar etmek m\u00fcmk\u00fcn de\u011fil. Bu konularda hep birlikte oturup \u00e7ok daha samimi davranmam\u0131z laz\u0131m. At\u0131lacak ad\u0131mlar\u0131 adil bir \u015fekilde \u00e7\u00f6zme gayreti i\u00e7ine girmeliyiz&#8221; dedi.<\/p>\n<p style=\"text-align: justify;\"><strong><em>AB \u00dcYEL\u0130K S\u00dcREC\u0130: <\/em><\/strong><\/p>\n<p style=\"text-align: justify;\">Bir ba\u015fka kat\u0131l\u0131mc\u0131n\u0131n, kamuoyu yoklamalar\u0131na g\u00f6re T\u00fcrkiye&#8217;nin AB \u00fcyelik s\u00fcrecine Avrupa halk\u0131n\u0131n verdi\u011fi deste\u011fin d\u00fc\u015f\u00fck oldu\u011fu ve Fransa&#8217;n\u0131n lideri olsayd\u0131, T\u00fcrkiye&#8217;nin AB \u00fcyeli\u011fi konusunda halk\u0131 ikna etmek i\u00e7in ne yapaca\u011f\u0131 sorusu \u00fczerine Erdo\u011fan, &#8220;bu konularda karar vermek i\u00e7in her yerde illa halka gidip bu konuyu sormak \u015fart de\u011fil&#8221; yan\u0131t\u0131n\u0131 verdi.<\/p>\n<p style=\"text-align: justify;\">Erdo\u011fan, her \u00fclke i\u00e7in AB&#8217;ye giri\u015fte halka sorularak al\u0131nm\u0131\u015f karar bulunmad\u0131\u011f\u0131n\u0131 belirtti ve &#8220;B\u00f6yle bir olumlu karar\u0131 verdikleri takdirde y\u00f6netimler, halk\u0131yla burada bir netice almak istiyorsa, halk\u0131n\u0131n da deste\u011fini alabilir. Fransa&#8217;da bunun \u00e7ok farkl\u0131 oranlarda de\u011fi\u015fti\u011fini zaman i\u00e7inde g\u00f6rd\u00fck. Fakat halka gidip gitmeme karar\u0131n\u0131 veren y\u00f6netimlerdir. \u0130sterse halka gider, isterse kendisi bu karar\u0131 verebilir. Kald\u0131 ki \u015fu anda ben halklar nezdinde yap\u0131lacak bir enformasyon, kamu diplomasi \u00e7al\u0131\u015fmas\u0131yla (bu deste\u011fin) artmakta oldu\u011funu biliyor, d\u00fc\u015f\u00fcn\u00fcyorum&#8221; dedi.<\/p>\n<p style=\"text-align: justify;\">Erdo\u011fan, T\u00fcrkiye&#8217;nin de yapt\u0131rd\u0131\u011f\u0131 kamuoyu ara\u015ft\u0131rmalar\u0131 bulundu\u011funa i\u015faret etti ve bu deste\u011fin her ge\u00e7en g\u00fcn daha iyiye gitti\u011finin g\u00f6r\u00fcld\u00fc\u011f\u00fcn\u00fc s\u00f6yledi. Ba\u015fbakan Erdo\u011fan, &#8220;\u0130ktidar\u0131n olumsuzlu\u011fu halka da olumsuz yans\u0131yor. Bu a\u015f\u0131labilir. \u0130ktidarlar\u0131n verece\u011fi karar \u00e7ok \u00e7ok \u00f6nemli diye d\u00fc\u015f\u00fcn\u00fcyorum. Bunun d\u0131\u015f\u0131nda s\u0131k\u0131nt\u0131 olaca\u011f\u0131na ihtimal vermiyorum&#8221; diye konu\u015ftu.<\/p>\n<p style=\"text-align: justify;\">Obama ile nitelikli sanayi b\u00f6lgesi kurulmas\u0131 konusunu g\u00f6r\u00fc\u015ft\u00fc\u011f\u00fcn\u00fc ve Obama&#8217;n\u0131n bu projeye nas\u0131l yakla\u015ft\u0131\u011f\u0131n\u0131 soran bir kat\u0131l\u0131mc\u0131ya Erdo\u011fan, T\u00fcrkiye ile ABD aras\u0131ndaki &#8220;model ortakl\u0131k&#8221; kapsam\u0131nda T\u00fcrkiye taraf\u0131ndan ve Amerikan taraf\u0131ndan iki \u00fcst d\u00fczey yetkilinin birlikte \u00e7al\u0131\u015faca\u011f\u0131na i\u015faret etti. Ba\u015fbakan Erdo\u011fan, &#8220;\u00dcmit ediyorum ki bu konuda en k\u0131sa zamanda bir netice al\u0131r\u0131z, \u00e7\u00f6z\u00fcm yoluna gireriz&#8221; dedi.<\/p>\n<p style=\"text-align: justify;\"><strong><em>Ve Meksika&#8217;ya gitti&#8230; <\/em><\/strong><\/p>\n<p style=\"text-align: justify;\">Ba\u015fbakan Erdo\u011fan, Washington&#8217;daki temaslar\u0131n\u0131n ard\u0131ndan gezisinin ikinci dura\u011f\u0131 olan Meksika&#8217;n\u0131n ba\u015fkenti Mexico City&#8217;de.<\/p>\n<p style=\"text-align: justify;\">\u00d6zel u\u00e7ak &#8220;ANA&#8221; ile TS\u0130 07.15&#8217;te Meksika&#8217;ya giden Ba\u015fbakan Erdo\u011fan&#8217;\u0131, Meksika Uluslararas\u0131 Havaalan\u0131&#8217;nda T\u00fcrkiye&#8217;nin Mexico City B\u00fcy\u00fckel\u00e7isi Alev K\u0131l\u0131\u00e7 ve \u00f6teki yetkililer kar\u015f\u0131lad\u0131.<\/p>\n<p style=\"text-align: justify;\">Erdo\u011fan ile e\u015fi Emine Erdo\u011fan, Devlet Bakan\u0131 ve Ba\u015fm\u00fczakereci Egemen Ba\u011f\u0131\u015f, D\u0131\u015fi\u015fleri Bakan\u0131 Ahmet Davuto\u011flu, Bay\u0131nd\u0131rl\u0131k ve \u0130skan Bakan\u0131 Mustafa Demir, AK Parti Genel Ba\u015fkan Yard\u0131mc\u0131s\u0131 K\u00fcr\u015fad T\u00fczmen de Meksika&#8217;da.<\/p>\n<p style=\"text-align: justify;\">TS\u0130 ile ak\u015fam saatlerinde temaslar\u0131na ba\u015flayacak olan Ba\u015fbakan Erdo\u011fan, \u00f6nce Ulusal Vatan An\u0131t\u0131&#8217;na \u00e7elenk koyacak.<\/p>\n<p style=\"text-align: justify;\">Cumhurba\u015fkanl\u0131\u011f\u0131 Resmi Konutu Los Pinos&#8217;ta yap\u0131lacak resmi kar\u015f\u0131lama t\u00f6reninin ard\u0131ndan Ba\u015fbakan Erdo\u011fan, Cumhurba\u015fkan\u0131 Felipe Calderon ile ba\u015fba\u015fa bir g\u00f6r\u00fc\u015fme yapacak.<\/p>\n<p style=\"text-align: justify;\">Heyetleraras\u0131 g\u00f6r\u00fc\u015fmelerin ard\u0131ndan Cumhurba\u015fkan\u0131 Calderon ve Ba\u015fbakan Erdo\u011fan ortak bir bas\u0131n toplant\u0131s\u0131 yapacak. Toplant\u0131n\u0131n ard\u0131ndan Calderon, Ba\u015fbakan Erdo\u011fan onuruna yemek verecek.<\/p>\n<p style=\"text-align: justify;\">Ba\u015fbakan Erdo\u011fan, daha sonra Osmanl\u0131 Kolonisi&#8217;nin 1910 y\u0131l\u0131nda Mexico City&#8217;ye hediye etti\u011fi saat kulesini ziyaret edecek. Erdo\u011fan&#8217;\u0131n, bu temaslar\u0131n\u0131n ard\u0131ndan Meksika D\u0131\u015fi\u015fleri Bakanl\u0131\u011f\u0131 Diplomasi Akademisi &#8220;Matias Romero Enstit\u00fcs\u00fc&#8217;nde&#8221; bir konu\u015fma yapmas\u0131 bekleniyor.<\/p>\n<p style=\"text-align: justify;\"><span style=\"color: #888888;\">CNN T\u00dcRK<\/span><\/p>\n","protected":false},"excerpt":{"rendered":"<p style=\"text-align: center;\">\n<p style=\"text-align: justify;\">ABD&#8217;deki temaslar\u0131n\u0131 tamamlayan Ba\u015fbakan Recep Tayyip Erdo\u011fan Meksika&#8217;ya hareket etmeden \u00f6nce muhalefetin &#8220;Geziyi yar\u0131da kesip T\u00fcrkiye&#8217;ye d\u00f6n&#8221; \u00e7a\u011fr\u0131s\u0131na cevap verdi. Erdo\u011fan, &#8220;Bu konu konu mu, Bu hitap hitap m\u0131? Bu kadar basitle\u015fti bunlar&#8221; dedi. Erdo\u011fan, Marshall Fonu&#8217;ndaki konu\u015fmas\u0131nda da T\u00fcrkiye g\u00fcndemine ili\u015fkin a\u00e7\u0131klamalar yapt\u0131.<\/p>\n","protected":false},"author":1,"featured_media":0,"comment_status":"open","ping_status":"closed","sticky":false,"template":"","format":"standard","meta":{"footnotes":""},"categories":[3],"tags":[],"class_list":["post-17026","post","type-post","status-publish","format-standard","hentry","category-dunya","odd"],"_links":{"self":[{"href":"http:\/\/www.korhanyilmaz.com\/index.php?rest_route=\/wp\/v2\/posts\/17026","targetHints":{"allow":["GET"]}}],"collection":[{"href":"http:\/\/www.korhanyilmaz.com\/index.php?rest_route=\/wp\/v2\/posts"}],"about":[{"href":"http:\/\/www.korhanyilmaz.com\/index.php?rest_route=\/wp\/v2\/types\/post"}],"author":[{"embeddable":true,"href":"http:\/\/www.korhanyilmaz.com\/index.php?rest_route=\/wp\/v2\/users\/1"}],"replies":[{"embeddable":true,"href":"http:\/\/www.korhanyilmaz.com\/index.php?rest_route=%2Fwp%2Fv2%2Fcomments&post=17026"}],"version-history":[{"count":0,"href":"http:\/\/www.korhanyilmaz.com\/index.php?rest_route=\/wp\/v2\/posts\/17026\/revisions"}],"wp:attachment":[{"href":"http:\/\/www.korhanyilmaz.com\/index.php?rest_route=%2Fwp%2Fv2%2Fmedia&parent=17026"}],"wp:term":[{"taxonomy":"category","embeddable":true,"href":"http:\/\/www.korhanyilmaz.com\/index.php?rest_route=%2Fwp%2Fv2%2Fcategories&post=17026"},{"taxonomy":"post_tag","embeddable":true,"href":"http:\/\/www.korhanyilmaz.com\/index.php?rest_route=%2Fwp%2Fv2%2Ftags&post=17026"}],"curies":[{"name":"wp","href":"https:\/\/api.w.org\/{rel}","templated":true}]}}