{"id":17018,"date":"2009-12-09T15:36:30","date_gmt":"2009-12-09T13:36:30","guid":{"rendered":"http:\/\/www.korhanyilmaz.com\/?p=17018"},"modified":"2009-12-09T15:36:30","modified_gmt":"2009-12-09T13:36:30","slug":"analar-herkesin-dilinde-ama-sehitlere-veda","status":"publish","type":"post","link":"http:\/\/www.korhanyilmaz.com\/?p=17018","title":{"rendered":"Analar herkesin dilinde ama&#8230; \u015eehitlere veda&#8230;"},"content":{"rendered":"<p style=\"text-align: center;\"><a href=\"http:\/\/www.korhanyilmaz.com\/wp-content\/uploads\/2009\/12\/sehitler.jpg\"  class=\"lightview\"><img loading=\"lazy\" decoding=\"async\" class=\"size-full wp-image-17019 aligncenter\" src=\"http:\/\/www.korhanyilmaz.com\/wp-content\/uploads\/2009\/12\/sehitler.jpg\" alt=\"\" width=\"307\" height=\"236\" \/><\/a><\/p>\n<p style=\"text-align: justify;\">Tokat&#8217;ta ter\u00f6r sald\u0131r\u0131s\u0131 sonucu \u015fehit olan 7 askerden 4&#8217;\u00fc daha son yolculuklar\u0131na u\u011furlan\u0131yor. \u015eehitler i\u00e7in \u0130stanbul, Adana, Mu\u015f ve Hatay&#8217;da t\u00f6renler d\u00fczenlendi. T\u00f6renlerden yans\u0131yan kareler, aylard\u0131r her kesimden siyaset\u00e7inin diline pelesenk olan &#8220;analar&#8221;\u0131n g\u00f6zya\u015f\u0131n\u0131n bir t\u00fcrl\u00fc dinmedi\u011fini g\u00f6zler \u00f6n\u00fcne serdi&#8230; <!--more--><\/p>\n<p style=\"text-align: justify;\">D\u00fcn, \u015eehit erlerden Onur Bozdemir&#8217;in cenazesi Ad\u0131yaman&#8217;da, Kemal Bide&#8217;nin cenazesi Ordu&#8217;da, Yakup Mutlu&#8217;nun cenazesi Mu\u015f&#8217;ta topra\u011fa verilmi\u015fti.<\/p>\n<p style=\"text-align: justify;\"><strong><em>\u0130stanbul:<\/em><\/strong><\/p>\n<p style=\"text-align: justify;\">Jandarma komando onba\u015f\u0131 Cengiz Sar\u0131ba\u015f&#8217;\u0131n Atak\u00f6y 5. K\u0131s\u0131m Camii&#8217;nde d\u00fczenlenen cenaze t\u00f6renine vatanda\u015flar y\u00fcr\u00fcyerek geldi, ara\u00e7lar uzun kuyruklar olu\u015fturdu.<\/p>\n<p style=\"text-align: justify;\"><strong><em>Hatay: <\/em><\/strong><\/p>\n<p style=\"text-align: justify;\">Jandarma Er Fatih Yonca&#8217;n\u0131n cenazesi Hatay&#8217;\u0131n \u0130skenderun il\u00e7esine ba\u011fl\u0131 Bekbele beldesinde topra\u011fa verildi.<\/p>\n<p style=\"text-align: justify;\">Tokat&#8217;tan Hatay Havaalan\u0131na getirilerek, d\u00fcn Askeri Deniz Hastanesi morguna kald\u0131r\u0131lan cenaze, konvoy e\u015fli\u011finde getirildi\u011fi Bekbele beldesindeki Merkez Camisi&#8217;nde, ellerinde T\u00fcrk bayraklar\u0131 ta\u015f\u0131yan ve ter\u00f6r \u00f6rg\u00fct\u00fc aleyhine slogan atan vatanda\u015flar taraf\u0131ndan kar\u015f\u0131land\u0131.<\/p>\n<p style=\"text-align: justify;\">Cenaze t\u00f6renine \u015fehit er Fatih Yonca&#8217;n\u0131n annesi G\u00fcls\u00fcm, babas\u0131 B\u00fclent Yonca ile karde\u015fleri ve yak\u0131nlar\u0131n\u0131n yan\u0131 s\u0131ra Adalet Bakan\u0131 Sadullah Ergin, AK Parti Hatay Milletvekilleri Orhan Karasayar, Fevzi \u015eanverdi, Abd\u00fclhadi Kahya, Mustafa \u00d6zt\u00fcrk, CHP Hatay Milletvekilleri G\u00f6khan Durgun, Abd\u00fcllaziz Yazar, \u0130skenderun Kaymakam\u0131 Cemil Aksak, Belediye Ba\u015fkan\u0131 Yusuy Civelek, 39. Mekanize Piyade Tugay Komutan\u0131 Tu\u011fgeneral G\u00fcrsel \u00d6zt\u00fcrk, Mustafa Kemal \u00dcniversitesi Rekt\u00f6r\u00fc Prof. Dr. \u015eerefettin Canda, Bekbele Belediye Ba\u015fkan\u0131 Bestami Bilgili, daire amirleri ve vatanda\u015flar kat\u0131ld\u0131.<\/p>\n<p style=\"text-align: center;\"><a href=\"http:\/\/www.korhanyilmaz.com\/wp-content\/uploads\/2009\/12\/sehit01.jpg\"  class=\"lightview\"><img loading=\"lazy\" decoding=\"async\" class=\"aligncenter size-full wp-image-17020\" title=\"sehit01\" src=\"http:\/\/www.korhanyilmaz.com\/wp-content\/uploads\/2009\/12\/sehit01.jpg\" alt=\"\" width=\"406\" height=\"210\" \/><\/a><\/p>\n<p style=\"text-align: justify;\">Cenazede ayakta durmakta zorlanan baba B\u00fclent Yonca, &#8220;Vatan sa\u011f olsun. Bir o\u011flumu daha \u015fehit vermeye haz\u0131r\u0131m&#8221; derken, g\u00f6zya\u015flar\u0131n\u0131 tutamad\u0131. O\u011flunun foto\u011fraf\u0131n\u0131 alarak ok\u015fayan anne G\u00fcls\u00fcm Yonca da o\u011fluyla gurur duydu\u011funu belirterek, &#8220;Seni b\u00f6yle mi kar\u015f\u0131layacakt\u0131k. Bak ka\u00e7 ki\u015fi geldi seni g\u00f6rmeye&#8221; diyerek a\u011flad\u0131.<\/p>\n<p style=\"text-align: justify;\">T\u00f6rende, baz\u0131 ki\u015filerce Ba\u015fbakan Recep Tayyip Erdo\u011fan&#8217;\u0131n g\u00f6nderdi\u011fi \u00e7elenkte isminin bulundu\u011fu ka\u011f\u0131d\u0131 y\u0131rt\u0131ld\u0131. Emniyet M\u00fcd\u00fcrl\u00fc\u011f\u00fc ekiplerince \u00e7elenge, Ba\u015fbakan Recep Tayyip Erdo\u011fan&#8217;\u0131n isminin yer ald\u0131\u011f\u0131 yeni bir ka\u011f\u0131t tak\u0131ld\u0131. \u0130l M\u00fcft\u00fcs\u00fc Mustafa Sinano\u011flu&#8217;nun k\u0131ld\u0131rd\u0131\u011f\u0131 namaz\u0131n ard\u0131ndan \u015fehit er Fatih Yonca&#8217;n\u0131n cenazesi, askeri konvoy e\u015fli\u011finde omuzlarda ta\u015f\u0131narak vatanda\u015flar\u0131n &#8220;\u015eehitlere uzanan eller k\u0131r\u0131ls\u0131n, \u015fehitler \u00f6lmez vatan b\u00f6l\u00fcnmez&#8221; sloganlar\u0131 e\u015fli\u011finde askeri araca kadar ta\u015f\u0131nd\u0131. Daha sonra, \u015fehidin cenazesi, Bekbele Mezarl\u0131\u011f\u0131&#8217;nda topra\u011fa verildi.<\/p>\n<p style=\"text-align: justify;\"><strong><em><a href=\"http:\/\/www.korhanyilmaz.com\/wp-content\/uploads\/2009\/12\/sehit02.jpg\"  class=\"lightview\"><img loading=\"lazy\" decoding=\"async\" class=\"alignleft size-full wp-image-17022\" style=\"margin-left: 10px; margin-right: 10px;\" src=\"http:\/\/www.korhanyilmaz.com\/wp-content\/uploads\/2009\/12\/sehit02.jpg\" alt=\"\" width=\"237\" height=\"309\" \/><\/a>Adana:<\/em><\/strong><\/p>\n<p style=\"text-align: justify;\">Tokat&#8217;\u0131n Re\u015fadiye il\u00e7esindeki ter\u00f6rist sald\u0131r\u0131da \u015fehit olan uzman \u00e7avu\u015f Harun Arslanbay i\u00e7in Adana&#8217;n\u0131n Yumurtal\u0131k il\u00e7esinde t\u00f6ren d\u00fczenlendi.<\/p>\n<p style=\"text-align: justify;\">Cenazenin getirilmesi s\u0131ras\u0131nda Yumurtal\u0131k Merkez Camisi \u00f6n\u00fcnde toplanan ve ellerinde T\u00fcrk bayraklar\u0131 bulunan \u00e7ok say\u0131da vatanda\u015f, &#8220;Kahrolsun PKK&#8221;, &#8220;Askere uzanan eller k\u0131r\u0131ls\u0131n&#8221;, &#8220;\u015eehitler \u00f6lmez vatan b\u00f6l\u00fcnmez&#8221; \u015feklinde sloganlar atarak ter\u00f6r\u00fc k\u0131nad\u0131.<\/p>\n<p style=\"text-align: justify;\">T\u00f6ren alan\u0131nda, fenal\u0131k ge\u00e7iren \u015fehidin e\u015fi Demet Arslanbay, &#8220;Bir asker \u00f6l\u00fcr, bin asker gelir&#8221; \u015feklinde a\u011f\u0131t yakt\u0131. A\u011fabey R\u00fcstem Arslanbay ise &#8220;Bana silah verin, gidip onlar\u0131n hepsini tek tek \u00f6ld\u00fcreyim&#8221; dedi.<\/p>\n<p style=\"text-align: justify;\">Baba Hamdi Arslanbay, o\u011flunun foto\u011fraf\u0131n\u0131 tutarak, &#8220;Sak\u0131n a\u011flamay\u0131n, a\u011flay\u0131p da ter\u00f6ristleri sevindirmeyin&#8221; diye konu\u015ftu.<\/p>\n<p style=\"text-align: justify;\">Cenazenin bulundu\u011fu alana gelen Enerji ve Tabii Kaynaklar Bakan\u0131 Taner Y\u0131ld\u0131z ile di\u011fer ilgililer, dua etti ve aileye ba\u015f sa\u011fl\u0131\u011f\u0131 diledi. Bakan Y\u0131ld\u0131z, baba Hamdi Arslanbay&#8217;a, &#8220;\u015eehitler hepimizin \u015fehidi. Kanlar\u0131 yerde kalmayacak&#8221; dedi.<\/p>\n<p style=\"text-align: justify;\">Bu arad, \u015fehidin iki ya\u015f\u0131ndaki k\u0131z\u0131 Zehra D\u00f6nd\u00fc ile alt\u0131 ayl\u0131k bebe\u011fi Zeynep Sevim de tabutun oldu\u011fu yere getirildi.<\/p>\n<p style=\"text-align: justify;\">K\u0131l\u0131nan cenaze namaz\u0131n\u0131n ard\u0131ndan \u015fehidin cenazesi, askerler taraf\u0131ndan al\u0131narak, olu\u015fturulan kortej e\u015fli\u011finde, topra\u011fa verilmek \u00fczere Sug\u00f6z\u00fc k\u00f6y\u00fcne g\u00f6t\u00fcr\u00fcld\u00fc.<\/p>\n<p style=\"text-align: justify;\"><strong><em>Mu\u015f:<\/em><\/strong><\/p>\n<p style=\"text-align: justify;\">Ter\u00f6rist sald\u0131r\u0131da \u015fehit d\u00fc\u015fen jandarma er Ferit Demir&#8217;in cenazesi, Mu\u015f&#8217;un Malazgirt il\u00e7esine ba\u011fl\u0131 Erence k\u00f6y\u00fcnde topra\u011fa verildi.<\/p>\n<p style=\"text-align: justify;\">\u015eehit Demir&#8217;in cenazesi, T\u00fcrk bayraklar\u0131yla donat\u0131lan Erence k\u00f6y\u00fcn\u00fcn giri\u015finde vatanda\u015flar taraf\u0131ndan kar\u015f\u0131land\u0131. &#8220;\u015eehitler \u00f6lmez vatan b\u00f6l\u00fcnmez&#8221; diye slogan atan vatanda\u015flar, ter\u00f6r \u00f6rg\u00fct\u00fc PKK&#8217;y\u0131 lanetledi.<\/p>\n<p style=\"text-align: justify;\">D\u00fczenlenen cenaze t\u00f6renine \u015fehit Ferit Demir&#8217;in annesi Muhteber Demir, karde\u015fleri ve yak\u0131nlar\u0131n\u0131n yan\u0131 s\u0131ra Mu\u015f Valisi Erdo\u011fan Bekta\u015f, Bitlis Valisi Nurettin Y\u0131lmaz, 34. Motorlu Piyade Tugay Komutan\u0131 Tu\u011fgeneral Burhanettin Akt\u0131, AK Parti Mu\u015f milletvekilleri Medeni Y\u0131lmaz ve Seracettin Karaya\u011f\u0131z, daire amirleri ve vatanda\u015flar kat\u0131ld\u0131.<\/p>\n<p style=\"text-align: justify;\"><a href=\"http:\/\/www.korhanyilmaz.com\/wp-content\/uploads\/2009\/12\/sehit03.jpg\"  class=\"lightview\"><img loading=\"lazy\" decoding=\"async\" class=\"aligncenter size-full wp-image-17021\" src=\"http:\/\/www.korhanyilmaz.com\/wp-content\/uploads\/2009\/12\/sehit03.jpg\" alt=\"\" width=\"406\" height=\"210\" \/><\/a><\/p>\n<p style=\"text-align: justify;\">O\u011flu Muhteber Demir ile ter\u00f6ristlerin sald\u0131r\u0131s\u0131ndan birka\u00e7 saat \u00f6nce telefonda g\u00f6r\u00fc\u015ft\u00fc\u011f\u00fcn\u00fc ifade eden Demir, &#8220;Sald\u0131r\u0131dan \u00f6nce devriye g\u00f6revine \u00e7\u0131kaca\u011f\u0131n\u0131 s\u00f6ylemi\u015fti, ben de kendisine iyi bakmas\u0131n\u0131 tembihlemi\u015ftim. Bana \u00e7ok iyi oldu\u011funu s\u00f6ylemi\u015fti. Bu felaket ba\u015f\u0131m\u0131za geldi&#8221; diye konu\u015ftu.<\/p>\n<p style=\"text-align: justify;\">\u015eehit Ferit Demir&#8217;in cenazesi, cenaze namaz\u0131n\u0131n k\u0131l\u0131nmas\u0131n\u0131n ard\u0131ndan ailesinin evine g\u00f6t\u00fcr\u00fcld\u00fckten sonra k\u00f6y mezarl\u0131\u011f\u0131nda topra\u011fa verildi.<\/p>\n<p style=\"text-align: justify;\"><span style=\"color: #888888;\">CNN T\u00dcRK<\/span><\/p>\n","protected":false},"excerpt":{"rendered":"<p style=\"text-align: center;\">\n<p style=\"text-align: justify;\">Tokat&#8217;ta ter\u00f6r sald\u0131r\u0131s\u0131 sonucu \u015fehit olan 7 askerden 4&#8217;\u00fc daha son yolculuklar\u0131na u\u011furlan\u0131yor. \u015eehitler i\u00e7in \u0130stanbul, Adana, Mu\u015f ve Hatay&#8217;da t\u00f6renler d\u00fczenlendi. T\u00f6renlerden yans\u0131yan kareler, aylard\u0131r her kesimden siyaset\u00e7inin diline pelesenk olan &#8220;analar&#8221;\u0131n g\u00f6zya\u015f\u0131n\u0131n bir t\u00fcrl\u00fc dinmedi\u011fini g\u00f6zler \u00f6n\u00fcne serdi&#8230; <\/p>\n","protected":false},"author":1,"featured_media":0,"comment_status":"open","ping_status":"closed","sticky":false,"template":"","format":"standard","meta":{"footnotes":""},"categories":[105],"tags":[],"class_list":["post-17018","post","type-post","status-publish","format-standard","hentry","category-gundem","odd"],"_links":{"self":[{"href":"http:\/\/www.korhanyilmaz.com\/index.php?rest_route=\/wp\/v2\/posts\/17018","targetHints":{"allow":["GET"]}}],"collection":[{"href":"http:\/\/www.korhanyilmaz.com\/index.php?rest_route=\/wp\/v2\/posts"}],"about":[{"href":"http:\/\/www.korhanyilmaz.com\/index.php?rest_route=\/wp\/v2\/types\/post"}],"author":[{"embeddable":true,"href":"http:\/\/www.korhanyilmaz.com\/index.php?rest_route=\/wp\/v2\/users\/1"}],"replies":[{"embeddable":true,"href":"http:\/\/www.korhanyilmaz.com\/index.php?rest_route=%2Fwp%2Fv2%2Fcomments&post=17018"}],"version-history":[{"count":0,"href":"http:\/\/www.korhanyilmaz.com\/index.php?rest_route=\/wp\/v2\/posts\/17018\/revisions"}],"wp:attachment":[{"href":"http:\/\/www.korhanyilmaz.com\/index.php?rest_route=%2Fwp%2Fv2%2Fmedia&parent=17018"}],"wp:term":[{"taxonomy":"category","embeddable":true,"href":"http:\/\/www.korhanyilmaz.com\/index.php?rest_route=%2Fwp%2Fv2%2Fcategories&post=17018"},{"taxonomy":"post_tag","embeddable":true,"href":"http:\/\/www.korhanyilmaz.com\/index.php?rest_route=%2Fwp%2Fv2%2Ftags&post=17018"}],"curies":[{"name":"wp","href":"https:\/\/api.w.org\/{rel}","templated":true}]}}