{"id":17013,"date":"2009-12-09T15:04:19","date_gmt":"2009-12-09T13:04:19","guid":{"rendered":"http:\/\/www.korhanyilmaz.com\/?p=17013"},"modified":"2009-12-09T15:04:19","modified_gmt":"2009-12-09T13:04:19","slug":"dtpli-halis-pkk-ile-aramizda-halk-bagi-var","status":"publish","type":"post","link":"http:\/\/www.korhanyilmaz.com\/?p=17013","title":{"rendered":"DTP&#039;li Halis: &quot;PKK ile aram\u0131zda halk ba\u011f\u0131 var&quot;"},"content":{"rendered":"<p style=\"text-align: center;\"><a href=\"http:\/\/www.korhanyilmaz.com\/wp-content\/uploads\/2009\/12\/dtp2.jpg\"  class=\"lightview\"><img loading=\"lazy\" decoding=\"async\" class=\"aligncenter size-full wp-image-17014\" src=\"http:\/\/www.korhanyilmaz.com\/wp-content\/uploads\/2009\/12\/dtp2.jpg\" alt=\"\" width=\"307\" height=\"236\" \/><\/a><\/p>\n<p style=\"text-align: justify;\">DTP Tuncel Milletvekili \u015eerafettin Halis, ter\u00f6r \u00f6rg\u00fct\u00fc PKK ile aralar\u0131nda &#8220;halk ba\u011f\u0131 oldu\u011funun herkes taraf\u0131ndan bilindi\u011fini&#8221; s\u00f6yledi.<\/p>\n<p style=\"text-align: justify;\">Parti binalar\u0131na y\u00f6nelik sald\u0131r\u0131lar\u0131 protesto eden DTP&#8217;liler, partilerinin Ankara \u0130l Ba\u015fkanl\u0131\u011f\u0131 \u00f6n\u00fcnde topland\u0131.<\/p>\n<p style=\"text-align: justify;\">Gruptakiler ad\u0131na a\u00e7\u0131klama yapan DTP Ankara \u0130l Ba\u015fkan\u0131 Song\u00fcl Erol Abdil, &#8220;yap\u0131lan a\u00e7\u0131klamalar\u0131n ard\u0131ndan son g\u00fcnlerde meydana gelen olaylar\u0131n ger\u00e7ekle\u015fti\u011fini, K\u00fcrtlern bu tehditlerden korkmad\u0131\u011f\u0131n\u0131&#8221; s\u00f6yledi. <!--more--><\/p>\n<div id=\"attachment_17015\" style=\"width: 214px\" class=\"wp-caption alignleft\"><a title=\"DTP Tuncel Milletvekili \u015eerafettin Halis\" href=\"http:\/\/www.korhanyilmaz.com\/wp-content\/uploads\/2009\/12\/halis.jpg\"  class=\"lightview\"><img loading=\"lazy\" decoding=\"async\" aria-describedby=\"caption-attachment-17015\" class=\"size-full wp-image-17015\" style=\"margin-left: 10px; margin-right: 10px;\" title=\"DTP Tuncel Milletvekili \u015eerafettin Halis\" src=\"http:\/\/www.korhanyilmaz.com\/wp-content\/uploads\/2009\/12\/halis.jpg\" alt=\"\" width=\"204\" height=\"203\" \/><\/a><p id=\"caption-attachment-17015\" class=\"wp-caption-text\">DTP Tuncel Milletvekili \u015eerafettin Halis<\/p><\/div>\n<p style=\"text-align: justify;\">&#8220;K\u00fcrtlerin DTP \u00f6nc\u00fcl\u00fc\u011f\u00fcnde \u00f6rg\u00fctl\u00fc oldu\u011funu&#8221; anlatan Abdil, &#8220;T\u00fcrkiye&#8217;de bar\u0131\u015f\u0131n sabote edilmemesi gerekti\u011fini ve bar\u0131\u015f\u0131n olmas\u0131 i\u00e7in m\u00fccadelelerini s\u00fcrd\u00fcreceklerini&#8221; kaydetti.<\/p>\n<p style=\"text-align: justify;\">Gruptakiler aras\u0131nda yer alan DTP Tunceli Milletvekili \u015eerafettin Halis ise bir gazetecinin, Ba\u015fbakan Yard\u0131mc\u0131s\u0131 Cemil \u00c7i\u00e7ek&#8217;in a\u00e7\u0131klamalar\u0131n\u0131 hat\u0131rlatmas\u0131 \u00fczerine, &#8220;Batasuna ile paralelliklerinin olmad\u0131\u011f\u0131n\u0131, Batasuna&#8217;n\u0131n ayr\u0131l\u0131k\u00e7\u0131 bir \u00f6rg\u00fct\u00fcn yanda\u015f\u0131 oldu\u011funu&#8221; s\u00f6yledi.<\/p>\n<p style=\"text-align: justify;\">Halis, &#8220;Batasuna ile aram\u0131zda paralellik g\u00f6renlerin 1978 \u0130spanya Anayasas\u0131&#8217;n\u0131 \u00f6nce T\u00fcrkiye&#8217;ye getirsinler&#8221; dedi.<\/p>\n<p style=\"text-align: justify;\">&#8220;PKK ile aram\u0131zda bir halk ba\u011f\u0131 var&#8221; diyen Halis, &#8220;Ayn\u0131 kitle, ayn\u0131 topluluk, ayn\u0131 halk\u0131n talepleri do\u011frultusunda bir paralellik g\u00f6steriyoruz. Y\u00f6ntem, bi\u00e7im olarak ayr\u0131y\u0131z. Biz yasal, siyasal zeminde bir \u00f6rg\u00fct\u00fcz, partiyiz&#8221; \u015feklinde konu\u015ftu.<\/p>\n<p style=\"text-align: justify;\"><span style=\"color: #888888;\">CNN T\u00dcRK<\/span><\/p>\n","protected":false},"excerpt":{"rendered":"<p style=\"text-align: center;\">\n<p style=\"text-align: justify;\">DTP Tuncel Milletvekili \u015eerafettin Halis, ter\u00f6r \u00f6rg\u00fct\u00fc PKK ile aralar\u0131nda &#8220;halk ba\u011f\u0131 oldu\u011funun herkes taraf\u0131ndan bilindi\u011fini&#8221; s\u00f6yledi.<\/p>\n<p style=\"text-align: justify;\">Parti binalar\u0131na y\u00f6nelik sald\u0131r\u0131lar\u0131 protesto eden DTP&#8217;liler, partilerinin Ankara \u0130l Ba\u015fkanl\u0131\u011f\u0131 \u00f6n\u00fcnde topland\u0131.<\/p>\n<p style=\"text-align: justify;\">Gruptakiler ad\u0131na a\u00e7\u0131klama yapan DTP Ankara \u0130l Ba\u015fkan\u0131 Song\u00fcl Erol Abdil, &#8220;yap\u0131lan a\u00e7\u0131klamalar\u0131n ard\u0131ndan son g\u00fcnlerde <\/p>\n","protected":false},"author":1,"featured_media":0,"comment_status":"open","ping_status":"closed","sticky":false,"template":"","format":"standard","meta":{"footnotes":""},"categories":[105],"tags":[],"class_list":["post-17013","post","type-post","status-publish","format-standard","hentry","category-gundem","odd"],"_links":{"self":[{"href":"http:\/\/www.korhanyilmaz.com\/index.php?rest_route=\/wp\/v2\/posts\/17013","targetHints":{"allow":["GET"]}}],"collection":[{"href":"http:\/\/www.korhanyilmaz.com\/index.php?rest_route=\/wp\/v2\/posts"}],"about":[{"href":"http:\/\/www.korhanyilmaz.com\/index.php?rest_route=\/wp\/v2\/types\/post"}],"author":[{"embeddable":true,"href":"http:\/\/www.korhanyilmaz.com\/index.php?rest_route=\/wp\/v2\/users\/1"}],"replies":[{"embeddable":true,"href":"http:\/\/www.korhanyilmaz.com\/index.php?rest_route=%2Fwp%2Fv2%2Fcomments&post=17013"}],"version-history":[{"count":0,"href":"http:\/\/www.korhanyilmaz.com\/index.php?rest_route=\/wp\/v2\/posts\/17013\/revisions"}],"wp:attachment":[{"href":"http:\/\/www.korhanyilmaz.com\/index.php?rest_route=%2Fwp%2Fv2%2Fmedia&parent=17013"}],"wp:term":[{"taxonomy":"category","embeddable":true,"href":"http:\/\/www.korhanyilmaz.com\/index.php?rest_route=%2Fwp%2Fv2%2Fcategories&post=17013"},{"taxonomy":"post_tag","embeddable":true,"href":"http:\/\/www.korhanyilmaz.com\/index.php?rest_route=%2Fwp%2Fv2%2Ftags&post=17013"}],"curies":[{"name":"wp","href":"https:\/\/api.w.org\/{rel}","templated":true}]}}