{"id":17008,"date":"2009-12-08T22:59:03","date_gmt":"2009-12-08T20:59:03","guid":{"rendered":"http:\/\/www.korhanyilmaz.com\/?p=17008"},"modified":"2009-12-08T22:59:03","modified_gmt":"2009-12-08T20:59:03","slug":"dtp-davasindan-karar-cikmadi","status":"publish","type":"post","link":"http:\/\/www.korhanyilmaz.com\/?p=17008","title":{"rendered":"DTP davas\u0131ndan karar \u00e7\u0131kmad\u0131"},"content":{"rendered":"<p style=\"text-align: justify;\"><a href=\"http:\/\/www.korhanyilmaz.com\/wp-content\/uploads\/2009\/12\/TURK.jpg\"  class=\"lightview\"><img loading=\"lazy\" decoding=\"async\" class=\"aligncenter size-full wp-image-17009\" src=\"http:\/\/www.korhanyilmaz.com\/wp-content\/uploads\/2009\/12\/TURK.jpg\" alt=\"\" width=\"306\" height=\"235\" \/><\/a><\/p>\n<p style=\"text-align: justify;\">Anayasa Mahkemesi, Demokratik Toplum Partisi&#8217;nin (DTP) kapat\u0131lmas\u0131 istemiyle a\u00e7\u0131lan davay\u0131 bug\u00fcn esastan g\u00f6r\u00fc\u015ft\u00fc. Gazetecilere a\u00e7\u0131klama yapan Ha\u015fim K\u0131l\u0131\u00e7, karar\u0131n cuma g\u00fcn\u00fcnden \u00f6nce \u00e7\u0131kmayaca\u011f\u0131n\u0131 s\u00f6yledi.<\/p>\n<p style=\"text-align: justify;\">DTP hakk\u0131nda a\u00e7\u0131lan kapatma davas\u0131n\u0131 saat 09.30&#8217;da g\u00f6r\u00fc\u015fmeye ba\u015flayan Anayasa Mahkemesi, bug\u00fcnk\u00fc m\u00fczakeresini tamamlad\u0131. <!--more--><\/p>\n<p style=\"text-align: justify;\">DTP hakk\u0131ndaki kapatma davas\u0131nda, karar i\u00e7in toplanan Anayasa Mahkemesi&#8217;nin ilk g\u00fcnk\u00fc m\u00fczakeresi yakla\u015f\u0131k 12 saat s\u00fcrd\u00fc.<\/p>\n<p style=\"text-align: justify;\">Y\u00fcksek Mahkeme heyeti, karar verene kadar aral\u0131ks\u0131z her g\u00fcn bir araya gelecek.<\/p>\n<p style=\"text-align: justify;\">Anayasa Mahkemesi Ba\u015fkan\u0131 Ha\u015fim K\u0131l\u0131\u00e7, DTP hakk\u0131ndaki kapatma davas\u0131na ili\u015fkin &#8220;Cuma g\u00fcn\u00fcnden \u00f6nce bir \u015fey \u00e7\u0131kmas\u0131 m\u00fcmk\u00fcn de\u011fil&#8221; dedi.<\/p>\n<p style=\"text-align: justify;\">K\u0131l\u0131\u00e7, DTP hakk\u0131ndaki kapatma davas\u0131nda, Y\u00fcksek Mahkeme&#8217;nin ilk g\u00fcnk\u00fc m\u00fczakeresinin ard\u0131ndan bas\u0131n mensuplar\u0131na a\u00e7\u0131klamalarda bulundu.<\/p>\n<p style=\"text-align: justify;\">&#8220;Herhangi bir sonu\u00e7 a\u00e7\u0131klayacak de\u011filim. Sadece size \u00e7al\u0131\u015fmalar\u0131m\u0131z\u0131n safahat\u0131yla ilgili k\u00fc\u00e7\u00fck bir bilgi vermek istiyorum&#8221; diyen K\u0131l\u0131\u00e7, &#8220;Cuma g\u00fcn\u00fcnden \u00f6nce bir karar \u00e7\u0131kmas\u0131 m\u00fcmk\u00fcn g\u00f6z\u00fckm\u00fcyor. O nedenle Cuma g\u00fcn\u00fcne kadar rahatl\u0131kla i\u015finize bakabilirsiniz. Cuma g\u00fcn\u00fc yeniden bir de\u011ferlendirme yap\u0131p size o de\u011ferlendirmeyi a\u00e7\u0131klar\u0131z. E\u011fer bir sonu\u00e7 alacak gibi olursak Cuma g\u00fcn\u00fc bunu size a\u00e7\u0131klamak \u00fczere en k\u0131sa s\u00fcrede bilgi ula\u015ft\u0131r\u0131l\u0131r, ula\u015ft\u0131r\u0131lacak. Bu konuda endi\u015fe etmeyin, ama g\u00f6z\u00fcken o ki Cuma g\u00fcn\u00fcnden \u00f6nce bir \u015fey \u00e7\u0131kmas\u0131 m\u00fcmk\u00fcn de\u011fil&#8221; dedi.<\/p>\n<p style=\"text-align: justify;\">K\u0131l\u0131\u00e7, &#8220;Mahkeme heyetimiz delilleri tek tek de\u011ferlendirmek ve bu konudaki d\u00fc\u015f\u00fcncelerini uzun uzun anlatarak sonu\u00e7 almak durumundad\u0131r. O nedenle de malumunuz oldu\u011fu \u00fczere 141 adet delilin ortaya getirildi\u011fi bir davada, bunun bir zaman dilimi i\u00e7erisinde olaca\u011f\u0131, bir zaman alaca\u011f\u0131 normal kar\u015f\u0131lanmal\u0131d\u0131r. O nedenle bu konuda \u00e7ok fazla heyecanlanmay\u0131n, sonu\u00e7 beklemeyin. O y\u00f6n\u00fcyle ifade ediyorum Cuma g\u00fcn\u00fcnden \u00f6nce bir sonu\u00e7 al\u0131nmas\u0131 g\u00f6z\u00fckm\u00fcyor. E\u011fer Cuma b\u00f6yle bir \u015fey olursa size bunu a\u00e7\u0131klar\u0131m, s\u00f6ylerim&#8221; diye konu\u015ftu.<\/p>\n<p style=\"text-align: justify;\">Sorular\u0131 da yan\u0131tlayan K\u0131l\u0131\u00e7, bir soru \u00fczerine, &#8220;E\u011fer bitiremezsek devam edece\u011fiz. Konu sonu\u00e7lanana kadar devam edece\u011fiz&#8221; dedi.<\/p>\n<p style=\"text-align: justify;\">K\u0131l\u0131\u00e7, &#8220;Hazine yard\u0131m\u0131 ile ilgili s\u00fcrekli tart\u0131\u015f\u0131lan bir konu var, Parti Hazine yard\u0131m\u0131 almad\u0131\u011f\u0131 i\u00e7in. Bunu bir \u00f6n sorun olarak g\u00f6rd\u00fcn\u00fcz m\u00fc?&#8221; sorusuna, &#8220;Hay\u0131r, bir de\u011ferlendirme yapmad\u0131k. \u00c7\u00fcnk\u00fc \u015fu anda daha delillerin de\u011ferlendirilmesi ile ilgili a\u015famay\u0131 g\u00f6t\u00fcr\u00fcyoruz, usul sorunlar\u0131 var, onlar\u0131 y\u00fcr\u00fct\u00fcyoruz. O konuda geni\u015f de\u011ferlendirmeler yap\u0131yor arkada\u015flar\u0131m\u0131z. O nedenle \u00e7ok k\u0131sa bir s\u00fcre i\u00e7erisinde sonu\u00e7 \u00e7\u0131kaca\u011fa benzemiyor&#8221; yan\u0131t\u0131n\u0131 verdi.<\/p>\n<p style=\"text-align: justify;\">&#8220;\u00c7al\u0131\u015fma s\u00fcresi her g\u00fcn bu kadar m\u0131 olacak?&#8221; sorusu \u00fczerine K\u0131l\u0131\u00e7, &#8220;Evet, ge\u00e7 saatlere kadar b\u00f6yle devam edece\u011fiz&#8221; dedi.<\/p>\n<p style=\"text-align: justify;\">K\u0131l\u0131\u00e7, &#8220;Usul sorunlar\u0131 ile ilgili herhangi bir ara karar verildi mi?&#8221; sorusuna, &#8220;Tabii ki&#8221; yan\u0131t\u0131n\u0131 verdi.<\/p>\n<p style=\"text-align: justify;\">Ara karar\u0131 a\u00e7\u0131klayamayaca\u011f\u0131n\u0131 ifade eden K\u0131l\u0131\u00e7, &#8220;Dava sonu\u00e7land\u0131\u011f\u0131 anda bunlarla ilgili sordu\u011funuz zaman gerekli bilgiler verilecektir&#8221; diye yan\u0131tlad\u0131. Ha\u015fim K\u0131l\u0131\u00e7, bir ba\u015fka soru \u00fczerine de Cuma g\u00fcn\u00fcne kadar b\u00f6yle ge\u00e7 vakitlere kadar aral\u0131ks\u0131z \u00e7al\u0131\u015facaklar\u0131n\u0131 dile getirdi.<\/p>\n<p style=\"text-align: justify;\"><strong><em>Ahmet T\u00fcrk: &#8220;Cuma g\u00fcn\u00fc bile erken&#8221; <\/em><\/strong><\/p>\n<p style=\"text-align: justify;\">Ha\u015fim K\u0131l\u0131\u00e7&#8217;\u0131n a\u00e7\u0131klamas\u0131n\u0131 de\u011ferlendiren DTP Genel Ba\u015fkan\u0131 Ahmet T\u00fcrk ise  &#8220;Bizim de\u011ferlendirme yapmam\u0131z do\u011fru de\u011fil. \u00c7ok \u00f6nemli bir dava. 221 ki\u015fiye siyasi yasak isteniyor. Cuma g\u00fcn\u00fc bile karar i\u00e7in erken&#8221; yorumunda bulundu.<\/p>\n<p style=\"text-align: justify;\"><strong><em>DTP davas\u0131 <\/em><\/strong><\/p>\n<p style=\"text-align: justify;\">Yarg\u0131tay Cumhuriyet Ba\u015fsavc\u0131l\u0131\u011f\u0131, DTP&#8217;nin, &#8220;Devletin \u00fclkesi ve milletiyle b\u00f6l\u00fcnmez b\u00fct\u00fcnl\u00fc\u011f\u00fc aleyhine eylemlerin oda\u011f\u0131&#8221; haline geldi\u011fi gerek\u00e7esiyle, &#8220;Temelli kapat\u0131lmas\u0131&#8221; istemiyle 16 Kas\u0131m 2007&#8217;de dava a\u00e7m\u0131\u015ft\u0131.<\/p>\n<p style=\"text-align: justify;\">G\u00f6revlendirilen raport\u00f6rler, raporu tamamlayarak Anayasa Mahkemesi Ba\u015fkan\u0131 Ha\u015fim K\u0131l\u0131\u00e7&#8217;a teslim etmi\u015fti. Raporun, Anayasa Mahkemesi heyetini ba\u011flay\u0131c\u0131l\u0131\u011f\u0131 bulunmuyor.<\/p>\n<p style=\"text-align: justify;\">\u0130ddianamede, kapatma talebiyle birlikte milletvekilleri DTP Genel Ba\u015fkan\u0131 Ahmet T\u00fcrk, Aysel Tu\u011fluk, Sebahat Tuncel, Osman \u00d6z\u00e7elik, \u0130brahim Binici, Selahattin Demirta\u015f, Sevahir Bay\u0131nd\u0131r ve Fatma Kurtulan&#8217;\u0131n da aralar\u0131nda bulundu\u011fu 221 parti \u00fcyesi hakk\u0131nda Anayasa&#8217;n\u0131n 69\/9 ve Siyasi Partiler Yasas\u0131&#8217;n\u0131n 95. maddeleri uyar\u0131nca, siyasi yasak getirilmesi isteniyor.<\/p>\n<p style=\"text-align: justify;\">Anayasa&#8217;ya g\u00f6re bir siyasi partinin kapat\u0131lmas\u0131na karar verilebilmesi i\u00e7in nitelikli \u00e7o\u011funlu\u011fun oyu aranacak. Buna g\u00f6re, kapatma karar\u0131 i\u00e7in Anayasa Mahkemesi&#8217;nin 11 as\u0131l \u00fcyesinin en az 7&#8217;sinin oyu gerekecek.<\/p>\n<p style=\"text-align: justify;\">Ba\u015fsavc\u0131l\u0131\u011f\u0131n iddianamesinde, &#8220;Devletin \u00fclkesi ve milletiyle b\u00f6l\u00fcnmez b\u00fct\u00fcnl\u00fc\u011f\u00fcne ayk\u0131r\u0131 eylemlerin oda\u011f\u0131 haline gelen ve Anayasa&#8217;n\u0131n 68. maddesinin d\u00f6rd\u00fcnc\u00fc f\u0131kras\u0131na, 2820 say\u0131l\u0131 Siyasi Partiler Yasas\u0131&#8217;n\u0131n 78, 80, 81, 82. ve 90. maddelerine ayk\u0131r\u0131 eylemlerde bulundu\u011fu a\u00e7\u0131k\u00e7a anla\u015f\u0131lan Demokratik Toplum Partisi&#8217;nin, Anayasa&#8217;n\u0131n 69. maddesinin alt\u0131nc\u0131 f\u0131kras\u0131 ile 2820 say\u0131l\u0131 Yasa&#8217;n\u0131n 101\/1-b ve 103. maddeleri gere\u011fince temelli kapat\u0131lmas\u0131na&#8221; karar verilmesi istenmi\u015fti.<\/p>\n<p style=\"text-align: justify;\">\u0130ddianamede, partinin kapat\u0131lmas\u0131na beyan ve faaliyetleri ile neden olan 221 ki\u015finin, temelli kapat\u0131lmaya ili\u015fkin karar\u0131n Resmi Gazete&#8217;de yay\u0131nlanmas\u0131ndan itibaren 5 y\u0131l s\u00fcreyle bir ba\u015fka siyasi partinin kurucusu, y\u00f6neticisi, deneticisi ve \u00fcyesi olamayacaklar\u0131na karar verilmesi de talep edilmi\u015fti.<\/p>\n<p style=\"text-align: justify;\"><strong><em>Hakk\u0131nda siyasi yasak istenen ki\u015filerin isimleri \u015f\u00f6yle: <\/em><\/strong><\/p>\n<p style=\"text-align: justify;\">&#8220;Ayd\u0131n Budak, Abdulkadir F\u0131rat, Abdullah \u0130sna\u00e7, Abdurrahim Bilen, Ahmet Aka, Ahmet Ay, Ahmet Ayd\u0131n, Ahmet Cengiz, Ahmet Nar\u0131m, Ahmet \u00d6zbay, Ahmet T\u00fcrk, Ahmet Yal\u00e7\u0131nta\u015f, Akif Hamito\u011flu, Alaattin Ege, Alaattin En\u00fcl, Ali Aslan, Ali Bozan, Ali G\u00fcn, Ali Sever, Arif Yayla, Aslan K\u0131z\u0131l, Ayfer Ekin, Ayhan Karabulut, Aynur Co\u015fkun, Aysel Tu\u011fluk, Ay\u015fe Arslan, Azize Ya\u011f\u0131z, Bahar Ye\u015filyurt, Bayram Bozan, Bedirhan Aklan, Bedri Arslan, Bedir F\u0131rat, Beh\u00e7et Tun\u00e7, Be\u015fir Bekle, Burak Avc\u0131, Burhan Y\u00fcrek, B\u00fcro G\u00f6rmez, Cafer Sel\u00e7uk, Cemal Co\u015fgun, Cemal Kuhak,<\/p>\n<p style=\"text-align: justify;\">Cemalettin Padir, \u00c7i\u00e7ek Ar\u0131\u00e7, \u00c7imen I\u015f\u0131k, Deniz Ye\u015filyurt, Dicle Manap, Do\u011fan Erba\u015f, Emin Uslu, Emral Da\u011fdelen, Erdo\u011fan Karaca, Ethem \u015eahin, Ey\u00fcphan Aksu, Ezgi Dursun, Fatma Kurtulan, Faysal Ya\u00e7an, Fehime Ete, Ferdi S\u00f6nmez, Ferhan T\u00fcrk, Ferit Datl\u0131, Fettah Dada\u015f, Fuat Arslan, Funda Apak, G\u00fclhan\u0131m Do\u011fan, G\u00fcr\u00fc Toprak, Hacer Ta\u015farsu, Hac\u0131 \u00d6zbay, Hac\u0131 \u00dczen, Halil Ad\u0131g\u00fczel, Halis Yurtsever, Halit Kahraman, Halit Ta\u015f\u00e7\u0131, Hatice Ad\u0131belli, Hazal Aras, Hediye Tekin, Hilmi Aydo\u011fdu, Hilmi Karao\u011flan, H\u00fcseyin Bekta\u015fo\u011flu, H\u00fcseyin \u00c7al\u0131\u015f\u00e7\u0131,<\/p>\n<p style=\"text-align: justify;\">H\u00fcseyin Kalkan, H\u00fcseyin \u015eahin, H\u00fcseyin Y\u0131lmaz, H\u00fcsn\u00fc Koyuncu, \u0130brahim Binici, \u0130brahim Erkul, \u0130brahim Halil Par\u0131ldar, \u0130brahim Sunkur, \u0130hsan G\u00fcler, \u0130lhan \u00d6ymen, \u0130smet Aras, \u0130zzet Belge, Kemal Akta\u015f, Kemal \u00c7a\u011flan, Kenan Demir, Kudret Ecer, Leyla Zana, Lezgin Bing\u00f6l, Lezgin \u00d6rnek, L\u00fctfi Da\u011f, Mahmut Al\u0131nak, Mahmut Ayd\u0131nc\u0131, Mahmut G\u00fcng\u00f6r, Mahmut Kayar, Medeni K\u0131r\u0131c\u0131, Mehmet Ali \u00d6calan, Mehmet Ali Yaman, Mehmet Ayas, Mehmet Bayraktar,<\/p>\n<p style=\"text-align: justify;\">Mehmet Cevat \u0130nce, Mehmet Emin Acar, Mehmet Emin Yanarda\u011f, Mehmet Emin Y\u0131ld\u0131z, Mehmet Faik Ta\u015fk\u0131n, Mehmet Hatip Dicle, Mehmet \u0130nsan, Mehmet Kodaman, Mehmet Latif Alp, Mehmet Muhti Aslan, Mehmet Sait \u015ea\u015fmaz, Mehmet Salih Duran, Mehmet Salih Koca, Mehmet Salim Sa\u011flam, Mehmet Sefa G\u00fcng\u00f6r, Mehmet \u015eakar, Mehmet \u015eirin Karademir, Mehmet \u015eirin Tetik, Mehmet Tilki, Mehmet Top\u00e7u, Mehmet Tusun, Mehmet Veysi Dilek\u00e7i, Mehmet Ya\u015fik,<\/p>\n<p style=\"text-align: justify;\">Mehmet Zeki Do\u011fru, Meliha Var\u0131\u015fl\u0131, Menderes \u00d6ner, Merak Kurum, Metin Tek\u00e7e, Mikail Varhan, Muhlis Altun, Murat Avc\u0131, Murat Da\u015f, Murat \u00d6zt\u00fcrk, Musa Fariso\u011fullar\u0131, Mustafa Atmaca, Mustafa Eraslan, Mustafa Tu\u00e7, M\u00fcsl\u00fcm K\u0131l\u0131\u00e7, Nayif Co\u015fkun, Nazahat Kaya, Nazime Ceren Salmano\u011flu, Necdet Atalay, Nedim Ta\u015f, Nimet \u00d6zalp, Nizamettin \u00d6zt\u00fcrk, Nuray K\u0131l\u0131\u00e7, Nurettin Demirta\u015f, Nusrat Ak\u0131n, Onur Geldi, Orhan Miro\u011flu, Orhan Tun\u00e7, Osman Akkoyun, Osman Baydemir, Osman \u0130bek, Osman \u00d6z\u00e7elik, Osman Ta\u015fdemir, \u00d6mer A\u015fgakara, \u00d6mer Y\u0131lmaz, \u00d6zg\u00fcr S\u00f6ylemez,<\/p>\n<p style=\"text-align: justify;\">Pakize Uk\u015ful, Pelg\u00fczar Kayg\u0131s\u0131z, P\u0131nar Uzun, Ramazan \u00d6zmen, Resul Atay, Sabahat Tuncel, Sabri \u00c7elebi, Sabriye Burumtekin, Salih Karaaslan, Saniye Turhan, Sara Akta\u015f, Sebahattin I\u015f\u0131k, Sebahattin Suva\u011fc\u0131, Sedat Yurtta\u015f, Selahattin Demirta\u015f, Selim Engin, Selim Sadak, Selma Irmak, Selma S\u00f6ker, Serhat \u00d6lmez, Sevehir Bay\u0131nd\u0131r, Seydi Ahmet \u00d6calan, Seyithan K\u0131rar, S\u0131rr\u0131 Kele\u015f, S\u0131tk\u0131 Ads\u0131z, Sibel \u00d6z,<\/p>\n<p style=\"text-align: justify;\">Sinem Aky\u00fcz, Sima Dorak, Sinan U\u011fur, Sultan U\u011fra\u015f, Suna Akku\u015f, S\u00fcleyman K\u0131l\u0131\u00e7, \u015eaban Y\u0131lmaz, \u015eakir Acar, \u015e\u00fckr\u00fc Binici, Tamer Temel, Taylan G\u00fcrel, Tuncer Bak\u0131rhan, T\u00fcrkan Y\u00fcksel, U\u011fur Sara\u00e7, Vakkas Dalk\u0131l\u0131\u00e7, Veli Aramaz, Yakup Aslan, Y\u0131ld\u0131z Akta\u015f, Y\u0131ld\u0131z Bah\u00e7eci, Yusuf Kaya, Yusuf Tokdemir, Y\u00fcksel \u0130\u011fdeli, Zahide Besin, Zeki Aslan, Zeynep Do\u011fan, Zeynep Karaman, Ziver G\u00fcm\u00fc\u015f ve Ziya Akdemir.&#8221;<\/p>\n<p style=\"text-align: justify;\">Ba\u015fka bir parti \u00fcyesi olan ve isim benzerli\u011fi nedeniyle listeye al\u0131nan Halil \u0130mrek ile iddianamenin haz\u0131rlanmas\u0131ndan sonra \u00f6len Fevzi Kara, siyasi yasak istemli listeden \u00e7\u0131kar\u0131ld\u0131.<\/p>\n<p style=\"text-align: justify;\">B\u00f6ylece, siyasi yasak istenenlerin say\u0131s\u0131 221&#8217;den 219&#8217;a d\u00fc\u015ft\u00fc. \u0130ddianamede ayr\u0131ca, &#8220;Daval\u0131 partinin dava s\u00fcresince yap\u0131lacak se\u00e7imlere kat\u0131lamayaca\u011f\u0131na&#8221;, &#8220;Dava tarihinde parti b\u00fcnyesinde \u00fcye, y\u00f6netici, belediye ba\u015fkan\u0131 ve milletvekili olarak g\u00f6rev alanlar\u0131n bir ba\u015fka siyasi parti listesinden veya ba\u011f\u0131ms\u0131z olarak dava s\u00fcresince se\u00e7imlere kat\u0131lamayaca\u011f\u0131na&#8221;, &#8220;Daval\u0131 partiye \u00f6denebilecek hazine yard\u0131mlar\u0131n\u0131n banka hesab\u0131nda blokesine&#8221; ve &#8220;Daval\u0131 partinin \u00fcye kay\u0131tlar\u0131n\u0131n durdurulmas\u0131na&#8221; karar verilmesi de istenmi\u015fti.<\/p>\n<p style=\"text-align: justify;\"><span style=\"color: #888888;\">CNN T\u00dcRK<\/span><\/p>\n","protected":false},"excerpt":{"rendered":"<p style=\"text-align: justify;\">\n<p style=\"text-align: justify;\">Anayasa Mahkemesi, Demokratik Toplum Partisi&#8217;nin (DTP) kapat\u0131lmas\u0131 istemiyle a\u00e7\u0131lan davay\u0131 bug\u00fcn esastan g\u00f6r\u00fc\u015ft\u00fc. Gazetecilere a\u00e7\u0131klama yapan Ha\u015fim K\u0131l\u0131\u00e7, karar\u0131n cuma g\u00fcn\u00fcnden \u00f6nce \u00e7\u0131kmayaca\u011f\u0131n\u0131 s\u00f6yledi.<\/p>\n<p style=\"text-align: justify;\">DTP hakk\u0131nda a\u00e7\u0131lan kapatma davas\u0131n\u0131 saat 09.30&#8217;da g\u00f6r\u00fc\u015fmeye ba\u015flayan Anayasa Mahkemesi, bug\u00fcnk\u00fc m\u00fczakeresini tamamlad\u0131. <\/p>\n","protected":false},"author":1,"featured_media":0,"comment_status":"open","ping_status":"closed","sticky":false,"template":"","format":"standard","meta":{"footnotes":""},"categories":[105],"tags":[],"class_list":["post-17008","post","type-post","status-publish","format-standard","hentry","category-gundem","odd"],"_links":{"self":[{"href":"http:\/\/www.korhanyilmaz.com\/index.php?rest_route=\/wp\/v2\/posts\/17008","targetHints":{"allow":["GET"]}}],"collection":[{"href":"http:\/\/www.korhanyilmaz.com\/index.php?rest_route=\/wp\/v2\/posts"}],"about":[{"href":"http:\/\/www.korhanyilmaz.com\/index.php?rest_route=\/wp\/v2\/types\/post"}],"author":[{"embeddable":true,"href":"http:\/\/www.korhanyilmaz.com\/index.php?rest_route=\/wp\/v2\/users\/1"}],"replies":[{"embeddable":true,"href":"http:\/\/www.korhanyilmaz.com\/index.php?rest_route=%2Fwp%2Fv2%2Fcomments&post=17008"}],"version-history":[{"count":0,"href":"http:\/\/www.korhanyilmaz.com\/index.php?rest_route=\/wp\/v2\/posts\/17008\/revisions"}],"wp:attachment":[{"href":"http:\/\/www.korhanyilmaz.com\/index.php?rest_route=%2Fwp%2Fv2%2Fmedia&parent=17008"}],"wp:term":[{"taxonomy":"category","embeddable":true,"href":"http:\/\/www.korhanyilmaz.com\/index.php?rest_route=%2Fwp%2Fv2%2Fcategories&post=17008"},{"taxonomy":"post_tag","embeddable":true,"href":"http:\/\/www.korhanyilmaz.com\/index.php?rest_route=%2Fwp%2Fv2%2Ftags&post=17008"}],"curies":[{"name":"wp","href":"https:\/\/api.w.org\/{rel}","templated":true}]}}