{"id":17004,"date":"2009-12-08T22:44:07","date_gmt":"2009-12-08T20:44:07","guid":{"rendered":"http:\/\/www.korhanyilmaz.com\/?p=17004"},"modified":"2009-12-08T22:44:07","modified_gmt":"2009-12-08T20:44:07","slug":"chpli-vekilden-halk-isterse-darbe-olur-cikisi","status":"publish","type":"post","link":"http:\/\/www.korhanyilmaz.com\/?p=17004","title":{"rendered":"CHP&#039;li vekilden &quot;halk isterse darbe olur&quot; \u00e7\u0131k\u0131\u015f\u0131"},"content":{"rendered":"<p style=\"text-align: center;\"><a href=\"http:\/\/www.korhanyilmaz.com\/wp-content\/uploads\/2009\/12\/CHP.jpg\"  class=\"lightview\"><img loading=\"lazy\" decoding=\"async\" class=\"aligncenter size-full wp-image-17005\" src=\"http:\/\/www.korhanyilmaz.com\/wp-content\/uploads\/2009\/12\/CHP.jpg\" alt=\"\" width=\"307\" height=\"236\" \/><\/a><\/p>\n<p style=\"text-align: justify;\">KEY \u00f6demelerine ili\u015fkin kanun tasar\u0131s\u0131n\u0131n g\u00f6r\u00fc\u015fmelerine &#8220;darbe&#8221; tart\u0131\u015fmas\u0131yla ba\u015fland\u0131. CHP \u0130stanbul Milletvekili Esfender Korkmaz, &#8220;Halk\u0131n, m\u00fcdahalenin zaruri hale geldi\u011fine karar vermesi durumunda darbenin olaca\u011f\u0131n\u0131&#8221; belirtirken, AK Parti Kocaeli Milletvekili Fikri I\u015f\u0131k, &#8220;12 Eyl\u00fcl&#8217;e zemin haz\u0131rlamak i\u00e7in binlerce gen\u00e7 topra\u011fa gitmedi mi? Darbeler iktidara de\u011fil, demokrasiye kar\u015f\u0131 yap\u0131l\u0131r&#8221; dedi.<!--more--><\/p>\n<p style=\"text-align: justify;\">TBMM Genel Kurulu&#8217;nda, Konut Edindirme Yard\u0131m\u0131 Hak Sahiplerine \u00d6deme Yap\u0131lmas\u0131na Dair Kanunda De\u011fi\u015fiklik Yap\u0131lmas\u0131na \u0130li\u015fkin Kanun Tasar\u0131s\u0131n\u0131n g\u00f6r\u00fc\u015fmelerine ba\u015fland\u0131.<\/p>\n<p style=\"text-align: justify;\">Tasar\u0131n\u0131n t\u00fcm\u00fc \u00fczerinde CHP grubu ad\u0131na konu\u015fan Esfender Korkmaz, tasar\u0131ya ili\u015fkin ele\u015ftirilerde bulundu.<\/p>\n<p style=\"text-align: justify;\">KEY \u00f6demelerinin 15 milyon ki\u015fiyi ilgilendirdi\u011fini belirten Korkmaz, tasar\u0131n\u0131n bu \u015fekliyle ge\u00e7mesi halinde bir\u00e7ok sorunun giderilmemi\u015f olaca\u011f\u0131n\u0131 kaydetti.<\/p>\n<p style=\"text-align: justify;\">Esfender Korkmaz, \u00f6demeyi hak etti\u011fi halde ba\u015fvurmam\u0131\u015f ki\u015filer oldu\u011funu s\u00f6yledi.<\/p>\n<p style=\"text-align: justify;\">Ba\u015fvurmayan hak sahiplerine de \u00f6deme yap\u0131lmas\u0131 gerekti\u011fine i\u015faret eden Korkmaz, KEY \u00f6demelerindeki gecikme i\u00e7in Meclis Ara\u015ft\u0131rmas\u0131 a\u00e7\u0131lmas\u0131n\u0131 istedi.<\/p>\n<p style=\"text-align: justify;\">\u00d6demelerin gecikmesinin devletin zay\u0131flat\u0131lmas\u0131na neden olaca\u011f\u0131n\u0131 dile getiren Esfender Korkmaz, &#8220;Devlet, zay\u0131flat\u0131lmas\u0131na neden olacak \u015feyler i\u00e7in taviz vermemelidir. Ancak devletin verdi\u011fi taviz, ter\u00f6r \u00f6rg\u00fct\u00fc ile devletin ayn\u0131 kefeye konulmas\u0131na neden olmu\u015ftur. \u00dclkede son g\u00fcnlerde bir kaos ortam\u0131 yarat\u0131lmak istenmektedir. Acaba bir sava\u015f haz\u0131rl\u0131\u011f\u0131 m\u0131 vard\u0131r? Bir fabrika sahibi, ya\u015fanan bu son olaylar nedeniyle i\u015f\u00e7ilere izin verdi\u011fini s\u00f6yledi&#8221; diye konu\u015ftu.<\/p>\n<p style=\"text-align: justify;\">CHP&#8217;li Korkmaz, AK Parti s\u0131ralar\u0131ndan laf at\u0131lmas\u0131 \u00fczerine, &#8220;Ergenekon&#8217;un hesab\u0131n\u0131 da soraca\u011f\u0131z&#8221; dedi.<\/p>\n<p style=\"text-align: justify;\"><strong><em>&#8220;Halk isterse darbe olur&#8221; <\/em><\/strong><\/p>\n<p style=\"text-align: justify;\">Son g\u00fcnlerde ya\u015fanan siyasi kaosu H\u00fck\u00fcmetin yaratt\u0131\u011f\u0131n\u0131 iddia eden Korkmaz, iktidar\u0131n \u00e7e\u015fitli tavizler vererek, devletin zay\u0131flat\u0131lmas\u0131na neden oldu\u011funu kaydetti.<\/p>\n<p style=\"text-align: justify;\">Esfender Korkmaz, &#8220;Halk\u0131n tek g\u00fcvendi\u011fi orduya kar\u015f\u0131 da maalesef, asimetrik propaganda yap\u0131lmaktad\u0131r. Halk\u0131n y\u00fczde 85&#8217;i orduya g\u00fcvenmektedir. Bu kaoslar\u0131 kim \u00e7\u00f6zecek? E\u011fer siz \u00e7\u00f6zebilseydiniz bu kaoslar\u0131 yaratmazd\u0131n\u0131z. Hi\u00e7birimiz bu kaosu istemeyiz. Ben demiyorum ki T\u00fcrkiye&#8217;de illa m\u00fcdahale olsun. Ama halk m\u00fcdahalenin zaruri hale geldi\u011fine karar verirse olur&#8221; dedi.<\/p>\n<p style=\"text-align: justify;\">Korkmaz, &#8220;Bunu halka s\u00f6yletmeyin. E\u011fer halk T\u00fcrkiye&#8217;de bir m\u00fcdahale gerekti\u011fine inan\u0131rsa&#8230; Elbette kimsenin g\u00f6nl\u00fc buna raz\u0131 de\u011fil. E\u011fer halk T\u00fcrkiye&#8217;de kaosun \u00e7\u00f6z\u00fclmedi\u011fine kanaat getirir ve bu siyasi kaos i\u00e7inde \u00e7\u00f6z\u00fcm olmayaca\u011f\u0131na kanaat getirirse ve buna mecbur kal\u0131rsa bir m\u00fcdahale istemeye&#8230;. Bundan hi\u00e7birimiz ho\u015fnut olmay\u0131z. B\u00f6yle bir m\u00fcdahale olmadan biz \u00e7\u00f6zeriz. ABD&#8217;den yard\u0131m isteyerek, i\u00e7 sorunlar\u0131m\u0131z\u0131 \u00e7\u00f6zemeyiz&#8221; diye konu\u015ftu.<\/p>\n<p style=\"text-align: justify;\">AK Parti&#8217;li milletvekilleri, Korkmaz&#8217;\u0131n bu s\u00f6zlerine tepki g\u00f6sterdi.<\/p>\n<p style=\"text-align: justify;\">AK Parti Kocaeli Milletvekili Fikri I\u015f\u0131k da yapt\u0131\u011f\u0131 konu\u015fmada, \u00e7al\u0131\u015fanlardan 1995 y\u0131l\u0131na kadar, &#8220;size konut yapaca\u011f\u0131z&#8221; denilerek para topland\u0131\u011f\u0131n\u0131, ancak konutlar\u0131n yap\u0131lmad\u0131\u011f\u0131n\u0131 s\u00f6yledi.<\/p>\n<p style=\"text-align: justify;\">\u0130ktidara geldikten sonra yap\u0131lacak ilk i\u015fler aras\u0131na bu konuyu ald\u0131klar\u0131n\u0131 belirten I\u015f\u0131k, hak sahiplerine 14,5 milyar lira \u00f6deme yapt\u0131klar\u0131n\u0131 ifade etti. Fikri I\u015f\u0131k, bu tasar\u0131yla da baz\u0131 eksikliklerin giderilece\u011fini belirtti.<\/p>\n<p style=\"text-align: justify;\">MHP s\u0131ralar\u0131ndan laf at\u0131lmas\u0131 \u00fczerine I\u015f\u0131k, &#8220;Sizin d\u00f6neminizde bankalar batt\u0131, sizin \u00f6demeniz gereken paray\u0131, 20 milyar liray\u0131 biz \u00f6dedik&#8221; dedi.<\/p>\n<p style=\"text-align: justify;\">CHP&#8217;li Korkmaz&#8217;\u0131n konu\u015fmas\u0131n\u0131, talihsiz bir konu\u015fma olarak nitelendiren I\u015f\u0131k, &#8220;(Halk isterse darbe olur) dedi. 12 Eyl\u00fcl&#8217;e zemin haz\u0131rlamak i\u00e7in binlerce gen\u00e7 topra\u011fa gitmedi mi o zaman? 12 Eyl\u00fcl&#8217;e nas\u0131l gelindi\u011fini hepimiz biliyoruz. Sa\u011fc\u0131ya s\u0131k\u0131lan kur\u015funla, solcuya s\u0131k\u0131lan kur\u015funun ayn\u0131 oldu\u011fu g\u00f6r\u00fcld\u00fc. Peki siz bunlar\u0131 bildi\u011finiz halde nas\u0131l b\u00f6yle konu\u015fabiliyorsunuz?&#8221; diye sordu.<\/p>\n<p style=\"text-align: justify;\">I\u015f\u0131k, &#8220;Ter\u00f6r\u00fcn bitmesinden rahats\u0131z olanlar, \u00fclkede kar\u0131\u015f\u0131kl\u0131k \u00e7\u0131karmak i\u00e7in \u00e7abal\u0131yor. H\u00fck\u00fcmeti &#8216;ter\u00f6rle m\u00fczakere yap\u0131yor&#8217; diye ele\u015ftiriyorsunuz. H\u00fck\u00fcmet, ter\u00f6rle m\u00fczakere yapsayd\u0131, sokaktaki bu olaylar ya\u015fanmazd\u0131. Halk iktidar\u0131 se\u00e7er, istedi\u011fi zaman da iktidardan indirir. Darbeler iktidara de\u011fil, demokrasiye kar\u015f\u0131 yap\u0131l\u0131r. S\u00f6zlerinizi d\u00fczeltece\u011finizi \u00fcmit ediyorum&#8221; dedi.<\/p>\n<p style=\"text-align: justify;\">I\u015f\u0131k&#8217;\u0131n konu\u015fmas\u0131 s\u0131ras\u0131nda CHP ve MHP s\u0131ralar\u0131ndan s\u0131k s\u0131k laf at\u0131ld\u0131.<\/p>\n<p style=\"text-align: justify;\"><span style=\"color: #888888;\">CNN T\u00dcRK<\/span><\/p>\n","protected":false},"excerpt":{"rendered":"<p style=\"text-align: center;\">\n<p style=\"text-align: justify;\">KEY \u00f6demelerine ili\u015fkin kanun tasar\u0131s\u0131n\u0131n g\u00f6r\u00fc\u015fmelerine &#8220;darbe&#8221; tart\u0131\u015fmas\u0131yla ba\u015fland\u0131. CHP \u0130stanbul Milletvekili Esfender Korkmaz, &#8220;Halk\u0131n, m\u00fcdahalenin zaruri hale geldi\u011fine karar vermesi durumunda darbenin olaca\u011f\u0131n\u0131&#8221; belirtirken, AK Parti Kocaeli Milletvekili Fikri I\u015f\u0131k, &#8220;12 Eyl\u00fcl&#8217;e zemin haz\u0131rlamak i\u00e7in binlerce gen\u00e7 topra\u011fa gitmedi mi? Darbeler iktidara de\u011fil, demokrasiye kar\u015f\u0131 yap\u0131l\u0131r&#8221; dedi.<\/p>\n","protected":false},"author":1,"featured_media":0,"comment_status":"open","ping_status":"closed","sticky":false,"template":"","format":"standard","meta":{"footnotes":""},"categories":[105],"tags":[],"class_list":["post-17004","post","type-post","status-publish","format-standard","hentry","category-gundem","odd"],"_links":{"self":[{"href":"http:\/\/www.korhanyilmaz.com\/index.php?rest_route=\/wp\/v2\/posts\/17004","targetHints":{"allow":["GET"]}}],"collection":[{"href":"http:\/\/www.korhanyilmaz.com\/index.php?rest_route=\/wp\/v2\/posts"}],"about":[{"href":"http:\/\/www.korhanyilmaz.com\/index.php?rest_route=\/wp\/v2\/types\/post"}],"author":[{"embeddable":true,"href":"http:\/\/www.korhanyilmaz.com\/index.php?rest_route=\/wp\/v2\/users\/1"}],"replies":[{"embeddable":true,"href":"http:\/\/www.korhanyilmaz.com\/index.php?rest_route=%2Fwp%2Fv2%2Fcomments&post=17004"}],"version-history":[{"count":0,"href":"http:\/\/www.korhanyilmaz.com\/index.php?rest_route=\/wp\/v2\/posts\/17004\/revisions"}],"wp:attachment":[{"href":"http:\/\/www.korhanyilmaz.com\/index.php?rest_route=%2Fwp%2Fv2%2Fmedia&parent=17004"}],"wp:term":[{"taxonomy":"category","embeddable":true,"href":"http:\/\/www.korhanyilmaz.com\/index.php?rest_route=%2Fwp%2Fv2%2Fcategories&post=17004"},{"taxonomy":"post_tag","embeddable":true,"href":"http:\/\/www.korhanyilmaz.com\/index.php?rest_route=%2Fwp%2Fv2%2Ftags&post=17004"}],"curies":[{"name":"wp","href":"https:\/\/api.w.org\/{rel}","templated":true}]}}