{"id":16996,"date":"2009-12-07T19:41:50","date_gmt":"2009-12-07T17:41:50","guid":{"rendered":"http:\/\/www.korhanyilmaz.com\/?p=16996"},"modified":"2009-12-07T19:41:50","modified_gmt":"2009-12-07T17:41:50","slug":"kurt-acilimi-bitti-mi","status":"publish","type":"post","link":"http:\/\/www.korhanyilmaz.com\/?p=16996","title":{"rendered":"K\u00fcrt a\u00e7\u0131l\u0131m\u0131 bitti mi?"},"content":{"rendered":"<p style=\"text-align: center;\"><a href=\"http:\/\/www.korhanyilmaz.com\/wp-content\/uploads\/2009\/12\/besir.jpg\"  class=\"lightview\"><img loading=\"lazy\" decoding=\"async\" class=\"aligncenter size-full wp-image-16997\" src=\"http:\/\/www.korhanyilmaz.com\/wp-content\/uploads\/2009\/12\/besir.jpg\" alt=\"\" width=\"307\" height=\"236\" \/><\/a><\/p>\n<p style=\"text-align: justify;\">H\u00fck\u00fcmet &#8220;a\u00e7\u0131l\u0131m bitti&#8221; tart\u0131\u015fmalar\u0131na son noktay\u0131 koydu. \u0130\u00e7i\u015fleri Bakan\u0131 Be\u015fir Atalay &#8220;Bitmedi, bitmeyecek, s\u00fcre\u00e7te tek muhattab\u0131m\u0131z millet&#8221; dedi. Ama hem koordinat\u00f6r Bakan Atalay, hem de s\u00fcrecin \u00f6nemli ismi Tar\u0131m Bakan\u0131 Mehdi Eker yapt\u0131klar\u0131 a\u00e7\u0131klamalarda DTP&#8217;yi hedef ald\u0131lar. \u00d6zellikle de sokaktaki eylemler nedeniyle. <!--more--><\/p>\n<p style=\"text-align: justify;\">DTP&#8217;li Emine Ayna&#8217;ya g\u00f6re a\u00e7\u0131l\u0131m bitti, ama h\u00fck\u00fcmete g\u00f6re bitmedi.<\/p>\n<p style=\"text-align: justify;\">Bitmedi\u011fini de kritik s\u00fcre\u00e7te a\u00e7\u0131l\u0131m\u0131n koordinat\u00f6r bakan\u0131 \u0130\u00e7i\u015fleri Bakan\u0131 Be\u015fir Atalay a\u00e7\u0131klad\u0131, &#8220;Bizim muhattab\u0131m\u0131z millet&#8221; dedi.<\/p>\n<p style=\"text-align: justify;\">\u0130\u00e7i\u015fleri Bakan\u0131 sormakla kalmad\u0131, su\u00e7lad\u0131 da. \u00dcst\u00fc kapal\u0131 bir bi\u00e7imde yine DTP&#8217;yi&#8230;<\/p>\n<p style=\"text-align: justify;\">Atalay, &#8220;Sudan bahanelerle k\u00fc\u00e7\u00fck hesaplarla demokratik a\u00e7\u0131l\u0131m\u0131 sabote edenleri, milletimiz biliyor affetmeyecek. Bu s\u00fcreci ter\u00f6re kurban etmeyece\u011fiz&#8221; dedi.<\/p>\n<p style=\"text-align: justify;\">\u0130\u00e7i\u015fleri Bakan\u0131 a\u00e7\u0131l\u0131m\u0131n s\u00fcrece\u011fini, ama  yasa d\u0131\u015f\u0131 eylemlerle m\u00fccadelenin de devam edece\u011fini s\u00f6yledi, &#8220;provokatif eylemleri yak\u0131ndan takip ediyoruz gerekeni yap\u0131yoruz&#8221; diye konu\u015ftu.<\/p>\n<p style=\"text-align: justify;\">Kabinenin bu s\u00fcre\u00e7te bir di\u011fer \u00f6nemli ismi Diyarbak\u0131r Milletvekili Tar\u0131m Bakan\u0131 Mehdi Eker de CNN T\u00dcRK&#8217;e konu\u015ftu. Eylemlerle ilgili Ahmet T\u00fcrk&#8217;\u00fcn &#8220;DTP&#8217;nin politikas\u0131 de\u011fil&#8221; s\u00f6zlerini hedef ald\u0131.<\/p>\n<p style=\"text-align: justify;\">Her iki bakana DTP&#8217;li Emine Ayna&#8217;dan gelen ve tart\u0131\u015fma yaratan a\u00e7\u0131klama da soruldu. Yani &#8220;Parti kapat\u0131l\u0131rsa taban\u0131m\u0131z da\u011fa \u00e7\u0131kmam\u0131z\u0131 istiyor &#8221; a\u00e7\u0131klamas\u0131.<\/p>\n<p style=\"text-align: justify;\">Be\u015fir Atalay &#8220;Kendileri bilirler &#8221; derken, Mehdi Eker ise &#8220;Hangi DTP&#8217;ye inanaca\u011f\u0131z? DTP&#8217;nin s\u00f6zc\u00fcs\u00fc kim, Ahmet T\u00fcrk m\u00fc yoksa Emine Ayna m\u0131?&#8221; sorular\u0131n\u0131 y\u00f6neltti.<\/p>\n<p style=\"text-align: justify;\"><strong><em>Ve kapatma davas\u0131&#8230; <\/em><\/strong><\/p>\n<p style=\"text-align: justify;\">DTP&#8217;ye y\u00f6nelik kapatma davas\u0131n\u0131n olas\u0131 sonu\u00e7lar\u0131 da iki bakan\u0131n da g\u00fcndemindeydi. Bakan Atalay, &#8220;DTP kapat\u0131l\u0131rsa s\u00fcre\u00e7 zora girer yorumlar\u0131na&#8221; kar\u015f\u0131 ise temkinliydi.<\/p>\n<p style=\"text-align: justify;\">Atalay, &#8220;Biz prensip olarak parti kapatmalara kar\u015f\u0131y\u0131z. S\u00fcreci y\u00fcr\u00fctenler olarak olabilecekleri dikkatli \u015fekilde de\u011ferlendiriyoruz&#8221; de\u011ferlendirmesinde bulundu.<\/p>\n<p style=\"text-align: justify;\">Tar\u0131m Bakan\u0131 Mehdi Eker de &#8220;Parti kapatmalara kar\u015f\u0131y\u0131z, ama DTP de kapat\u0131lmay\u0131 istmemeli&#8221; diye konu\u015ftu.<\/p>\n<p style=\"text-align: justify;\"><span style=\"color: #888888;\">CNN T\u00dcRK<\/span><\/p>\n","protected":false},"excerpt":{"rendered":"<p style=\"text-align: center;\">\n<p style=\"text-align: justify;\">H\u00fck\u00fcmet &#8220;a\u00e7\u0131l\u0131m bitti&#8221; tart\u0131\u015fmalar\u0131na son noktay\u0131 koydu. \u0130\u00e7i\u015fleri Bakan\u0131 Be\u015fir Atalay &#8220;Bitmedi, bitmeyecek, s\u00fcre\u00e7te tek muhattab\u0131m\u0131z millet&#8221; dedi. Ama hem koordinat\u00f6r Bakan Atalay, hem de s\u00fcrecin \u00f6nemli ismi Tar\u0131m Bakan\u0131 Mehdi Eker yapt\u0131klar\u0131 a\u00e7\u0131klamalarda DTP&#8217;yi hedef ald\u0131lar. \u00d6zellikle de sokaktaki eylemler nedeniyle. <\/p>\n","protected":false},"author":1,"featured_media":0,"comment_status":"open","ping_status":"closed","sticky":false,"template":"","format":"standard","meta":{"footnotes":""},"categories":[105],"tags":[],"class_list":["post-16996","post","type-post","status-publish","format-standard","hentry","category-gundem","odd"],"_links":{"self":[{"href":"http:\/\/www.korhanyilmaz.com\/index.php?rest_route=\/wp\/v2\/posts\/16996","targetHints":{"allow":["GET"]}}],"collection":[{"href":"http:\/\/www.korhanyilmaz.com\/index.php?rest_route=\/wp\/v2\/posts"}],"about":[{"href":"http:\/\/www.korhanyilmaz.com\/index.php?rest_route=\/wp\/v2\/types\/post"}],"author":[{"embeddable":true,"href":"http:\/\/www.korhanyilmaz.com\/index.php?rest_route=\/wp\/v2\/users\/1"}],"replies":[{"embeddable":true,"href":"http:\/\/www.korhanyilmaz.com\/index.php?rest_route=%2Fwp%2Fv2%2Fcomments&post=16996"}],"version-history":[{"count":0,"href":"http:\/\/www.korhanyilmaz.com\/index.php?rest_route=\/wp\/v2\/posts\/16996\/revisions"}],"wp:attachment":[{"href":"http:\/\/www.korhanyilmaz.com\/index.php?rest_route=%2Fwp%2Fv2%2Fmedia&parent=16996"}],"wp:term":[{"taxonomy":"category","embeddable":true,"href":"http:\/\/www.korhanyilmaz.com\/index.php?rest_route=%2Fwp%2Fv2%2Fcategories&post=16996"},{"taxonomy":"post_tag","embeddable":true,"href":"http:\/\/www.korhanyilmaz.com\/index.php?rest_route=%2Fwp%2Fv2%2Ftags&post=16996"}],"curies":[{"name":"wp","href":"https:\/\/api.w.org\/{rel}","templated":true}]}}