{"id":16985,"date":"2009-12-07T18:12:18","date_gmt":"2009-12-07T16:12:18","guid":{"rendered":"http:\/\/www.korhanyilmaz.com\/?p=16985"},"modified":"2009-12-07T18:12:18","modified_gmt":"2009-12-07T16:12:18","slug":"basbakan-erdogan-beyaz-sarayda","status":"publish","type":"post","link":"http:\/\/www.korhanyilmaz.com\/?p=16985","title":{"rendered":"Ba\u015fbakan Erdo\u011fan Beyaz Saray&#8217;da"},"content":{"rendered":"<p style=\"text-align: center;\"><a href=\"http:\/\/www.korhanyilmaz.com\/wp-content\/uploads\/2009\/12\/erdogan2.jpg\"  class=\"lightview\"><img loading=\"lazy\" decoding=\"async\" class=\"aligncenter size-full wp-image-16986\" src=\"http:\/\/www.korhanyilmaz.com\/wp-content\/uploads\/2009\/12\/erdogan2.jpg\" alt=\"\" width=\"306\" height=\"234\" \/><\/a><\/p>\n<p style=\"text-align: justify;\">Ba\u015fbakan Recep Tayyip Erdo\u011fan ile ABD Ba\u015fkan\u0131 Barack Obama&#8217;n\u0131n g\u00f6r\u00fc\u015fmesi ba\u015flad\u0131. Erdo\u011fan, T\u00fcrkiye saatiyle 18.35&#8217;te Beyaz Saray&#8217;a geldi. Bulu\u015fmada kritik ba\u015fl\u0131klar Afganistan ve \u0130ran.<\/p>\n<p style=\"text-align: justify;\">Ba\u015fbakan Recep Tayyip Erdo\u011fan ile ABD Ba\u015fkan\u0131 Barack Obama aras\u0131ndaki g\u00f6r\u00fc\u015fme ba\u015flad\u0131. <!--more--><\/p>\n<p style=\"text-align: justify;\">Ba\u015fbakan Erdo\u011fan, g\u00f6r\u00fc\u015fme i\u00e7in saat 18.53&#8217;te geldi\u011fi Beyaz Saray&#8217;da \u00f6nce Roosevelt Salonu&#8217;ndaki Beyaz Saray \u00d6zel Defteri&#8217;ni imzalad\u0131, ard\u0131ndan g\u00f6r\u00fc\u015fmeye ge\u00e7ildi.<\/p>\n<p style=\"text-align: justify;\">Erdo\u011fan ve beraberindeki heyeti Beyaz Saray&#8217;da ABD Protokol \u015eefi Capricia Penawac Marshall kar\u015f\u0131lad\u0131.<\/p>\n<p style=\"text-align: justify;\">G\u00f6r\u00fc\u015fmeye Devlet Bakan\u0131 ve Ba\u015fbakan Yard\u0131mc\u0131s\u0131 Ali Babacan, D\u0131\u015fi\u015fleri Bakan\u0131 Ahmet Davuto\u011flu, Devlet Bakan\u0131 ve Ba\u015fm\u00fczakereci Egemen Ba\u011f\u0131\u015f, Bay\u0131nd\u0131rl\u0131k ve \u0130skan Bakan\u0131 Mustafa Demir, Genelkurmay \u0130kinci Ba\u015fkan\u0131 Orgeneral Aslan G\u00fcner, AK Parti Genel Ba\u015fkan Yard\u0131mc\u0131s\u0131 K\u00fcr\u015fad T\u00fczmen ve T\u00fcrkiye&#8217;nin Washington B\u00fcy\u00fckel\u00e7isi Nabi \u015eensoy da kat\u0131ld\u0131.<\/p>\n<p style=\"text-align: justify;\">G\u00f6r\u00fc\u015fmede ABD taraf\u0131ndan da Ba\u015fkan Yard\u0131mc\u0131s\u0131 Joe Biden, Beyaz Saray Ulusal G\u00fcvenlik Dan\u0131\u015fman\u0131 James Jones ile yard\u0131mc\u0131s\u0131 Tom Donilon, D\u0131\u015fi\u015fleri Bakan\u0131 Hillary Clinton, ABD Ulusal G\u00fcvenlik Konseyinin Avrupa \u0130\u015flerinden Sorumlu K\u0131demli Direkt\u00f6r\u00fc Elizabeth Sherwood-Randall, Beyaz Saray \u00d6zel Kalem M\u00fcd\u00fcr\u00fc Rahm Emanuel ve ABD D\u0131\u015fi\u015fleri Bakanl\u0131\u011f\u0131n\u0131n Avrupa ve Avrasya i\u015flerinden sorumlu \u00fcst d\u00fczey yetkilisi Phil Gordon da haz\u0131r bulund\u0131.<\/p>\n<p style=\"text-align: justify;\">Erdo\u011fan, Obama ile d\u00fczenleyece\u011fi ortak bas\u0131n toplant\u0131s\u0131n\u0131n ard\u0131ndan Obama ile \u00e7al\u0131\u015fma yeme\u011finde yeniden biraraya gelecek.<\/p>\n<p style=\"text-align: justify;\">Erdo\u011fan&#8217;\u0131n daha sonra temaslar\u0131na ili\u015fkin olarak bir bas\u0131n toplant\u0131s\u0131 d\u00fczenlemesi bekleniyor.<\/p>\n<p style=\"text-align: justify;\">John Hopkins \u00dcniversitesi&#8217;nde, &#8220;21. Y\u00fczy\u0131lda Diplomasi Yoluyla Bar\u0131\u015f\u0131 Tesis Eden T\u00fcrkiye&#8221; konulu bir konu\u015fma yapacak olan Erdo\u011fan, d\u00fc\u015f\u00fcnce kurulu\u015fu SETA&#8217;n\u0131n d\u00fczenleyece\u011fi &#8220;D\u00fcnya Siyasetinde T\u00fcrkiye&#8221; ba\u015fl\u0131kl\u0131 toplant\u0131da da bir konu\u015fma ger\u00e7ekle\u015ftirecek.<\/p>\n<p style=\"text-align: justify;\"><strong><em>Kritik ba\u015fl\u0131klar <\/em><\/strong><\/p>\n<p style=\"text-align: justify;\">T\u00fcrk-Amerikan ili\u015fkileri \u00e7er\u00e7evesinde bu hafta en \u00e7ok tart\u0131\u015f\u0131lan konu \u015f\u00fcphesiz ki ABD&#8217;nin T\u00fcrkiye&#8217;den Afganistan&#8217;a muharip asker g\u00f6ndermesi istemi oldu.<\/p>\n<p style=\"text-align: justify;\">Ba\u015fbakan Erdo\u011fan&#8217;\u0131n Obama ile Beyaz Saray&#8217;\u0131n \u00fcnl\u00fc Oval Ofisi&#8217;nde yapaca\u011f\u0131 g\u00f6r\u00fc\u015fmede ku\u015fkusuz bu konu ele al\u0131nacak. Ama baz\u0131 s\u00f6ylentilerin aksine, Afganistan sorunu g\u00f6r\u00fc\u015fmelerin bir numaral\u0131 konusu olmayacak.<\/p>\n<p style=\"text-align: justify;\">&#8220;Bu bulu\u015fmada tart\u0131\u015f\u0131lacak en ivedi konu \u0130ran olacak&#8221; diyor, diplomatik kaynaklar. \u00c7\u00fcnk\u00fc, \u0130ran krizinin yeniden t\u0131rmanmaya y\u00fcz tuttu\u011fu bir s\u0131rada, bu sorun T\u00fcrk-Amerikan ili\u015fkilerinde olumsuz bir etken olma potansiyeline sahip.<\/p>\n<p style=\"text-align: justify;\">Temelde iki taraf da n\u00fckleer krizin diyalog ile \u00e7\u00f6z\u00fcmlenmesinden yana. Ancak bir ba\u015fka deyi\u015fle, T\u00fcrkiye&#8217;nin uluslararas\u0131 toplumun de\u011fil, \u0130ran&#8217;\u0131n taraf\u0131nda durmas\u0131 ho\u015f kar\u015f\u0131lanm\u0131yor.<\/p>\n<p style=\"text-align: justify;\">Hele \u0130ran&#8217;\u0131n ipleri koparan son \u00e7\u0131k\u0131\u015f\u0131ndan sonra, T\u00fcrkiye&#8217;nin G\u00fcvenlik Konseyi&#8217;nde k\u0131nama karar\u0131nda \u00e7ekimser davranmas\u0131 tepkiye yol a\u00e7m\u0131\u015ft\u0131.<\/p>\n<p style=\"text-align: justify;\">ABD&#8217;nin bu ay\u0131n sonunda \u0130ran&#8217;a kar\u015f\u0131 yapt\u0131r\u0131m karar\u0131 \u00e7\u0131karmak istemesi halinde T\u00fcrkiye&#8217;nin ne yapaca\u011f\u0131n\u0131n Oval Ofis&#8217;te tart\u0131\u015f\u0131lmas\u0131 ihtimali i\u015fte bu y\u00fczden \u00e7ok y\u00fcksek. Ve bu, T\u00fcrkiye&#8217;nin \u00f6ylesine kritik bir konuda Bat\u0131 ile birlikte hareket edip etmedi\u011finin bir s\u0131nav\u0131 olarak g\u00f6r\u00fclecek.<\/p>\n<p style=\"text-align: justify;\"><strong><em>PKK konusu da g\u00f6r\u00fc\u015f\u00fclecek <\/em><\/strong><\/p>\n<p style=\"text-align: justify;\">\u00d6te yandan Erdo\u011fan-Obama bulu\u015fmas\u0131, T\u00fcrkiye-ABD ili\u015fkilerinin son y\u0131llara oranla en m\u00fcsait ve cesaret verici oldu\u011fu bir d\u00f6neme rastl\u0131yor.<\/p>\n<p style=\"text-align: justify;\">ABD&#8217;nin Irak politikas\u0131ndan kaynaklanan sorunlar ve \u00f6zellikle Kuzey Irak&#8217;ta PKK&#8217;n\u0131n varl\u0131\u011f\u0131 iki \u00fclke aras\u0131nda Bush d\u00f6neminde, ciddi s\u00fcrt\u00fc\u015fmelere yol a\u00e7m\u0131\u015ft\u0131.<\/p>\n<p style=\"text-align: justify;\">Bu kez Oval Ofis&#8217;te bu konu yine g\u00f6r\u00fc\u015f\u00fclecek, ama farkl\u0131 bir perspektiften. Ba\u015fbakan&#8217;\u0131n bu ba\u011flamda ABD&#8217;den beklentilerini dile getirmesi kuvvetle muhtemel. Obama&#8217;n\u0131n da, T\u00fcrkiye&#8217;nin Kuzey Irak ve K\u00fcrt a\u00e7\u0131l\u0131m\u0131na deste\u011fini ifade  etmesi bekleniyor.<\/p>\n<p style=\"text-align: justify;\"><strong><em>Ermenistan a\u00e7\u0131l\u0131m\u0131 tart\u0131\u015f\u0131lacak <\/em><\/strong><\/p>\n<p style=\"text-align: justify;\">Oval Ofis&#8217;teki toplant\u0131da iki liderin konu\u015faca\u011f\u0131 iki konu daha var ki Ankara ile Washington aras\u0131nda bu konular daha s\u0131k\u0131 bir i\u015fbirli\u011fi gerektiriyor.<\/p>\n<p style=\"text-align: justify;\">Bunlardan biri Ermenistan a\u00e7\u0131l\u0131m\u0131&#8230; Ermeni lobisinin ve Kongresi&#8217;nin bask\u0131lar\u0131 alt\u0131nda Obama&#8217;n\u0131n, imzalanan protokollerin bir an \u00f6nce hayata ge\u00e7irilmesini isteyece\u011fi Erdo\u011fan&#8217;n\u0131n da bunun i\u00e7in ABD&#8217;nin Ermenistan&#8217;\u0131 Karaba\u011f konusunda s\u0131k\u0131\u015ft\u0131rmas\u0131n\u0131 talep etmesi bekleniyor.<\/p>\n<p style=\"text-align: justify;\">Di\u011fer konu ise K\u0131br\u0131s. \u0130ki taraf\u0131nda beklentilerinin oldu\u011fu K\u0131br\u0131s konusunda \u00e7\u00f6z\u00fcm i\u00e7in daha aktif bir i\u015fbirli\u011fi zemini olu\u015fturulmas\u0131 beklentiler aras\u0131nda.<\/p>\n<p style=\"text-align: justify;\"><span style=\"color: #888888;\">CNN T\u00dcRK<\/span><\/p>\n","protected":false},"excerpt":{"rendered":"<p style=\"text-align: center;\">\n<p style=\"text-align: justify;\">Ba\u015fbakan Recep Tayyip Erdo\u011fan ile ABD Ba\u015fkan\u0131 Barack Obama&#8217;n\u0131n g\u00f6r\u00fc\u015fmesi ba\u015flad\u0131. Erdo\u011fan, T\u00fcrkiye saatiyle 18.35&#8217;te Beyaz Saray&#8217;a geldi. Bulu\u015fmada kritik ba\u015fl\u0131klar Afganistan ve \u0130ran.<\/p>\n<p style=\"text-align: justify;\">Ba\u015fbakan Recep Tayyip Erdo\u011fan ile ABD Ba\u015fkan\u0131 Barack Obama aras\u0131ndaki g\u00f6r\u00fc\u015fme ba\u015flad\u0131. <\/p>\n","protected":false},"author":1,"featured_media":0,"comment_status":"open","ping_status":"closed","sticky":false,"template":"","format":"standard","meta":{"footnotes":""},"categories":[3],"tags":[],"class_list":["post-16985","post","type-post","status-publish","format-standard","hentry","category-dunya","odd"],"_links":{"self":[{"href":"http:\/\/www.korhanyilmaz.com\/index.php?rest_route=\/wp\/v2\/posts\/16985","targetHints":{"allow":["GET"]}}],"collection":[{"href":"http:\/\/www.korhanyilmaz.com\/index.php?rest_route=\/wp\/v2\/posts"}],"about":[{"href":"http:\/\/www.korhanyilmaz.com\/index.php?rest_route=\/wp\/v2\/types\/post"}],"author":[{"embeddable":true,"href":"http:\/\/www.korhanyilmaz.com\/index.php?rest_route=\/wp\/v2\/users\/1"}],"replies":[{"embeddable":true,"href":"http:\/\/www.korhanyilmaz.com\/index.php?rest_route=%2Fwp%2Fv2%2Fcomments&post=16985"}],"version-history":[{"count":0,"href":"http:\/\/www.korhanyilmaz.com\/index.php?rest_route=\/wp\/v2\/posts\/16985\/revisions"}],"wp:attachment":[{"href":"http:\/\/www.korhanyilmaz.com\/index.php?rest_route=%2Fwp%2Fv2%2Fmedia&parent=16985"}],"wp:term":[{"taxonomy":"category","embeddable":true,"href":"http:\/\/www.korhanyilmaz.com\/index.php?rest_route=%2Fwp%2Fv2%2Fcategories&post=16985"},{"taxonomy":"post_tag","embeddable":true,"href":"http:\/\/www.korhanyilmaz.com\/index.php?rest_route=%2Fwp%2Fv2%2Ftags&post=16985"}],"curies":[{"name":"wp","href":"https:\/\/api.w.org\/{rel}","templated":true}]}}