{"id":16980,"date":"2009-12-07T18:02:19","date_gmt":"2009-12-07T16:02:19","guid":{"rendered":"http:\/\/www.korhanyilmaz.com\/?p=16980"},"modified":"2009-12-07T18:02:19","modified_gmt":"2009-12-07T16:02:19","slug":"tunceli-ve-hakkaride-yine-hareketli-saatler","status":"publish","type":"post","link":"http:\/\/www.korhanyilmaz.com\/?p=16980","title":{"rendered":"Tunceli ve Hakkari&#039;de yine hareketli saatler"},"content":{"rendered":"<p style=\"text-align: justify;\"><a href=\"http:\/\/www.korhanyilmaz.com\/wp-content\/uploads\/2009\/12\/TUNCEL\u0130.jpg\"  class=\"lightview\"><img loading=\"lazy\" decoding=\"async\" class=\"aligncenter size-full wp-image-16981\" src=\"http:\/\/www.korhanyilmaz.com\/wp-content\/uploads\/2009\/12\/TUNCEL\u0130.jpg\" alt=\"\" width=\"304\" height=\"233\" \/><\/a><\/p>\n<p style=\"text-align: justify;\">Tunceli&#8217;de d\u00fczenlenen DTP y\u00fcr\u00fcy\u00fc\u015f\u00fcnde, yakla\u015f\u0131k 200 ki\u015filik grup banka \u015fubeleri, polis ara\u00e7lar\u0131 ve i\u015fyerlerine molotofkokteyli att\u0131. Hakkari&#8217;de de ter\u00f6r \u00f6rg\u00fct\u00fc yanda\u015flar\u0131 barikat kurup slogan att\u0131. Polis g\u00f6stericilere biber gaz\u0131yla m\u00fcdahale etti.TUNCEL\u0130:<\/p>\n<p style=\"text-align: justify;\">DTP&#8217;liler, \u0130mral\u0131&#8217;da a\u011f\u0131rla\u015ft\u0131r\u0131lm\u0131\u015f \u00f6m\u00fcrboyu hapis cezas\u0131n\u0131 \u00e7eken Abdullah \u00d6calan&#8217;\u0131n cezaevi ko\u015fullar\u0131n\u0131n d\u00fczeltilmesi i\u00e7in y\u00fcr\u00fcy\u00fc\u015f d\u00fczenledi. <!--more--><\/p>\n<p style=\"text-align: justify;\">DTP \u00f6n\u00fcnde toplanan yakla\u015f\u0131k 200 ki\u015filik grup, K\u0131\u015fla Caddesi \u00fczerinden AK Parti il binas\u0131na y\u00fcr\u00fcd\u00fc. Y\u00fcr\u00fcy\u00fc\u015f s\u0131ras\u0131nda PKK&#8217;n\u0131n flamalar\u0131 ta\u015f\u0131n\u0131rken, \u00d6calan ve PKK lehine sloganlar at\u0131ld\u0131.<\/p>\n<p style=\"text-align: justify;\">Y\u00fcr\u00fcy\u00fc\u015fe kat\u0131lanlar i\u00e7inde bulunan y\u00fczleri kapal\u0131 bir grup gen\u00e7, baz\u0131 banka \u015fubeleri ile \u00f6nlem alan polis ara\u00e7lar\u0131na molotofkokteylleri att\u0131. Ancak molotoflar zarar vermeden s\u00f6nd\u00fcr\u00fcld\u00fc.<\/p>\n<p style=\"text-align: justify;\">DTP \u0130l Ba\u015fkan\u0131 Vemli Haydar G\u00fcne\u015f, AK Parti il binas\u0131 \u00f6n\u00fcnde yapt\u0131\u011f\u0131 bas\u0131n a\u00e7\u0131klamas\u0131nda h\u00fck\u00fcmeti ele\u015ftirdi.<\/p>\n<p style=\"text-align: justify;\">G\u00fcne\u015f, &#8220;D\u00fcn Diyarbak\u0131r&#8217;da polis kur\u015funuyla Ayd\u0131n Erdem hayat\u0131n\u0131 kaybetti. Dileriz bu son bar\u0131\u015f \u015fehidi olur. Akl\u0131n en \u00e7ok gerekli oldu\u011fu bir s\u00fcre\u00e7ten ge\u00e7iyoruz, bu s\u00fcre\u00e7te duygulara yer yoktur, duygular herkese kaybettiriyor. H\u00fck\u00fcmet 3 ay \u00f6nce bir a\u00e7\u0131l\u0131m s\u00fcreci ortaya att\u0131. \u015eu an sanki sanal bir s\u00fcre\u00e7 ya\u015fanm\u0131\u015f gibi oldu. Son bir haftad\u0131r sanki o eski s\u00f6ylenen hi\u00e7bir s\u00f6z ifade edilmemi\u015f gibi bir s\u00fcre\u00e7le kar\u015f\u0131 kar\u015f\u0131yay\u0131z. Bar\u0131\u015fa, demokrasiye ve insan haklar\u0131na hizmet edecek yeni ad\u0131mlar\u0131n at\u0131lmas\u0131 gerekiyor&#8221; dedi.<\/p>\n<p style=\"text-align: justify;\">Ba\u015fbakan&#8217;\u0131n T\u00fcrkiye&#8217;yi iyi y\u00f6netemedi\u011fini ve yeniden h\u0131r\u00e7\u0131nla\u015fmaya ba\u015flad\u0131\u011f\u0131n\u0131 s\u00f6yleyen G\u00fcne\u015f, &#8220;Yeniden sa\u011fa sola sald\u0131rmaya ba\u015flam\u0131\u015ft\u0131r. Bu olaylar\u0131n provoke edilmesine sebep olmu\u015ftur Ba\u015fbakan. Ba\u015fbakan y\u0131llar \u00f6nce tekrarlad\u0131\u011f\u0131 \u015feylerin arkas\u0131nda durmaya ba\u015flam\u0131\u015ft\u0131r. \u00d6calan, K\u00fcrt toplumu i\u00e7in \u00f6nemli oldu\u011funu devletin, h\u00fck\u00fcmetin anlamas\u0131 gerekiyor ve bunu \u00f6nemsemesi gerekiyor. \u0130mral\u0131&#8217;daki \u015fartlar bir an \u00f6nce d\u00fczeltilmelidir&#8221; ifadesini kulland\u0131.<\/p>\n<p style=\"text-align: justify;\">Bas\u0131n a\u00e7\u0131klamas\u0131n\u0131n ard\u0131ndan bir grup, solaganlar e\u015fli\u011finde yine y\u00fcr\u00fcrken Cumhuriyet Caddesi \u00fczerinde lokantaya molotofkokteyli att\u0131. Lokantaya isabet etmeyen molotofkokteyli, bir \u00fcstte bulunan DTP merkez il\u00e7e ba\u015fkanl\u0131\u011f\u0131n\u0131n balkonuna d\u00fc\u015ft\u00fc. Polis, kentte s\u0131k\u0131 g\u00fcvenlik \u00f6nlemleri almaya devam etti.<\/p>\n<p style=\"text-align: justify;\"><strong><em>HAKKAR\u0130:<\/em><\/strong><\/p>\n<p style=\"text-align: justify;\">Hakkari&#8217;de de bir grup \u015eemdinli Cumhuriyet Caddesi&#8217;nde ate\u015f yakarak barikat kurdu. Polis, barikat kurup slogan atan g\u00f6stericilere, biber gaz\u0131yla m\u00fcdahale etti. Polisin m\u00fcdahalesine, g\u00f6stericiler ta\u015flarla kar\u015f\u0131l\u0131k verdi.<\/p>\n<p style=\"text-align: justify;\">Cumhuriyet Caddesi&#8217;nde g\u00f6stericilerle polis aras\u0131nda devam gerginlik s\u0131ras\u0131nda \u015eemdinli Ziraat Odas\u0131 Ba\u015fkanl\u0131\u011f\u0131&#8217;n\u0131n balkonuna d\u00fc\u015fen bir gaz bombas\u0131, balkonda bulunan karton ve kuma\u015f par\u00e7alar\u0131n\u0131n tutu\u015fmas\u0131na neden oldu.<\/p>\n<p style=\"text-align: justify;\"><strong><em>Buradaki yang\u0131n, k\u0131sa s\u00fcrede s\u00f6nd\u00fcr\u00fcld\u00fc. <\/em><\/strong><\/p>\n<p style=\"text-align: justify;\">Olaylara m\u00fcdahale etmek \u00fczere \u015fehir merkezine gelen \u00e7evik kuvvet ekipleriyle olaylar\u0131n sana erdirilmesi i\u00e7in pazarl\u0131k yapan, aralar\u0131nda DTP \u0130l\u00e7e Ba\u015fkan\u0131 Emrullah \u00d6zt\u00fcrk, Umut Kitabevi Sahibi Seferi Y\u0131lmaz&#8217;\u0131n da bulundu\u011fu 5 DTP&#8217;li y\u00f6netici, \u00e7evik kuvvet ekiplerince g\u00f6zalt\u0131na al\u0131nd\u0131.<\/p>\n<p style=\"text-align: justify;\"><strong><em>D\u0130YARBAKIR:<\/em><\/strong><\/p>\n<p style=\"text-align: justify;\">Diyarbak\u0131r&#8217;da, aralar\u0131nda Diyanet-Sen, E\u011fitimBir-Sen, Memur-Sen, Sa\u011fl\u0131k-Sen ile Diyarbak\u0131r \u0130nsani Yard\u0131m Derne\u011fi&#8217;nin de bulundu\u011fu 19 sivil toplum kurulu\u015fu, izinsiz g\u00f6sterilere ili\u015fkin ortak bas\u0131n a\u00e7\u0131klamas\u0131 yaparak t\u00fcm ki\u015fi, grup ve kurumlar\u0131 sa\u011fduyuya davet etti.<\/p>\n<p style=\"text-align: justify;\">A\u00e7\u0131klamada, &#8220;K\u00fcrt sorununun bar\u0131\u015f\u00e7\u0131l zeminde \u00e7\u00f6z\u00fcm\u00fcn\u00fc zora sokacak giri\u015fimlerin engellenmemesi i\u00e7in her kesimin \u00e7aba g\u00f6stermesi gerekmektedir. \u015eiddet ortam\u0131, uzla\u015fma ve bar\u0131\u015f \u00e7abalar\u0131n\u0131 sabote etmek isteyenlere uygun zemin olu\u015fturacak ve bar\u0131\u015f giri\u015fimlerini sonu\u00e7suz b\u0131rakacakt\u0131r. Bu ba\u011flamda bu s\u00fcre\u00e7le ilgili hi\u00e7bir \u00e7\u0131kar ya da ama\u00e7 \u015fiddeti me\u015frula\u015ft\u0131rmamal\u0131d\u0131r. \u015eiddete kar\u015f\u0131 \u00e7\u0131k\u0131lmal\u0131, bu t\u00fcr \u00e7\u00f6z\u00fcm \u00f6nerileri bir hak arama y\u00f6ntemi olmaktan \u00e7\u0131kar\u0131lmal\u0131d\u0131r. \u00c7\u00f6z\u00fcm i\u00e7in y\u00f6ntem, diyalog ve uzla\u015fma olarak belirlenmelidir. Toplumsal gerginlik ve \u00e7at\u0131\u015fmalar\u0131n bir an \u00f6nce yerini sa\u011fduyu ve diyalo\u011fa b\u0131rakmas\u0131 temennimizi yineliyor ve t\u00fcm kesimleri sa\u011fduyu ve duyarl\u0131l\u0131\u011fa davet ediyoruz&#8221; denildi.<\/p>\n<p style=\"text-align: justify;\"><span style=\"color: #888888;\">CNN T\u00dcRK<\/span><\/p>\n","protected":false},"excerpt":{"rendered":"<p style=\"text-align: justify;\">\n<p style=\"text-align: justify;\">Tunceli&#8217;de d\u00fczenlenen DTP y\u00fcr\u00fcy\u00fc\u015f\u00fcnde, yakla\u015f\u0131k 200 ki\u015filik grup banka \u015fubeleri, polis ara\u00e7lar\u0131 ve i\u015fyerlerine molotofkokteyli att\u0131. Hakkari&#8217;de de ter\u00f6r \u00f6rg\u00fct\u00fc yanda\u015flar\u0131 barikat kurup slogan att\u0131. Polis g\u00f6stericilere biber gaz\u0131yla m\u00fcdahale etti.TUNCEL\u0130:<\/p>\n<p style=\"text-align: justify;\">DTP&#8217;liler, \u0130mral\u0131&#8217;da a\u011f\u0131rla\u015ft\u0131r\u0131lm\u0131\u015f \u00f6m\u00fcrboyu hapis cezas\u0131n\u0131 \u00e7eken Abdullah \u00d6calan&#8217;\u0131n cezaevi ko\u015fullar\u0131n\u0131n d\u00fczeltilmesi i\u00e7in y\u00fcr\u00fcy\u00fc\u015f d\u00fczenledi. <\/p>\n","protected":false},"author":1,"featured_media":0,"comment_status":"open","ping_status":"closed","sticky":false,"template":"","format":"standard","meta":{"footnotes":""},"categories":[105],"tags":[],"class_list":["post-16980","post","type-post","status-publish","format-standard","hentry","category-gundem","odd"],"_links":{"self":[{"href":"http:\/\/www.korhanyilmaz.com\/index.php?rest_route=\/wp\/v2\/posts\/16980","targetHints":{"allow":["GET"]}}],"collection":[{"href":"http:\/\/www.korhanyilmaz.com\/index.php?rest_route=\/wp\/v2\/posts"}],"about":[{"href":"http:\/\/www.korhanyilmaz.com\/index.php?rest_route=\/wp\/v2\/types\/post"}],"author":[{"embeddable":true,"href":"http:\/\/www.korhanyilmaz.com\/index.php?rest_route=\/wp\/v2\/users\/1"}],"replies":[{"embeddable":true,"href":"http:\/\/www.korhanyilmaz.com\/index.php?rest_route=%2Fwp%2Fv2%2Fcomments&post=16980"}],"version-history":[{"count":0,"href":"http:\/\/www.korhanyilmaz.com\/index.php?rest_route=\/wp\/v2\/posts\/16980\/revisions"}],"wp:attachment":[{"href":"http:\/\/www.korhanyilmaz.com\/index.php?rest_route=%2Fwp%2Fv2%2Fmedia&parent=16980"}],"wp:term":[{"taxonomy":"category","embeddable":true,"href":"http:\/\/www.korhanyilmaz.com\/index.php?rest_route=%2Fwp%2Fv2%2Fcategories&post=16980"},{"taxonomy":"post_tag","embeddable":true,"href":"http:\/\/www.korhanyilmaz.com\/index.php?rest_route=%2Fwp%2Fv2%2Ftags&post=16980"}],"curies":[{"name":"wp","href":"https:\/\/api.w.org\/{rel}","templated":true}]}}