{"id":16972,"date":"2009-12-07T18:31:17","date_gmt":"2009-12-07T16:31:17","guid":{"rendered":"http:\/\/www.korhanyilmaz.com\/?p=16972"},"modified":"2009-12-07T18:31:17","modified_gmt":"2009-12-07T16:31:17","slug":"tokatta-jandarmaya-saldiri-7-sehit","status":"publish","type":"post","link":"http:\/\/www.korhanyilmaz.com\/?p=16972","title":{"rendered":"Tokat&#039;ta jandarmaya sald\u0131r\u0131: 7 \u015fehit!"},"content":{"rendered":"<p><a href=\"http:\/\/www.korhanyilmaz.com\/wp-content\/uploads\/2009\/12\/tokat.jpg\"  class=\"lightview\"><img loading=\"lazy\" decoding=\"async\" class=\"aligncenter size-full wp-image-16973\" src=\"http:\/\/www.korhanyilmaz.com\/wp-content\/uploads\/2009\/12\/tokat.jpg\" alt=\"\" width=\"292\" height=\"221\" \/><\/a><\/p>\n<p style=\"text-align: justify;\">Ter\u00f6ristler Tokat&#8217;\u0131n Re\u015fadiye il\u00e7esi Sazak K\u00f6y\u00fc yak\u0131nlar\u0131nda devriye g\u00f6revi yapan jandarma ekiplerine ate\u015f a\u00e7t\u0131. Olayda 7 asker \u015fehit oldu, 3 asker yaraland\u0131.<\/p>\n<p style=\"text-align: justify;\">Sald\u0131r\u0131n\u0131n oldu\u011fu b\u00f6lgede sisin etkili oldu\u011fu belirtiliyor.<\/p>\n<p style=\"text-align: justify;\">Re\u015fadiye Kaymakam\u0131 Cihangir G\u00fcler, il\u00e7eye ba\u011fl\u0131 d\u0131\u015f bir karakolda, rutin devriye faaliyeti s\u0131ras\u0131nda askerlerin pusuya d\u00fc\u015f\u00fcr\u00fcld\u00fc\u011f\u00fcn\u00fc, bu sald\u0131r\u0131 sonucunda 7 askerin \u015fehit oldu\u011funu, 3 askerin yaraland\u0131\u011f\u0131n\u0131 bildirdi. <!--more--><\/p>\n<p style=\"text-align: justify;\">Yaral\u0131 askerlerden birinin uzman \u00e7avu\u015fu oldu\u011funu, birinin de durumunun a\u011f\u0131r oldu\u011funu aktaran Kaymakam G\u00fcler, sald\u0131r\u0131n\u0131n hangi \u00f6rg\u00fct taraf\u0131ndan ger\u00e7ekle\u015ftirildi\u011fine dair \u015fu an bilgi veremeyece\u011fini belirtti.<\/p>\n<p style=\"text-align: justify;\">Cihangir G\u00fcler, 7 askerin \u015fehit oldu\u011fu, 3 askerin yaraland\u0131\u011f\u0131 ter\u00f6rist sald\u0131r\u0131n\u0131n 14.00-14.30 saatleri aras\u0131nda ger\u00e7ekle\u015fti\u011fini bildirdi.<\/p>\n<p style=\"text-align: justify;\">Bu arada, yaral\u0131 asker Emrah Mand\u0131ral\u0131 ile uzman \u00e7avu\u015f Yusuf \u00d6zt\u00fcrk&#8217;\u00fcn Niksar Devlet Hastanesi&#8217;ne kald\u0131r\u0131ld\u0131\u011f\u0131, uzman \u00e7avu\u015f \u00d6zt\u00fcrk&#8217;\u00fcn burada ameliyata al\u0131nd\u0131\u011f\u0131 \u00f6\u011frenildi.<\/p>\n<p style=\"text-align: justify;\">Re\u015fadiye Belediye Ba\u015fkan\u0131 Rafet Erdem, bu b\u00f6lgede 1997 y\u0131l\u0131ndan bu yana ter\u00f6r olay\u0131 olmad\u0131\u011f\u0131n\u0131 belirterek, &#8220;&#8221;T\u00fcm Re\u015fadiye k\u00f6yleriyle birlikte buraya indi \u015fu anda. Buras\u0131 mah\u015fer g\u00fcn\u00fc gibi. Ac\u0131m\u0131z b\u00fcy\u00fck, ba\u015f\u0131m\u0131z sa\u011f olsun, t\u00fcm T\u00fcrk Milleti&#8217;nin ba\u015f\u0131 sa\u011f olsun&#8221; dedi.<\/p>\n<p style=\"text-align: justify;\">Erdem, &#8220;Bunlar vatan haini. Ama in\u015fallah, o vatan hainleri hangi gruba mensup olursa olsun, in\u015fallah T\u00fcrk devleti, T\u00fcrk Milleti gere\u011fini yapacakt\u0131r&#8221; dedi.<\/p>\n<p style=\"text-align: justify;\"><strong><em>Askerlerin kimlikleri:<\/em><\/strong><\/p>\n<p style=\"text-align: justify;\">Uzman \u00e7avu\u015f Harun Arslanbey (Adana) ile erler Onur Bozdemir (Ad\u0131yaman), Kemal Pide (Ordu), Ferit Demir (Mu\u015f), Yakup Mutlu (Mu\u015f), Cengiz Sar\u0131ba\u015f (Giresun) ve Fatih Yonca&#8217;n\u0131n (Hatay) \u015fehit oldu. Uzman \u00e7avu\u015f Yusuf \u00d6zt\u00fcrk ile erler Emrah Mand\u0131ral\u0131 ve Arif Temel yaraland\u0131.<\/p>\n<p style=\"text-align: justify;\"><strong><em>G\u00fcl Vali&#8217;yi, Erdo\u011fan \u0130\u00e7i\u015fleri Bakan\u0131&#8217;n\u0131 arad\u0131 <\/em><\/strong><\/p>\n<p style=\"text-align: justify;\">Cumhurba\u015fkan\u0131 Abdullah G\u00fcl, Vali \u015eerif Y\u0131lmaz&#8217;\u0131 sald\u0131r\u0131n\u0131n meydana geli\u015f \u015fekli ile \u015fehit ve yaral\u0131 askerlere ili\u015fkin bilgi ald\u0131. G\u00fcl, Y\u0131lmaz&#8217;a \u00fcz\u00fcnt\u00fcs\u00fcn\u00fc aktard\u0131 ve ba\u015fsa\u011fl\u0131\u011f\u0131 dileklerini iletti.<\/p>\n<p style=\"text-align: justify;\">Ba\u015fbakan Recep Tayyip Erdo\u011fan da \u0130\u00e7i\u015fleri Bakan\u0131 Be\u015fir Atalay&#8217;\u0131 arayarak bilgi ald\u0131. Erdo\u011fan, Bakan Atalay&#8217;dan &#8220;olay\u0131n sorumlular\u0131n\u0131n bulunmas\u0131 i\u00e7in t\u00fcm imkanlar\u0131n seferber edilmesini&#8221; istedi.<\/p>\n<p style=\"text-align: justify;\"><strong><em>Cumhurba\u015fkan\u0131 G\u00fcl&#8217;den yaz\u0131l\u0131 a\u00e7\u0131klama <\/em><\/strong><\/p>\n<p style=\"text-align: justify;\">Cumhurba\u015fkanl\u0131\u011f\u0131 internet sitesinde yay\u0131nlanan mesajda \u015f\u00f6yle denildi:<\/p>\n<p style=\"text-align: justify;\">&#8220;Tokat&#8217;\u0131n Re\u015fadiye il\u00e7esindeki ter\u00f6rist sald\u0131r\u0131da askerlerimizin \u015fehit olmas\u0131ndan b\u00fcy\u00fck \u00fcz\u00fcnt\u00fc duydum. Birlik ve beraberli\u011fimize, \u00fclkemizdeki huzur ve karde\u015flik ortam\u0131na y\u00f6nelen bu hain sald\u0131r\u0131y\u0131 \u015fiddetle telin ediyorum. \u00dclkemizin her t\u00fcr ter\u00f6r eylemine kar\u015f\u0131 m\u00fccadelesini kararl\u0131l\u0131kla s\u00fcrd\u00fcrece\u011fini ve bu sald\u0131r\u0131lar\u0131n hi\u00e7 bir zaman amac\u0131na ula\u015famayaca\u011f\u0131n\u0131 bir kez daha vurgulamak istiyorum.<\/p>\n<p style=\"text-align: justify;\">Vatan\u0131n\u0131 can\u0131ndan \u00fcst\u00fcn tutan, bu u\u011furda \u015fehit olan kahraman askerlerimiz milletimizin g\u00f6nl\u00fcnde sonsuza kadar ya\u015fayacakt\u0131r. Aziz \u015fehitlerimize Allah&#8217;tan rahmet, ailelerine, milletimize ve T\u00fcrk Silahl\u0131 Kuvvetlerimize ba\u015fsa\u011fl\u0131\u011f\u0131, yaral\u0131lar\u0131m\u0131za acil \u015fifalar diliyorum.&#8221;<\/p>\n<p style=\"text-align: justify;\"><span style=\"color: #888888;\">CNN T\u00dcRK<\/span><\/p>\n","protected":false},"excerpt":{"rendered":"<\/p>\n<p style=\"text-align: justify;\">Ter\u00f6ristler Tokat&#8217;\u0131n Re\u015fadiye il\u00e7esi Sazak K\u00f6y\u00fc yak\u0131nlar\u0131nda devriye g\u00f6revi yapan jandarma ekiplerine ate\u015f a\u00e7t\u0131. Olayda 7 asker \u015fehit oldu, 3 asker yaraland\u0131.<\/p>\n<p style=\"text-align: justify;\">Sald\u0131r\u0131n\u0131n oldu\u011fu b\u00f6lgede sisin etkili oldu\u011fu belirtiliyor.<\/p>\n<p style=\"text-align: justify;\">Re\u015fadiye Kaymakam\u0131 Cihangir G\u00fcler, il\u00e7eye ba\u011fl\u0131 d\u0131\u015f bir karakolda, rutin devriye faaliyeti s\u0131ras\u0131nda askerlerin pusuya d\u00fc\u015f\u00fcr\u00fcld\u00fc\u011f\u00fcn\u00fc, bu sald\u0131r\u0131 sonucunda <\/p>\n","protected":false},"author":1,"featured_media":0,"comment_status":"open","ping_status":"closed","sticky":false,"template":"","format":"standard","meta":{"footnotes":""},"categories":[105],"tags":[],"class_list":["post-16972","post","type-post","status-publish","format-standard","hentry","category-gundem","odd"],"_links":{"self":[{"href":"http:\/\/www.korhanyilmaz.com\/index.php?rest_route=\/wp\/v2\/posts\/16972","targetHints":{"allow":["GET"]}}],"collection":[{"href":"http:\/\/www.korhanyilmaz.com\/index.php?rest_route=\/wp\/v2\/posts"}],"about":[{"href":"http:\/\/www.korhanyilmaz.com\/index.php?rest_route=\/wp\/v2\/types\/post"}],"author":[{"embeddable":true,"href":"http:\/\/www.korhanyilmaz.com\/index.php?rest_route=\/wp\/v2\/users\/1"}],"replies":[{"embeddable":true,"href":"http:\/\/www.korhanyilmaz.com\/index.php?rest_route=%2Fwp%2Fv2%2Fcomments&post=16972"}],"version-history":[{"count":0,"href":"http:\/\/www.korhanyilmaz.com\/index.php?rest_route=\/wp\/v2\/posts\/16972\/revisions"}],"wp:attachment":[{"href":"http:\/\/www.korhanyilmaz.com\/index.php?rest_route=%2Fwp%2Fv2%2Fmedia&parent=16972"}],"wp:term":[{"taxonomy":"category","embeddable":true,"href":"http:\/\/www.korhanyilmaz.com\/index.php?rest_route=%2Fwp%2Fv2%2Fcategories&post=16972"},{"taxonomy":"post_tag","embeddable":true,"href":"http:\/\/www.korhanyilmaz.com\/index.php?rest_route=%2Fwp%2Fv2%2Ftags&post=16972"}],"curies":[{"name":"wp","href":"https:\/\/api.w.org\/{rel}","templated":true}]}}