{"id":16968,"date":"2009-12-06T16:54:05","date_gmt":"2009-12-06T14:54:05","guid":{"rendered":"http:\/\/www.korhanyilmaz.com\/?p=16968"},"modified":"2009-12-06T16:54:05","modified_gmt":"2009-12-06T14:54:05","slug":"diyarbakirdaki-olaylarda-1-olum","status":"publish","type":"post","link":"http:\/\/www.korhanyilmaz.com\/?p=16968","title":{"rendered":"Diyarbak\u0131r&#039;daki olaylarda 1 \u00f6l\u00fcm"},"content":{"rendered":"<p style=\"text-align: center;\"><a href=\"http:\/\/www.korhanyilmaz.com\/wp-content\/uploads\/2009\/12\/diyarbakir.jpg\"  class=\"lightview\"><img loading=\"lazy\" decoding=\"async\" class=\"aligncenter size-full wp-image-16969\" src=\"http:\/\/www.korhanyilmaz.com\/wp-content\/uploads\/2009\/12\/diyarbakir.jpg\" alt=\"\" width=\"304\" height=\"234\" \/><\/a><\/p>\n<p style=\"text-align: justify;\">Diyarbak\u0131r&#8217;da DTP mitingi sonras\u0131nda \u00e7\u0131kan olaylarda Dicle \u00dcniversitesi \u00f6\u011frencisi 23 ya\u015f\u0131ndaki Ayd\u0131n Erdem hayat\u0131n\u0131 kaybetti. Olaylarda 1 polis yaraland\u0131. Hakkari&#8217;nin \u015eemdinli il\u00e7esinde de DTP&#8217;nin d\u00fczenledi\u011fi miting sonras\u0131 izinsiz g\u00f6steri d\u00fczenlendi. G\u00f6steriye polis m\u00fcdahale etti.<\/p>\n<p style=\"text-align: justify;\">DTP Diyarbak\u0131r milletvekilleri Selahattin Demirta\u015f ve Aysel Tu\u011fluk, Diyarbak\u0131r B\u00fcy\u00fck\u015fehir Belediye Ba\u015fkan\u0131 Osman Baydemir ve baz\u0131 DTP&#8217;li belediye ba\u015fkanlar\u0131n\u0131n da aralar\u0131nda bulundu\u011fu grup, DTP il binas\u0131n\u0131n \u00f6n\u00fcnde bir araya geldi. <!--more--><\/p>\n<p style=\"text-align: justify;\">Polis, Ko\u015fuyolu mevkisine do\u011fru y\u00fcr\u00fcy\u00fc\u015fe ge\u00e7en grubu durdurarak, y\u00fcr\u00fcy\u00fc\u015f\u00fcn yasal olmad\u0131\u011f\u0131 uyar\u0131s\u0131nda bulundu.<\/p>\n<p style=\"text-align: justify;\">Polis ile milletvekillerinin g\u00f6r\u00fc\u015fmesi sonucu grup, y\u00fcr\u00fcy\u00fc\u015f yapmaktan vazge\u00e7erek bas\u0131n a\u00e7\u0131klamas\u0131 i\u00e7in DTP binas\u0131na geri d\u00f6nd\u00fc.<\/p>\n<p style=\"text-align: justify;\">D\u00f6n\u00fc\u015f s\u0131ras\u0131nda gruptan baz\u0131 ki\u015filerin havai fi\u015fek ve ta\u015f atmas\u0131 sonucu polis, biber gaz\u0131 s\u0131karak m\u00fcdahalede bulundu.<\/p>\n<p style=\"text-align: justify;\">Gruptan baz\u0131 ki\u015filerin \u015eanl\u0131urfa yolundaki AK Parti \u0130l Ba\u015fkanl\u0131\u011f\u0131 binas\u0131na ta\u015f atmas\u0131 sonucu, binada n\u00f6bet tutan bir polis yaraland\u0131.<\/p>\n<p style=\"text-align: justify;\">Yaral\u0131 polis, hastaneye kald\u0131r\u0131ld\u0131.<\/p>\n<p style=\"text-align: justify;\"><strong><em>\u015eemdinli<\/em><\/strong><\/p>\n<p style=\"text-align: justify;\">Hakkari&#8217;nin \u015eemdinli il\u00e7esinde, Demokratik Toplum Partisi&#8217;nce (DTP) d\u00fczenlenen mitingin ard\u0131ndan izinsiz g\u00f6steri yapmak isteyen gruba polis m\u00fcdahale etti.<\/p>\n<p style=\"text-align: justify;\">Habur S\u0131n\u0131r Kap\u0131s\u0131&#8217;ndan T\u00fcrkiye&#8217;ye giri\u015f yapt\u0131ktan sonra ifadeleri al\u0131nan ve serbest b\u0131rak\u0131lan PKK&#8217;l\u0131lar\u0131n da aralar\u0131nda bulundu\u011fu DTP&#8217;liler, il\u00e7e merkezinde miting d\u00fczenledi.<\/p>\n<p style=\"text-align: justify;\">Mitingden sonra bir grup g\u00f6sterici, il\u00e7e giri\u015finde bulunan polis noktas\u0131na do\u011fru y\u00fcr\u00fcy\u00fc\u015fe ge\u00e7ti.<\/p>\n<p style=\"text-align: justify;\">Polisin uyar\u0131s\u0131na ra\u011fmen y\u00fcr\u00fcy\u00fc\u015fe devam eden ve ter\u00f6r \u00f6rg\u00fct\u00fc ile eleba\u015f\u0131 lehine slogan atan gruba, polis gaz bombas\u0131 kullanarak m\u00fcdahale etti.<\/p>\n<p style=\"text-align: justify;\">M\u00fcdahale sonras\u0131nda ara sokaklara da\u011f\u0131lan g\u00f6stericiler, Cumhuriyet Caddesi \u00fczerindeki AK Parti \u015eemdinli il\u00e7e binas\u0131n\u0131n camlar\u0131n\u0131 ta\u015flad\u0131.<\/p>\n<p style=\"text-align: justify;\">Binay\u0131 ta\u015f ya\u011fmuruna tutan g\u00f6stericiler, ara sokaklarda eylemlerini s\u00fcrd\u00fcr\u00fcrken, il\u00e7edeki t\u00fcm i\u015f yerleri kepenk kapatt\u0131. Polis, olaylara kar\u0131\u015ft\u0131klar\u0131 belirlenen ve aralar\u0131nda \u00e7ocuklar\u0131n da bulundu\u011fu 8 ki\u015fiyi g\u00f6zalt\u0131na ald\u0131.<\/p>\n<p style=\"text-align: justify;\"><span style=\"color: #888888;\">CNN T\u00dcRK<\/span><\/p>\n","protected":false},"excerpt":{"rendered":"<p style=\"text-align: center;\">\n<p style=\"text-align: justify;\">Diyarbak\u0131r&#8217;da DTP mitingi sonras\u0131nda \u00e7\u0131kan olaylarda Dicle \u00dcniversitesi \u00f6\u011frencisi 23 ya\u015f\u0131ndaki Ayd\u0131n Erdem hayat\u0131n\u0131 kaybetti. Olaylarda 1 polis yaraland\u0131. Hakkari&#8217;nin \u015eemdinli il\u00e7esinde de DTP&#8217;nin d\u00fczenledi\u011fi miting sonras\u0131 izinsiz g\u00f6steri d\u00fczenlendi. G\u00f6steriye polis m\u00fcdahale etti.<\/p>\n<p style=\"text-align: justify;\">DTP Diyarbak\u0131r milletvekilleri Selahattin Demirta\u015f ve Aysel Tu\u011fluk, Diyarbak\u0131r B\u00fcy\u00fck\u015fehir Belediye Ba\u015fkan\u0131 Osman Baydemir <\/p>\n","protected":false},"author":1,"featured_media":0,"comment_status":"open","ping_status":"closed","sticky":false,"template":"","format":"standard","meta":{"footnotes":""},"categories":[105],"tags":[],"class_list":["post-16968","post","type-post","status-publish","format-standard","hentry","category-gundem","odd"],"_links":{"self":[{"href":"http:\/\/www.korhanyilmaz.com\/index.php?rest_route=\/wp\/v2\/posts\/16968","targetHints":{"allow":["GET"]}}],"collection":[{"href":"http:\/\/www.korhanyilmaz.com\/index.php?rest_route=\/wp\/v2\/posts"}],"about":[{"href":"http:\/\/www.korhanyilmaz.com\/index.php?rest_route=\/wp\/v2\/types\/post"}],"author":[{"embeddable":true,"href":"http:\/\/www.korhanyilmaz.com\/index.php?rest_route=\/wp\/v2\/users\/1"}],"replies":[{"embeddable":true,"href":"http:\/\/www.korhanyilmaz.com\/index.php?rest_route=%2Fwp%2Fv2%2Fcomments&post=16968"}],"version-history":[{"count":0,"href":"http:\/\/www.korhanyilmaz.com\/index.php?rest_route=\/wp\/v2\/posts\/16968\/revisions"}],"wp:attachment":[{"href":"http:\/\/www.korhanyilmaz.com\/index.php?rest_route=%2Fwp%2Fv2%2Fmedia&parent=16968"}],"wp:term":[{"taxonomy":"category","embeddable":true,"href":"http:\/\/www.korhanyilmaz.com\/index.php?rest_route=%2Fwp%2Fv2%2Fcategories&post=16968"},{"taxonomy":"post_tag","embeddable":true,"href":"http:\/\/www.korhanyilmaz.com\/index.php?rest_route=%2Fwp%2Fv2%2Ftags&post=16968"}],"curies":[{"name":"wp","href":"https:\/\/api.w.org\/{rel}","templated":true}]}}