{"id":16964,"date":"2009-12-06T13:01:24","date_gmt":"2009-12-06T11:01:24","guid":{"rendered":"http:\/\/www.korhanyilmaz.com\/?p=16964"},"modified":"2009-12-06T13:01:24","modified_gmt":"2009-12-06T11:01:24","slug":"sokak-eylemleri-tepkisi","status":"publish","type":"post","link":"http:\/\/www.korhanyilmaz.com\/?p=16964","title":{"rendered":"Sokak eylemleri tepkisi"},"content":{"rendered":"<p style=\"text-align: center;\"><a href=\"http:\/\/www.korhanyilmaz.com\/wp-content\/uploads\/2009\/12\/erdogan.jpg\"  class=\"lightview\"><img loading=\"lazy\" decoding=\"async\" class=\"aligncenter size-full wp-image-16965\" src=\"http:\/\/www.korhanyilmaz.com\/wp-content\/uploads\/2009\/12\/erdogan.jpg\" alt=\"\" width=\"329\" height=\"210\" \/><\/a><\/p>\n<p style=\"text-align: justify;\">&#8216;Serap k\u0131z\u0131m\u0131z\u0131 yakanlara \u00e7ocuk deyip ge\u00e7ecek miyiz&#8217;<\/p>\n<p style=\"text-align: justify;\">Erdo\u011fan, \u201cBu s\u00fcreci tamam\u0131na erdirece\u011fiz\u201d diyerek a\u00e7\u0131l\u0131m\u0131n durmayaca\u011f\u0131n\u0131 bir kez daha duyurdu. Ba\u015fbakan g\u00fcnlerdir s\u00fcren sokak eylemlerine tepkisini ise \u015f\u00f6yle dile getirdi: Serap yavrumuzu otob\u00fcste molotof kokteyliyle yakanlar kim? O \u00e7ocuklar\u0131 mazlum mu g\u00f6stereceksin? <!--more--><\/p>\n<p style=\"text-align: justify;\">Ba\u015fbakan Erdo\u011fan \u0130stanbul\u2019daki t\u00f6rende demokratik a\u00e7\u0131l\u0131m s\u00fcrecine devam edilece\u011fini tekrarlad\u0131. Milli birlik ve karde\u015flik s\u00fcrecini sabote etmek isteyenler oldu\u011funu belirten Erdo\u011fan \u015funlar\u0131 s\u00f6yledi:<\/p>\n<p style=\"text-align: justify;\">* \u00d6ZG\u00dcVEN\u0130M\u0130Z TAM: T\u00fcrkiye\u2019yi milli birlik ve beraberlik s\u00fcrecini g\u00fc\u00e7lendirerek yar\u0131nlara ta\u015f\u0131yaca\u011f\u0131z. Bizim \u00f6zg\u00fcvenimiz tam. Bizler \u00fclkemizi korkular\u0131n esir almas\u0131na tahamm\u00fcl edemeyiz. 7 y\u0131ld\u0131r buna m\u00fcsaade etmedik, bundan sonra da etmeyece\u011fiz. Y\u0131llarca bu milleti korkuttular, sindirdiler, tehdit ettiler. Ne kazand\u0131lar, koca bir hi\u00e7.<\/p>\n<p style=\"text-align: justify;\">* \u00c7\u00d6ZMEDEN DURAB\u0130L\u0130RD\u0130K: Biz \u00e7\u00f6z\u00fcms\u00fczl\u00fc\u011f\u00fc, \u00e7\u00f6z\u00fcm olarak g\u00f6rmedik. Bizden \u00f6nceki siyasi iktidarlar\u0131n yapt\u0131\u011f\u0131n\u0131 biz de bunu \u00e7\u00f6zmeden yapabilirdik. \u00dclkenin hi\u00e7bir kronik meselesine el atmadan, hi\u00e7bir son s\u00f6zle lafla g\u00fczel nutukla propagandayla pop\u00fclizme T\u00fcrkiyenin y\u0131llar\u0131n\u0131 heba edebilirdik. Bir el ya\u011fda bir el balda olanlardan olabilirdik. O zaman milletimizin huzununa aln\u0131m\u0131z ak ba\u015f\u0131m\u0131z dik \u00e7\u0131kamazd\u0131k.<\/p>\n<p style=\"text-align: justify;\">* SABOTAJCILAR VAR: Milletimiz ad\u0131na her ne pahas\u0131na olursa olsun bu s\u00fcreci tamam\u0131na erdiredece\u011fiz. Sinsice bu s\u00fcreci sabote etmeye \u00e7al\u0131\u015fanlar var. Sorumsuzca d\u00fc\u015f\u00fcncesizce, pervas\u0131zca tahrik etmeye \u00e7al\u0131\u015fanlar var. \u00dclkemizdeki karde\u015fli\u011fi, birli\u011fi, b\u00fct\u00fcnl\u00fc\u011f\u00fc bozup bundan kendisine siyasi \u00e7\u0131kar sa\u011flam\u0131n\u0131n pe\u015finde olanlar var.<\/p>\n<p style=\"text-align: justify;\">* K\u00dcRTLER CEVAP VERS\u0130N: \u015eu anda \u00fclkemizin baz\u0131 yerlerinde ter\u00f6rist gruplar bir \u015feyler yap\u0131yor. Bahaneleri ne? \u0130\u015fte ter\u00f6rist ba\u015f\u0131 \u015f\u00f6yle oluyor, b\u00f6yle oluyor. Adalet Bakanl\u0131\u011f\u0131 durumu g\u00f6sterdi. Hepsi yalan AB standartlar\u0131n\u0131n \u00fcst\u00fcnde bir F tipi cezaevi yap\u0131lm\u0131\u015f, resimleri yay\u0131nland\u0131. B\u00fct\u00fcn bunlara ra\u011fmen provakatif eylemler yapmak suretiyle kendisini buralardan siyasi olarak nemaland\u0131rmak isteyen baz\u0131 siyasi parti gruplar\u0131 da bu s\u00fcreci kendine g\u00f6re de\u011ferlendirmek istiyor. Benim milletim bunlara kar\u015f\u0131 uyan\u0131k olacak. \u00d6zellikle K\u00fcrt k\u00f6kenli vatanda\u015flar\u0131m bunlara gereken cevab\u0131 vermeli, bu oyuna gelmemeli.<\/p>\n<p style=\"text-align: justify;\">* \u00c7OCUKLARI K\u0130M KULLANIYOR: Milli birlik ve karde\u015flik, demokratik a\u00e7\u0131l\u0131m s\u00fcreci \u00e7ok \u00f6nemli. Hep birlikte \u00e7al\u0131\u015faca\u011f\u0131z. Bizi ay\u0131rmak, b\u00f6lmek isteyenlere f\u0131rsat vermeyece\u011fiz. Sokaklar\u0131 illegal eylem alan\u0131 haline getirenlere, \u00e7ocuklara \u015f\u00f6yle \u00f6yle diyenlere sesleniyorum: O \u00e7ocuklara molotof kokteyli att\u0131ran, o \u00e7ocuklar\u0131 ter\u00f6rist eylem i\u00e7in kullanan kim?<\/p>\n<p style=\"text-align: justify;\">* AD\u0130L OLUN, AD\u0130L: 18 ya\u015f\u0131ndaki Serap yavrumuzu otob\u00fcste molotof kokteyliyle yakanlar kim? O, \u00e7ocuk de\u011fil mi? O \u00e7ocuklar\u0131 mazlum g\u00f6stereceksin, o molotof koteyliyle yanan yavruyu ne g\u00f6stereceksin? Adil olun, adil. Milletimizin huzurunu ka\u00e7\u0131rmak isteyenler, kendi karanl\u0131k y\u00fczlerini i\u015fte b\u00f6yle ortaya koyuyor. Milletimiz bu tahriklere alet olmayacak. Sorumsuz davran\u0131\u015flar kar\u015f\u0131s\u0131nda hislerimize hakim olal\u0131m.<\/p>\n<p style=\"text-align: justify;\">* HUKUK GERE\u011e\u0130N\u0130 YAPAR: Bu \u00fclkenin g\u00fcvenlik g\u00fc\u00e7leri, hakimleri, savc\u0131lar\u0131 gerekene gereken yerde yapacakt\u0131r. Bundan kimsenin \u015f\u00fcphesi olmaz. Bu s\u00fcre\u00e7 ak ile karan\u0131n apa\u00e7\u0131k ortaya \u00e7\u0131kaca\u011f\u0131 bir s\u00fcre\u00e7tir. Kimin ger\u00e7ekten \u00e7\u00f6z\u00fcm\u00fc arzulad\u0131\u011f\u0131, kimin T\u00fcrkiye\u2019yi karanl\u0131klara mahkum etmek istedi\u011fi, apa\u00e7\u0131k ortaya \u00e7\u0131km\u0131\u015ft\u0131r. Kimin g\u00f6zya\u015flar\u0131n\u0131 dindirmek istedi\u011fi, kimin o g\u00f6zya\u015flar\u0131ndan beslendi\u011fi ortaya \u00e7\u0131km\u0131\u015ft\u0131r.<\/p>\n<p style=\"text-align: justify;\"><strong><em>AB K\u00fclt\u00fcr\u00fc Ho\u015fg\u00f6r\u00fcd\u00fcr<\/em><\/strong><\/p>\n<p style=\"text-align: justify;\">Ba\u015fbakan Erdo\u011fan, Ortak\u00f6y\u2019deki AB Merkezi Ofisi\u2019ni de a\u00e7t\u0131. Erdo\u011fan \u201cMinareleri sorgulayan, k\u0131l\u0131k k\u0131yafetinden, inan\u00e7lar\u0131ndan, geleneklerinden dolay\u0131 insanlar\u0131 d\u0131\u015flayan, farkl\u0131l\u0131klara kar\u015f\u0131 ho\u015fg\u00f6r\u00fcs\u00fcz anlay\u0131\u015flar\u0131 engelleyemeyen bir Avrupa k\u00fclt\u00fcr\u00fcnden de Avrupal\u0131l\u0131k idealinden de uzakla\u015f\u0131r\u201d dedi.<\/p>\n<p style=\"text-align: justify;\"><strong><em>\u2018Bas\u0131na k\u0131zd\u0131\u011f\u0131m zamanlar oluyor\u2019 <\/em><\/strong><\/p>\n<p style=\"text-align: justify;\">Erdo\u011ean konu\u015fmas\u0131nda yine bas\u0131na y\u00fcklendi: \u201cBas\u0131na k\u0131zd\u0131\u011f\u0131m zamanlar oluyor. Nefsimden de\u011fil, can\u0131m yand\u0131\u011f\u0131ndan, milletimin can\u0131 yanmas\u0131n diye&#8230; Televizyonu a\u00e7\u0131yorsunuz. Burada bu vuruldu, \u015fu vuruldu. \u015eu kadar general \u015furaya \u00e7a\u011f\u0131r\u0131ld\u0131, \u015fu kadar albay \u015furaya \u00e7\u0131kar\u0131ld\u0131. Bununla ter\u00f6re bir \u015feyler ta\u015f\u0131yorsunuz. Bunu yapmak kime ne kazand\u0131r\u0131yor. Bu tezgah\u0131 kuranlara kazand\u0131r\u0131yor. Zaten i\u015f yarg\u0131da, yolunda gidiyor. Yarg\u0131 gerekli karar\u0131 verecektir. Her g\u00fcn yaz\u0131p \u00e7izmede, televizyonda seslendirmede ne var. Bu millete anlataca\u011f\u0131z, yol g\u00f6sterecek g\u00fczel \u015feyler yok mu? Bunlar m\u0131 g\u00fczel \u015feyler, bunlar m\u0131 bize bir \u015fey kazand\u0131r\u0131yor? Hay\u0131r, hay\u0131r, hay\u0131r. Milletimize ufuk verecek \u015feyleri anlatma dertleri yok. Hep vuru\u015fturma, k\u0131z\u0131\u015ft\u0131rma, dert bu. Burada dayan\u0131\u015fma laz\u0131m, bunu sa\u011flamam\u0131z laz\u0131m. A\u00e7\u0131k ve net s\u00f6yl\u00fcyorum milli birlik ve karde\u015fli\u011fimiz tesis etti\u011fimiz s\u00fcrece T\u00fcrkiye\u2019yi tutana a\u015fk olsun. Bu g\u00fcc\u00fcm\u00fcz var. Elbette ele\u015ftireceksin Tayyip Erdo\u011fan yanl\u0131\u015f yap\u0131yorsa ele\u015ftir. Ama sor, soru\u015ftur. Acaba bu haber do\u011fru mu? Bana sor, inan ben sana cevab\u0131n\u0131 vererim. Ele\u015ftir, bana yol g\u00f6ster, te\u015fekk\u00fcr ederim. Ama hakaret etme, yalan haber yapma. Bizim ele\u015ftirye tahamm\u00fcls\u00fczl\u00fc\u011f\u00fcm\u00fcz yok ama milletin birli\u011fi b\u00fct\u00fcnl\u00fc\u011f\u00fcn\u00fc hedef alan, milleti galeyana getiren haberlere kar\u015f\u0131, yalan habere kar\u015f\u0131 hassasiyetim var. Orada k\u0131zar\u0131m, k\u0131zmak da benim hakk\u0131m. Kimsenin siyaset\u00e7iye tepeden bakma hakk\u0131 yok. Biz millet ad\u0131na buraday\u0131z. El pen\u00e7e divan durup, emir buyurdunuz mu diyece\u011fim yoksa s\u00f6ylenmesi gerekeni mi s\u00f6yleyece\u011fim. Milletin temsicilsini kimse a\u015fa\u011f\u0131layamaz.<\/p>\n<p style=\"text-align: justify;\">Bu s\u00fcreci insafs\u0131zca ele\u015ftirenler var. 7 y\u0131l \u00f6nce ayn\u0131 k\u00f6\u015fe yazarlar\u0131 bu konular\u0131 k\u00f6\u015felerine bile ta\u015f\u0131maya korkard\u0131, konu\u015famazd\u0131. \u015eimdi bu konular\u0131 rahat\u00e7a konu\u015fuyor, yaz\u0131yorlar, tart\u0131\u015f\u0131yorlar. Demokratik a\u00e7\u0131l\u0131m nerede diye soruyorsan demokratik a\u00e7\u0131l\u0131m senin k\u00f6\u015fende. AK Parti iktidar\u0131 \u00f6ncesinde d\u00fc\u015f\u00fcncesinden dolay\u0131 mahkum olanlar\u0131n say\u0131s\u0131na bak, \u015fimdi bundan mahkum olan var m\u0131 buna bak. Nereden nereye geldik. \u00d6zg\u00fcrl\u00fck bu ama biz bunu yeterli g\u00f6rm\u00fcyoruz. Temel hak ve \u00f6zg\u00fcrl\u00fckler do\u011fu\u015ftan kazan\u0131lan haklard\u0131r. Bunlar \u00fczerinde kimsenin kalem oynatmamas\u0131 gerekir. T\u0131pk\u0131 \u0130svi\u00e7re\u2019de olan olay gibi. \u0130nan\u00e7, ya\u015fam, d\u00fc\u015f\u00fcnce \u00f6zg\u00fcrl\u00fc\u011f\u00fc, referanduma gider mi yahu? Bunlar do\u011fu\u015ftan kazan\u0131lm\u0131\u015f haklard\u0131r. \u015eimdi d\u00fcnya bunu tart\u0131\u015f\u0131yor. Er veya ge\u00e7 asl\u0131na d\u00f6necek.\u201d<\/p>\n<p style=\"text-align: justify;\"><span style=\"color: #888888;\">Hayati K\u0131l\u0131\u00e7 &#8211; VATAN istihbarat<\/span><\/p>\n","protected":false},"excerpt":{"rendered":"<p style=\"text-align: center;\">\n<p style=\"text-align: justify;\">&#8216;Serap k\u0131z\u0131m\u0131z\u0131 yakanlara \u00e7ocuk deyip ge\u00e7ecek miyiz&#8217;<\/p>\n<p style=\"text-align: justify;\">Erdo\u011fan, \u201cBu s\u00fcreci tamam\u0131na erdirece\u011fiz\u201d diyerek a\u00e7\u0131l\u0131m\u0131n durmayaca\u011f\u0131n\u0131 bir kez daha duyurdu. Ba\u015fbakan g\u00fcnlerdir s\u00fcren sokak eylemlerine tepkisini ise \u015f\u00f6yle dile getirdi: Serap yavrumuzu otob\u00fcste molotof kokteyliyle yakanlar kim? O \u00e7ocuklar\u0131 mazlum mu g\u00f6stereceksin? <\/p>\n","protected":false},"author":1,"featured_media":0,"comment_status":"open","ping_status":"closed","sticky":false,"template":"","format":"standard","meta":{"footnotes":""},"categories":[105],"tags":[],"class_list":["post-16964","post","type-post","status-publish","format-standard","hentry","category-gundem","odd"],"_links":{"self":[{"href":"http:\/\/www.korhanyilmaz.com\/index.php?rest_route=\/wp\/v2\/posts\/16964","targetHints":{"allow":["GET"]}}],"collection":[{"href":"http:\/\/www.korhanyilmaz.com\/index.php?rest_route=\/wp\/v2\/posts"}],"about":[{"href":"http:\/\/www.korhanyilmaz.com\/index.php?rest_route=\/wp\/v2\/types\/post"}],"author":[{"embeddable":true,"href":"http:\/\/www.korhanyilmaz.com\/index.php?rest_route=\/wp\/v2\/users\/1"}],"replies":[{"embeddable":true,"href":"http:\/\/www.korhanyilmaz.com\/index.php?rest_route=%2Fwp%2Fv2%2Fcomments&post=16964"}],"version-history":[{"count":0,"href":"http:\/\/www.korhanyilmaz.com\/index.php?rest_route=\/wp\/v2\/posts\/16964\/revisions"}],"wp:attachment":[{"href":"http:\/\/www.korhanyilmaz.com\/index.php?rest_route=%2Fwp%2Fv2%2Fmedia&parent=16964"}],"wp:term":[{"taxonomy":"category","embeddable":true,"href":"http:\/\/www.korhanyilmaz.com\/index.php?rest_route=%2Fwp%2Fv2%2Fcategories&post=16964"},{"taxonomy":"post_tag","embeddable":true,"href":"http:\/\/www.korhanyilmaz.com\/index.php?rest_route=%2Fwp%2Fv2%2Ftags&post=16964"}],"curies":[{"name":"wp","href":"https:\/\/api.w.org\/{rel}","templated":true}]}}