{"id":16960,"date":"2009-12-06T14:10:34","date_gmt":"2009-12-06T12:10:34","guid":{"rendered":"http:\/\/www.korhanyilmaz.com\/?p=16960"},"modified":"2009-12-06T14:10:34","modified_gmt":"2009-12-06T12:10:34","slug":"sehit-anasi-isyani","status":"publish","type":"post","link":"http:\/\/www.korhanyilmaz.com\/?p=16960","title":{"rendered":"\u015eehit anas\u0131 isyan\u0131!"},"content":{"rendered":"<p style=\"text-align: center;\"><a href=\"http:\/\/www.korhanyilmaz.com\/wp-content\/uploads\/2009\/12\/ASLAN.jpg\"  class=\"lightview\"><img loading=\"lazy\" decoding=\"async\" class=\"aligncenter size-full wp-image-16961\" src=\"http:\/\/www.korhanyilmaz.com\/wp-content\/uploads\/2009\/12\/ASLAN.jpg\" alt=\"\" width=\"329\" height=\"210\" \/><\/a><\/p>\n<p style=\"text-align: justify;\">12 metrekareyi be\u011fenmiyorlar, bu aslan 2 metrekarede yatacak.<\/p>\n<p style=\"text-align: justify;\">\u015eehidin 6 ayl\u0131k hamile e\u015fi \u201cBizi yaln\u0131z b\u0131rakt\u0131. Allah yapanlar\u0131 da yaln\u0131z b\u0131raks\u0131n\u201d diyerek ter\u00f6re lanet etti. Cenaze t\u00f6renine binlerce vatanda\u015f kat\u0131ld\u0131. <!--more--><\/p>\n<p style=\"text-align: justify;\">MARD\u0130N\u2019in Nusaybin \u0130l\u00e7esi\u2019nde PKK\u2019l\u0131 ter\u00f6ristlerle \u00e7\u0131kan \u00e7at\u0131\u015fmada \u00f6nceki ak\u015fam \u015fehit olan Jandarma Uzman \u00c7avu\u015f B\u00fcnyamin \u00d6zcan, memleketi Adana\u2019da topra\u011fa verildi. \u015eehit i\u00e7in d\u00fcn \u00f6nce Mardin\u2019in K\u0131z\u0131ltepe \u0130l\u00e7esi Komando Taburu\u2019nda t\u00f6ren d\u00fczenlendi. Daha sonra \u015fehidin cenazesi memleketi Adana\u2019ya g\u00f6nderildi. Kozan Ho\u015fkadem Camii\u2019nde d\u00fczenlenen t\u00f6rene yakla\u015f\u0131k 2 bin ki\u015fi kat\u0131ld\u0131. Ellerinde T\u00fcrk bayraklar\u0131yla camiye gelen vatanda\u015flar, ter\u00f6r \u00f6rg\u00fct\u00fc aleyhine sloganlar att\u0131. Bir grup ise \u201c\u015eehitler \u00f6lmez, vatan b\u00f6l\u00fcnmez\u201d yaz\u0131l\u0131 pankart a\u00e7arken, vatanda\u015flardan baz\u0131lar\u0131, \u201c12 metrekareyi be\u011fenmiyorlarm\u0131\u015f, bu aslan \u015fimdi 2 metrekarede yatacak\u201d diye ba\u011f\u0131rd\u0131. T\u00f6rende \u015fehidin 6 ayl\u0131k hamile e\u015fi Nazan \u00d6zcan, \u201cCuma g\u00fcn\u00fc saat 15.00\u2019de g\u00f6r\u00fc\u015ft\u00fcm bir \u015fey demedi. \u2019Yemek yiyorum\u2019 dedi. Ben de \u2019Tamam can\u0131m afiyet olsun, \u00f6pt\u00fcm\u2019 diyerek telefonu kapatt\u0131m\u201d diye feryat etti. Ard\u0131ndan da yan\u0131ndaki 5 ya\u015f\u0131ndaki o\u011flu Musa\u2019n\u0131n kolunu tutup havaya kald\u0131ran gen\u00e7 kad\u0131n, \u201cBen bunu jandarma yapmayacakt\u0131m. Ama \u015fimdi yapaca\u011f\u0131m\u201d diye ba\u011f\u0131rd\u0131.\u015eehidin cenazesi g\u00f6t\u00fcr\u00fcld\u00fc\u011f\u00fc Eskimanta\u015f K\u00f6y\u00fc mezarl\u0131\u011f\u0131nda topra\u011fa verildi.<\/p>\n<p style=\"text-align: justify;\">\u015eehidin 5 ya\u015f\u0131ndaki o\u011flu Musa, t\u00f6rende neler oldu\u011funu anlamaya \u00e7al\u0131\u015f\u0131yordu. Annesinin elinde g\u00f6zya\u015flar\u0131na bo\u011fulan minik Musa\u2019y\u0131 \u015fehidi u\u011furlamaya gelen \u00fcst d\u00fczey subaylar yat\u0131\u015ft\u0131rmaya \u00e7al\u0131\u015ft\u0131.<\/p>\n<p style=\"text-align: justify;\"><span style=\"color: #888888;\">VATAN<\/span><\/p>\n","protected":false},"excerpt":{"rendered":"<p style=\"text-align: center;\">\n<p style=\"text-align: justify;\">12 metrekareyi be\u011fenmiyorlar, bu aslan 2 metrekarede yatacak.<\/p>\n<p style=\"text-align: justify;\">\u015eehidin 6 ayl\u0131k hamile e\u015fi \u201cBizi yaln\u0131z b\u0131rakt\u0131. Allah yapanlar\u0131 da yaln\u0131z b\u0131raks\u0131n\u201d diyerek ter\u00f6re lanet etti. Cenaze t\u00f6renine binlerce vatanda\u015f kat\u0131ld\u0131. <\/p>\n","protected":false},"author":1,"featured_media":0,"comment_status":"open","ping_status":"closed","sticky":false,"template":"","format":"standard","meta":{"footnotes":""},"categories":[105],"tags":[],"class_list":["post-16960","post","type-post","status-publish","format-standard","hentry","category-gundem","odd"],"_links":{"self":[{"href":"http:\/\/www.korhanyilmaz.com\/index.php?rest_route=\/wp\/v2\/posts\/16960","targetHints":{"allow":["GET"]}}],"collection":[{"href":"http:\/\/www.korhanyilmaz.com\/index.php?rest_route=\/wp\/v2\/posts"}],"about":[{"href":"http:\/\/www.korhanyilmaz.com\/index.php?rest_route=\/wp\/v2\/types\/post"}],"author":[{"embeddable":true,"href":"http:\/\/www.korhanyilmaz.com\/index.php?rest_route=\/wp\/v2\/users\/1"}],"replies":[{"embeddable":true,"href":"http:\/\/www.korhanyilmaz.com\/index.php?rest_route=%2Fwp%2Fv2%2Fcomments&post=16960"}],"version-history":[{"count":0,"href":"http:\/\/www.korhanyilmaz.com\/index.php?rest_route=\/wp\/v2\/posts\/16960\/revisions"}],"wp:attachment":[{"href":"http:\/\/www.korhanyilmaz.com\/index.php?rest_route=%2Fwp%2Fv2%2Fmedia&parent=16960"}],"wp:term":[{"taxonomy":"category","embeddable":true,"href":"http:\/\/www.korhanyilmaz.com\/index.php?rest_route=%2Fwp%2Fv2%2Fcategories&post=16960"},{"taxonomy":"post_tag","embeddable":true,"href":"http:\/\/www.korhanyilmaz.com\/index.php?rest_route=%2Fwp%2Fv2%2Ftags&post=16960"}],"curies":[{"name":"wp","href":"https:\/\/api.w.org\/{rel}","templated":true}]}}