{"id":16957,"date":"2009-12-06T10:39:22","date_gmt":"2009-12-06T08:39:22","guid":{"rendered":"http:\/\/www.korhanyilmaz.com\/?p=16957"},"modified":"2009-12-06T10:39:22","modified_gmt":"2009-12-06T08:39:22","slug":"izmirde-izinsiz-gosteriler-14-kisi-adliyede","status":"publish","type":"post","link":"http:\/\/www.korhanyilmaz.com\/?p=16957","title":{"rendered":"\u0130zmir&#039;de izinsiz g\u00f6steriler: 14 ki\u015fi adliyede"},"content":{"rendered":"<p><a href=\"http:\/\/www.korhanyilmaz.com\/wp-content\/uploads\/2009\/12\/GOSTER\u0130.jpg\"  class=\"lightview\"><img loading=\"lazy\" decoding=\"async\" class=\"aligncenter size-full wp-image-16958\" src=\"http:\/\/www.korhanyilmaz.com\/wp-content\/uploads\/2009\/12\/GOSTER\u0130.jpg\" alt=\"\" width=\"292\" height=\"207\" \/><\/a><\/p>\n<p style=\"text-align: justify;\">\u0130zmir&#8217;de, korsan g\u00f6steri d\u00fczenleme, g\u00fcvenlik g\u00fc\u00e7leri ve kamu kurulu\u015flar\u0131n\u0131n ara\u00e7 ve binalar\u0131na ta\u015f, molotofkokteyli atma eylemlerine kar\u0131\u015ft\u0131\u011f\u0131 iddias\u0131yla g\u00f6zalt\u0131na al\u0131nan 5&#8217;i \u00fcniversite \u00f6\u011frencisi 14 ki\u015fi adliyeye sevk edildi.<\/p>\n<p style=\"text-align: justify;\">Ter\u00f6rle M\u00fccadele \u015eube M\u00fcd\u00fcrl\u00fc\u011f\u00fc ekipleri, Kadifekale ve Bayrakl\u0131&#8217;da son g\u00fcnlerde ter\u00f6r \u00f6rg\u00fct\u00fc PKK lehine d\u00fczenlenen korsan g\u00f6sterilerle ilgili ba\u015flatt\u0131\u011f\u0131 soru\u015fturmada, eylemleri organize eden ki\u015fileri tek tek tespit etti. <!--more--><\/p>\n<p style=\"text-align: justify;\">Ekipler, d\u00fczenledi\u011fi operasyonda, Dokuz Eyl\u00fcl \u00dcniversitesi (DE\u00dc) E\u011fitim Fak\u00fcltesi T\u00fcrk\u00e7e \u00d6\u011fretmenli\u011fi B\u00f6l\u00fcm\u00fc \u00f6\u011frencisi T.K. (20), Anaokulu \u00d6\u011fretmenli\u011fi B\u00f6l\u00fcm\u00fc \u00f6\u011frencisi E.A. (24), Ege \u00dcniversitesi (E\u00dc) Mimarl\u0131k Fak\u00fcltesi \u00f6\u011frencisi V.A. (21), Mobilya Dekorasyon B\u00f6l\u00fcm\u00fc \u00f6\u011frencisi M.D. (20), Celal Bayar \u00dcniversitesi (CB\u00dc) \u0130ktisat Fak\u00fcltesi \u00f6\u011frencisi A.U&#8217;nun (19) da aralar\u0131nda bulundu\u011fu 14 ki\u015fiyi yakalad\u0131. Zanl\u0131lar, sorgular\u0131n\u0131n ard\u0131ndan \u0130zmir Cumhuriyet Ba\u015fsavc\u0131l\u0131\u011f\u0131na g\u00f6nderildi.<\/p>\n<p style=\"text-align: justify;\">Yakalananlar aras\u0131ndaki E.E. adl\u0131 lise \u00f6\u011frencisi k\u0131z\u0131n, ya\u015f\u0131n\u0131n k\u00fc\u00e7\u00fck olmas\u0131 nedeniyle \u00c7ocuk \u015eube M\u00fcd\u00fcrl\u00fc\u011f\u00fc ekiplerine teslim edildi\u011fi bildirildi.<\/p>\n<p style=\"text-align: justify;\"><strong><em>Eylemler <\/em><\/strong><\/p>\n<p style=\"text-align: justify;\">Zanl\u0131lar\u0131n ter\u00f6r \u00f6rg\u00fct\u00fcn\u00fcn y\u00f6nlendirmesiyle \u015fehirlerde olu\u015fturulan gen\u00e7lik yap\u0131lanmas\u0131nda yer ald\u0131\u011f\u0131, gerginlik yaratmak amac\u0131yla korsan g\u00f6steri ve eylem organize ederek bunlara kat\u0131ld\u0131\u011f\u0131, eylemlerde \u00e7ocuklar\u0131 kulland\u0131\u011f\u0131 ileri s\u00fcr\u00fcld\u00fc.<\/p>\n<p style=\"text-align: justify;\">Zanl\u0131lar\u0131n &#8220;demokratik a\u00e7\u0131l\u0131m&#8221; s\u00fcrecinde Kadifekale&#8217;de korsan g\u00f6steri d\u00fczenleyerek 2 polis otomobiline ta\u015fl\u0131 sald\u0131r\u0131da bulundu\u011fu ve 2 polis memurunu yaralad\u0131\u011f\u0131 tespit edildi.<\/p>\n<p style=\"text-align: justify;\">Ayr\u0131ca, Kadifekale&#8217;de polis merkezine ta\u015f ve molotofkokteyli atan zanl\u0131lar\u0131n son 1 haftada kamu binalar\u0131 ve ara\u00e7lar\u0131 ile \u00f6zel binalara ta\u015f, sopa, havai fi\u015fek ve molotofkokteyli kullanmak suretiyle zarar verdi\u011fi, Bayrakl\u0131&#8217;n\u0131n Onur Mahallesi&#8217;nde belediye otob\u00fcs\u00fcn\u00fc yakt\u0131\u011f\u0131 kaydedildi.<\/p>\n<p style=\"text-align: justify;\">Operasyonda, ter\u00f6r \u00f6rg\u00fct\u00fcyle ilgili yasak yay\u0131n, propaganda g\u00f6r\u00fcnt\u00fc kay\u0131tlar\u0131 ve malzemeleri de ele ge\u00e7irildi.<\/p>\n<p style=\"text-align: justify;\"><span style=\"color: #888888;\">CNN T\u00dcRK<\/span><\/p>\n","protected":false},"excerpt":{"rendered":"<\/p>\n<p style=\"text-align: justify;\">\u0130zmir&#8217;de, korsan g\u00f6steri d\u00fczenleme, g\u00fcvenlik g\u00fc\u00e7leri ve kamu kurulu\u015flar\u0131n\u0131n ara\u00e7 ve binalar\u0131na ta\u015f, molotofkokteyli atma eylemlerine kar\u0131\u015ft\u0131\u011f\u0131 iddias\u0131yla g\u00f6zalt\u0131na al\u0131nan 5&#8217;i \u00fcniversite \u00f6\u011frencisi 14 ki\u015fi adliyeye sevk edildi.<\/p>\n<p style=\"text-align: justify;\">Ter\u00f6rle M\u00fccadele \u015eube M\u00fcd\u00fcrl\u00fc\u011f\u00fc ekipleri, Kadifekale ve Bayrakl\u0131&#8217;da son g\u00fcnlerde ter\u00f6r \u00f6rg\u00fct\u00fc PKK lehine d\u00fczenlenen korsan g\u00f6sterilerle ilgili ba\u015flatt\u0131\u011f\u0131 soru\u015fturmada, eylemleri organize <\/p>\n","protected":false},"author":1,"featured_media":0,"comment_status":"open","ping_status":"closed","sticky":false,"template":"","format":"standard","meta":{"footnotes":""},"categories":[105],"tags":[],"class_list":["post-16957","post","type-post","status-publish","format-standard","hentry","category-gundem","odd"],"_links":{"self":[{"href":"http:\/\/www.korhanyilmaz.com\/index.php?rest_route=\/wp\/v2\/posts\/16957","targetHints":{"allow":["GET"]}}],"collection":[{"href":"http:\/\/www.korhanyilmaz.com\/index.php?rest_route=\/wp\/v2\/posts"}],"about":[{"href":"http:\/\/www.korhanyilmaz.com\/index.php?rest_route=\/wp\/v2\/types\/post"}],"author":[{"embeddable":true,"href":"http:\/\/www.korhanyilmaz.com\/index.php?rest_route=\/wp\/v2\/users\/1"}],"replies":[{"embeddable":true,"href":"http:\/\/www.korhanyilmaz.com\/index.php?rest_route=%2Fwp%2Fv2%2Fcomments&post=16957"}],"version-history":[{"count":0,"href":"http:\/\/www.korhanyilmaz.com\/index.php?rest_route=\/wp\/v2\/posts\/16957\/revisions"}],"wp:attachment":[{"href":"http:\/\/www.korhanyilmaz.com\/index.php?rest_route=%2Fwp%2Fv2%2Fmedia&parent=16957"}],"wp:term":[{"taxonomy":"category","embeddable":true,"href":"http:\/\/www.korhanyilmaz.com\/index.php?rest_route=%2Fwp%2Fv2%2Fcategories&post=16957"},{"taxonomy":"post_tag","embeddable":true,"href":"http:\/\/www.korhanyilmaz.com\/index.php?rest_route=%2Fwp%2Fv2%2Ftags&post=16957"}],"curies":[{"name":"wp","href":"https:\/\/api.w.org\/{rel}","templated":true}]}}