{"id":16953,"date":"2009-12-06T12:19:20","date_gmt":"2009-12-06T10:19:20","guid":{"rendered":"http:\/\/www.korhanyilmaz.com\/?p=16953"},"modified":"2009-12-06T12:19:20","modified_gmt":"2009-12-06T10:19:20","slug":"baykaldan-sonra-soyleyecek-birseyimiz-kalmadi","status":"publish","type":"post","link":"http:\/\/www.korhanyilmaz.com\/?p=16953","title":{"rendered":"Baykal&#039;dan sonra s\u00f6yleyecek bir\u015feyimiz kalmad\u0131"},"content":{"rendered":"<p><a href=\"http:\/\/www.korhanyilmaz.com\/wp-content\/uploads\/2009\/12\/arinc.jpg\"  class=\"lightview\"><img loading=\"lazy\" decoding=\"async\" class=\"aligncenter size-full wp-image-16954\" src=\"http:\/\/www.korhanyilmaz.com\/wp-content\/uploads\/2009\/12\/arinc.jpg\" alt=\"\" width=\"292\" height=\"191\" \/><\/a><\/p>\n<p style=\"text-align: justify;\">Devlet Bakan\u0131 ve Ba\u015fbakan Yard\u0131mc\u0131s\u0131 B\u00fclent Ar\u0131n\u00e7, eski kuvvet komutanlar\u0131n\u0131n &#8220;Ergenekon&#8221; soru\u015fturmas\u0131 kapsam\u0131nda ifade vermelerine ili\u015fkin &#8220;Say\u0131n Baykal dahi bunun \u00e7ok do\u011fru, \u00e7ok ola\u011fan bir \u015fey oldu\u011funu ifade etti. Art\u0131k Say\u0131n Baykal&#8217;\u0131n bu konu\u015fmas\u0131ndan sonra bizim bir \u015fey s\u00f6ylememize, tekrar ilave bir \u015fey s\u00f6ylememize gerek kalmad\u0131&#8221; dedi. <!--more--><\/p>\n<p style=\"text-align: justify;\">Ar\u0131n\u00e7, &#8220;AK Parti Genel Merkez Gen\u00e7lik Kollar\u0131 Ba\u015fkanl\u0131\u011f\u0131 6. \u0130sti\u015fare ve De\u011ferlendirme Toplant\u0131s\u0131na&#8221; geli\u015finde bas\u0131n mensuplar\u0131n\u0131n sorular\u0131n\u0131 yan\u0131tlad\u0131. Bir gazetecinin, &#8220;Kuvvet komutanlar\u0131n\u0131n ifade vermesi konusunda ne d\u00fc\u015f\u00fcn\u00fcyorsunuz?&#8221; sorusu \u00fczerine B\u00fclent Ar\u0131n\u00e7, \u015funlar\u0131 s\u00f6yledi:<\/p>\n<p style=\"text-align: justify;\">&#8220;Bir hukuk\u00e7u olarak ayak \u00fcst\u00fc b\u00f6yle bir de\u011ferlendirme yapmam uygun olmaz. Arkada\u015flar bu konuda yeteri kadar ben de konu\u015ftum, herkes de konu\u015ftu. Yani \u00fc\u00e7 kuvvet komutan\u0131m\u0131z\u0131n d\u00fcn ifade vermek \u00fczere \u00e7a\u011fr\u0131lmalar\u0131 ve uzun bir ifade verdiklerini hepimiz biliyoruz. T\u00fcrkiye&#8217;de herkes bu konuda bir \u015feyler s\u00f6yledi. Say\u0131n Baykal dahi bunun \u00e7ok do\u011fru, \u00e7ok ola\u011fan bir \u015fey oldu\u011funu ifade etti.<\/p>\n<p style=\"text-align: justify;\">Art\u0131k Say\u0131n Baykal&#8217;\u0131n bu konu\u015fmas\u0131ndan sonra bizim bir \u015fey s\u00f6ylememize, tekrar ilave bir \u015fey s\u00f6ylememize gerek kalmad\u0131. Demek ki o bile art\u0131k sonunda bu kadar s\u00f6zden, yaz\u0131dan sonra say\u0131n komutanlar\u0131n ifade vermesinin \u00e7ok do\u011fru, \u00e7ok gerekli bir \u015fey oldu\u011funu kabul etti. Umar\u0131m sonu\u00e7ta T\u00fcrkiye demokrasisi i\u00e7in \u00e7ok hay\u0131rl\u0131 bir sonu\u00e7 olur.&#8221;<\/p>\n<p style=\"text-align: justify;\"><span style=\"color: #888888;\">CNN T\u00dcRK<\/span><\/p>\n","protected":false},"excerpt":{"rendered":"<\/p>\n<p style=\"text-align: justify;\">Devlet Bakan\u0131 ve Ba\u015fbakan Yard\u0131mc\u0131s\u0131 B\u00fclent Ar\u0131n\u00e7, eski kuvvet komutanlar\u0131n\u0131n &#8220;Ergenekon&#8221; soru\u015fturmas\u0131 kapsam\u0131nda ifade vermelerine ili\u015fkin &#8220;Say\u0131n Baykal dahi bunun \u00e7ok do\u011fru, \u00e7ok ola\u011fan bir \u015fey oldu\u011funu ifade etti. Art\u0131k Say\u0131n Baykal&#8217;\u0131n bu konu\u015fmas\u0131ndan sonra bizim bir \u015fey s\u00f6ylememize, tekrar ilave bir \u015fey s\u00f6ylememize gerek kalmad\u0131&#8221; dedi. <\/p>\n","protected":false},"author":1,"featured_media":0,"comment_status":"open","ping_status":"closed","sticky":false,"template":"","format":"standard","meta":{"footnotes":""},"categories":[105],"tags":[],"class_list":["post-16953","post","type-post","status-publish","format-standard","hentry","category-gundem","odd"],"_links":{"self":[{"href":"http:\/\/www.korhanyilmaz.com\/index.php?rest_route=\/wp\/v2\/posts\/16953","targetHints":{"allow":["GET"]}}],"collection":[{"href":"http:\/\/www.korhanyilmaz.com\/index.php?rest_route=\/wp\/v2\/posts"}],"about":[{"href":"http:\/\/www.korhanyilmaz.com\/index.php?rest_route=\/wp\/v2\/types\/post"}],"author":[{"embeddable":true,"href":"http:\/\/www.korhanyilmaz.com\/index.php?rest_route=\/wp\/v2\/users\/1"}],"replies":[{"embeddable":true,"href":"http:\/\/www.korhanyilmaz.com\/index.php?rest_route=%2Fwp%2Fv2%2Fcomments&post=16953"}],"version-history":[{"count":0,"href":"http:\/\/www.korhanyilmaz.com\/index.php?rest_route=\/wp\/v2\/posts\/16953\/revisions"}],"wp:attachment":[{"href":"http:\/\/www.korhanyilmaz.com\/index.php?rest_route=%2Fwp%2Fv2%2Fmedia&parent=16953"}],"wp:term":[{"taxonomy":"category","embeddable":true,"href":"http:\/\/www.korhanyilmaz.com\/index.php?rest_route=%2Fwp%2Fv2%2Fcategories&post=16953"},{"taxonomy":"post_tag","embeddable":true,"href":"http:\/\/www.korhanyilmaz.com\/index.php?rest_route=%2Fwp%2Fv2%2Ftags&post=16953"}],"curies":[{"name":"wp","href":"https:\/\/api.w.org\/{rel}","templated":true}]}}