{"id":16949,"date":"2009-12-05T22:50:14","date_gmt":"2009-12-05T20:50:14","guid":{"rendered":"http:\/\/www.korhanyilmaz.com\/?p=16949"},"modified":"2009-12-05T22:50:14","modified_gmt":"2009-12-05T20:50:14","slug":"komutanlar-serbest-birakildi","status":"publish","type":"post","link":"http:\/\/www.korhanyilmaz.com\/?p=16949","title":{"rendered":"Komutanlar serbest b\u0131rak\u0131ld\u0131"},"content":{"rendered":"<p style=\"text-align: center;\"><a href=\"http:\/\/www.korhanyilmaz.com\/wp-content\/uploads\/2009\/12\/komutanlar.jpg\"  class=\"lightview\"><img loading=\"lazy\" decoding=\"async\" class=\"aligncenter size-full wp-image-16950\" src=\"http:\/\/www.korhanyilmaz.com\/wp-content\/uploads\/2009\/12\/komutanlar.jpg\" alt=\"\" width=\"307\" height=\"236\" \/><\/a><\/p>\n<p style=\"text-align: justify;\">&#8220;Ergenekon&#8221; soru\u015fturmas\u0131 kapsam\u0131nda, darbe iddialar\u0131yla ilgili ifadeye \u00e7a\u011f\u0131r\u0131lan 2004 y\u0131l\u0131n\u0131n Kara Kuvvetleri Komutan\u0131 emekli Orgeneral Ayta\u00e7 Yalman, Hava Kuvvetleri Komutan\u0131 emekli Orgeneral Halil \u0130brahim F\u0131rt\u0131na ve Deniz Kuvvetleri Komutan\u0131 \u00d6zden \u00d6rnek savc\u0131l\u0131k\u00e7a serbest b\u0131rak\u0131ld\u0131. \u00d6rnek, Yalman ve F\u0131rt\u0131na su\u00e7lamalar\u0131 reddetti.<!--more--><\/p>\n<p style=\"text-align: justify;\">Be\u015fikta\u015f&#8217;taki \u0130stanbul Adliyesi&#8217;nde saat 10.00&#8217;da ba\u015flayan ve \u00f6\u011fle yeme\u011fi i\u00e7in verilen yar\u0131m saatlik aran\u0131n ard\u0131ndan devam eden ifade verme i\u015flemi, saat  21.00 s\u0131ralar\u0131nda sona erdi.<\/p>\n<p style=\"text-align: justify;\">Emekli Oramiral \u00d6zden \u00d6rnek&#8217;in ifadesi \u0130stanbul Cumhuriyet Ba\u015fsavc\u0131vekili Turan \u00c7olakkad\u0131, Cumhuriyet Savc\u0131lar\u0131 Zekeriya \u00d6z ve Fikret Se\u00e7en, emekli Orgeneral \u0130brahim F\u0131rt\u0131na&#8217;n\u0131n ifadesi Cumhuriyet Savc\u0131s\u0131 Murat Y\u00f6nder, emekli Orgeneral Ayta\u00e7 Yalman&#8217;\u0131n ifadesi de Cumhuriyet Savc\u0131s\u0131 Ercan \u015eafak taraf\u0131ndan al\u0131nd\u0131.<\/p>\n<p style=\"text-align: justify;\">&#8220;Ergenekon&#8221; soru\u015fturmas\u0131 kapsam\u0131nda savc\u0131l\u0131kta ifade veren 3 eski kuvvet komutan\u0131 serbest b\u0131rak\u0131ld\u0131 ve komutanlar adliyeden ayr\u0131ld\u0131.<\/p>\n<p style=\"text-align: justify;\">Be\u015fikta\u015f&#8217;taki \u0130stanbul Adliyesinden eski kuvvet komutanlar\u0131n\u0131n \u00f6zel ara\u00e7lar\u0131yla ayr\u0131lmalar\u0131 s\u0131ras\u0131nda polis yo\u011fun g\u00fcvenlik \u00f6nlemleri ald\u0131.<\/p>\n<p style=\"text-align: justify;\"><strong>Emekli Orgeneral \u0130brahim F\u0131rt\u0131na&#8217;n\u0131n avukat\u0131 Hasan Fehmi Demir<\/strong>, gazetecilere yapt\u0131\u011f\u0131 a\u00e7\u0131klamada, &#8220;\u015f\u00fcpheli&#8221; s\u0131fat\u0131yla sorgulanan m\u00fcvekkilinin, savc\u0131l\u0131kta kendisine y\u00f6neltilen iddialar\u0131 reddetti\u011fini s\u00f6yledi.<\/p>\n<p style=\"text-align: justify;\">Gazetecilerin, &#8220;Savc\u0131n\u0131n F\u0131rt\u0131na&#8217;ya nas\u0131l hitap etti\u011fi&#8221; sorusuna Avukat Demir, &#8220;Pa\u015fam dediler&#8221; yan\u0131t\u0131n\u0131 verdi.<\/p>\n<p style=\"text-align: justify;\">Eski kuvvet komutanlar\u0131n\u0131n adliyeden ayr\u0131lmas\u0131n\u0131n ard\u0131ndan, sorgulamay\u0131 ger\u00e7ekle\u015ftiren Cumhuriyet savc\u0131lar\u0131 ile sorgulamaya kat\u0131lan \u0130stanbul Cumhuriyet Ba\u015fsavc\u0131vekili Turan \u00c7olakkad\u0131 da adliyeden ayr\u0131ld\u0131.<\/p>\n<p style=\"text-align: justify;\">\u00c7olakkad\u0131, adliyeden ayr\u0131l\u0131rken gazetecilere yapt\u0131\u011f\u0131 a\u00e7\u0131klamada, bug\u00fcn kendisi de dahil Cumhuriyet savc\u0131lar\u0131yla birlikte 3 eski kuvvet komutan\u0131n\u0131n ifadesini ald\u0131klar\u0131n\u0131 ve eski kuvvet komutanlar\u0131n\u0131n serbest kald\u0131klar\u0131n\u0131 s\u00f6yledi.<\/p>\n<p style=\"text-align: justify;\">Gazetecilere bir \u015feyi a\u00e7\u0131klamak istedi\u011fini ifade eden \u00c7olakkad\u0131,  &#8220;Az \u00f6nce bir TV kanal\u0131nda, &#8216;ba\u015fsavc\u0131vekili ile sohbet ediyorlar&#8217; denildi. \u00d6yle bir \u015fey olmad\u0131. 3 ayr\u0131 yerde ifadeler al\u0131nd\u0131\u011f\u0131 i\u00e7in, ifadesi bitenler benim sekreteryada oturup, sonucu beklediler. Son ki\u015fi de bitince i\u015flemlerini yapt\u0131k. Biz i\u00e7eride de\u011ferlendirme yapt\u0131k, onlar d\u0131\u015far\u0131dayd\u0131. Yani \u00f6yle sohbet yok. \u0130fadelerini ald\u0131k, biliyorsunuz. Bekleniyordu ve serbest b\u0131rakt\u0131k&#8221; dedi.<\/p>\n<p style=\"text-align: justify;\">&#8220;Eski kuvvet komutanlar\u0131n\u0131n hangi su\u00e7tan sorguland\u0131klar\u0131&#8221; sorusunu \u00c7olakkad\u0131, &#8220;Su\u00e7lar\u0131 soru\u015fturman\u0131n sonunda tam olarak anla\u015f\u0131l\u0131r. Ama \u00f6z\u00fc bu. Bildi\u011finiz g\u00fcnl\u00fcklerle ilgili sorgulamayd\u0131 esas\u0131. Ba\u015fka sorular\u0131m\u0131z da var. Bunun d\u0131\u015f\u0131nda ifadenin i\u00e7eri\u011fine giremeyiz, o k\u0131sm\u0131 gizli. G\u00fcnl\u00fcklerle ilgili \u015f\u00fcpheli olarak sorgulad\u0131k. Ba\u015fka bilgilerimiz de var tabii. Bu soru\u015fturmada ba\u015fka bilgileri de sorduk, ama bunlar\u0131 a\u00e7\u0131klayamay\u0131z. Soru\u015fturma devam ediyor&#8221; \u015feklinde yan\u0131tlad\u0131.<\/p>\n<p style=\"text-align: justify;\"><strong>CNN T\u00dcRK&#8217;e konu\u015fan \u00d6zden \u00d6rnek&#8217;in avukat\u0131 Din\u00e7er Eskiyerli<\/strong>, \u00d6rnek&#8217;in eski beyanlar\u0131na paralel ifadeler verdi\u011fini ve g\u00fcnl\u00fcklerin kendine ait olmad\u0131\u011f\u0131 ifade etti\u011fini s\u00f6yledi.<\/p>\n<p style=\"text-align: justify;\">Eskiyerli, &#8220;Gayet rahat bir \u015fekilde ifade verdik ve ayr\u0131l\u0131yoruz. Darbe g\u00fcnl\u011fkleri diye iddia edilen belgelerle ilgili sorular soruldu.<\/p>\n<p style=\"text-align: justify;\">Delil yetersizli\u011fi nedeniyle mi serbest b\u0131rak\u0131ld\u0131\u011f\u0131na dair bir\u015fey s\u00f6ylemek i\u00e7in erken. \u015e\u00fcpheli olarak ifade verdi. Komutan gibi eski duru\u015flar\u0131n\u0131 segilediler. Bundan sonraki geli\u015fim hakk\u0131nda savc\u0131lar karar verecek. G\u00fcnl\u00fcklerin i\u00e7eri\u011fine dair sorular vard\u0131&#8221; dedi.<\/p>\n<p style=\"text-align: justify;\">Bu arada, G\u00f6r\u00fcnt\u00fc almaya \u00e7al\u0131\u015fan gazeteciler ile polis ekipleri aras\u0131nda arbede ya\u015fand\u0131.<\/p>\n<p style=\"text-align: justify;\"><strong><em>Savc\u0131 \u00d6z: &#8220;Pijamalar\u0131n\u0131zla gelin&#8221; <\/em><\/strong><\/p>\n<p style=\"text-align: justify;\">Ergenekon soru\u015fturmas\u0131n\u0131 y\u00fcr\u00fcten \u0130stanbul Cumhuriyet Savc\u0131s\u0131 Zekeriya \u00d6z, ifadeye \u00e7a\u011f\u0131r\u0131lan eski kuvvet komutanlar\u0131na s\u00f6zl\u00fc tebligat yapmad\u0131\u011f\u0131n\u0131 s\u00f6ylemi\u015fti.<\/p>\n<p style=\"text-align: justify;\">Milliyet gazetesindeki habere g\u00f6re Savc\u0131 \u00d6z, &#8220;Ben kimseyi aramaya tenezz\u00fcl etmem. Tebligat yaz\u0131l\u0131 yap\u0131ld\u0131&#8221; ifadesini kulland\u0131.<\/p>\n<p style=\"text-align: justify;\">Ergenekon savc\u0131s\u0131, kuvvet komutanlar\u0131n\u0131n adliyeye gidi\u015f saati ile ilgili soruya da &#8220;Pijama ve uyku tulumlar\u0131n\u0131zla gelin&#8221; cevab\u0131n\u0131 verdi.<\/p>\n<p style=\"text-align: justify;\">&#8220;Ay\u0131\u015f\u0131\u011f\u0131&#8221;, &#8220;Yakamoz&#8221;, &#8220;Sar\u0131k\u0131z&#8221; ve &#8220;Eldiven&#8221; darbe g\u00fcnl\u00fcklerinin sahibi oldu\u011fu iddia edilen Oramiral \u00d6zden \u00d6rnek, hakk\u0131ndaki iddialar\u0131 kesin bir dille yalanlam\u0131\u015ft\u0131.<\/p>\n<p style=\"text-align: justify;\">2003-2005 y\u0131llar\u0131 aras\u0131ndaki d\u00f6nemi kapsayan g\u00fcnl\u00fckler, 29 Mart 2007&#8217;de Nokta dergisinde yay\u0131mlanm\u0131\u015ft\u0131.<\/p>\n<p style=\"text-align: justify;\"><strong><em>Gazeteciler komutanlar\u0131n sorgusunu CNN T\u00dcRK&#8217;e de\u011ferlendirdi <\/em><\/strong><\/p>\n<p style=\"text-align: justify;\"><strong>Milliyet gazetesi yazar\u0131 Fikret Bila:<\/strong> &#8220;Mahkemeye sevkedecek y\u00f6n bulamad\u0131 savc\u0131lar. Dolay\u0131s\u0131yla tan\u0131k s\u0131fat\u0131na yak\u0131n bir i\u015flem yap\u0131lm\u0131\u015f gibi yorumlanavbilir. \u00d6zden \u00d6rnek&#8217;in verdi\u011fi ifade \u00f6nemlidir. G\u00fcnl\u00fcklerin kendine ait olmad\u0131\u011f\u0131n\u0131 daha \u00f6nce s\u00f6ylemi\u015fti. Ayn\u0131 ifadeyi yine verecekti&#8230;&#8221;<\/p>\n<p style=\"text-align: justify;\"><strong>H\u00fcrriyet gazetesi yazar\u0131 Tufan T\u00fcren\u00e7:<\/strong> &#8220;G\u00fcnl\u00fcklerin komutanlara ait oldu\u011funa dair bir delil yok. Ama bu savc\u0131lar\u0131 tatmin etmedi. G\u00fcnl\u00fckler \u00d6zden \u00d6rnek&#8217;e ait dediler&#8230; Bu ifadelerin al\u0131mas\u0131 \u00e7ok iyi oldu. &#8216;Bunlar\u0131n \u00fczerine gidilemiyor mu?&#8217; sorular\u0131 giderildi. Bu defteri kapamak laz\u0131m. \u0130nsanlar\u0131n huzurunun bozulmamas\u0131 laz\u0131m. TSK&#8217;y\u0131 rencide edici \u015feyler bunlar. Bu orduya muhtac\u0131z. TSK&#8217;y\u0131 bu kadar rencide edersek bu \u00fclkenin sokaklar\u0131nda dola\u015famaz hale geliriz.&#8221;<\/p>\n<p style=\"text-align: justify;\"><strong>Meclis Anayasa Komisyonu Ba\u015fkan\u0131 Burhan Kuzu:<\/strong> &#8220;\u00d6rnek, g\u00fcnl\u00fcklerin kendine ait olmad\u0131\u011f\u0131n\u0131 s\u00f6yl\u00fcyor ama daha \u00f6nce de &#8216;ba\u015f\u0131ma bir\u015fey gelmesin diye yok ettim&#8217; demi\u015fti. Yarg\u0131 karar\u0131n\u0131 verecektir. Bu s\u00fcreci kimse kesmemeli. Kafes plan\u0131 var&#8230; Korku filminin bin beteri&#8230; Bunlar\u0131n ger\u00e7eklik pay\u0131 olup olmamas\u0131 yarg\u0131yla ortaya \u00e7\u0131kacak. B\u0131rak\u0131lmalar\u0131 su\u00e7suz olduklar\u0131 anlam\u0131na gelmez, su\u00e7lu olduklar\u0131 anlam\u0131na da&#8230;&#8221;<\/p>\n<p style=\"text-align: justify;\"><strong>CHP Grup Ba\u015fkanvekili Kemal Anadol:<\/strong> &#8220;T\u00fcrkiye&#8217;de hi\u00e7 kimsenin dokunulmazl\u0131\u011f\u0131 olmamal\u0131d\u0131r. Yarg\u0131 ger\u00e7e\u011fi ortaya \u00e7\u0131karmal\u0131d\u0131r. Bu a\u00e7\u0131dan bakt\u0131\u011f\u0131m\u0131zda komutanlar ifade vermesi do\u011fald\u0131r. Bu s\u00fcrece kimse m\u00fcdahale etmemelidir. Ancak g\u00f6r\u00fclen bu davada bir bilgi karart\u0131lmas\u0131, kamuoyunun yan\u0131t\u0131lmas\u0131 gibi bir d\u00f6nemi ya\u015f\u0131yoruz. Davan\u0131n \u00f6n\u00fcndeki en b\u00fcy\u00fck engel budur. Bilgiler bas\u0131na servis ediliyor&#8230; Askerlerin de dokunulmazl\u0131\u011f\u0131 yoktur. S\u0131ra politikac\u0131lar ge\u00e7mi\u015ftir. Hakk\u0131nda dosya olan b\u00fct\u00fcn milletvekilleri aklanma hakk\u0131n\u0131 ka\u00e7\u0131rmamal\u0131d\u0131rlar.&#8221;<\/p>\n<p style=\"text-align: justify;\"><strong>Eski Adalet Bakan\u0131 Hikmet Sami T\u00fcrk: <\/strong>&#8220;(\u0130fadeye \u00e7a\u011fr\u0131lmalr\u0131) Biraz gecikmi\u015f gibi g\u00f6r\u00fcn\u00fcyor. Daha \u00f6nce olmal\u0131yd\u0131. Hi\u00e7kimsenin demokratik \u00fclkede su\u00e7 i\u015flemeye hakk\u0131 yoktur. Bu su\u00e7 i\u015flenmi\u015f anlam\u0131na gelmez. Tutuklama karar\u0131 verilmemi\u015f. Her ifade verenin tutuklanmas\u0131 gerekmez. Su\u00e7 i\u015flendi\u011fine dair kuvvetli deliller olmas\u0131 gerekir. \u00d6rnek&#8217;e ait oldu\u011fu iddia edilen g\u00fcnl\u00fcklerin \u00d6rnek taraf\u0131ndan tutuldu\u011fu kan\u0131tlanmal\u0131 ve bu tek ba\u015f\u0131na da yeterli omayabilir. Ba\u015fka deliller de bulunmal\u0131.&#8221;<\/p>\n<p style=\"text-align: justify;\"><strong>Milliyet gazetesi yazar\u0131 Taha Akyol:<\/strong> &#8220;Darbe g\u00fcnl\u00fckleri iddialar\u0131 ve bu belgeler tek ba\u015f\u0131na tutuklama i\u00e7in yeterli de\u011fil. Demek ki darbe g\u00fcnl\u00fcklerini do\u011frulayan ba\u015fka deliller elde bulunmamaktad\u0131r ve bu nedenle tuuklama talebinde bulunulmad\u0131.&#8221;<\/p>\n<p style=\"text-align: justify;\">CNN T\u00dcRK&#8217;\u00fcn yay\u0131n\u0131na kat\u0131lan<strong> eski DGM Savc\u0131s\u0131 Mete G\u00f6kt\u00fcrk<\/strong>, &#8220;Komutanlar\u0131n iddialar hakk\u0131nda ifade vermeleri normaldir&#8221; dedi.<\/p>\n<p style=\"text-align: justify;\"><strong>Milliyet gazetesi yazar\u0131 Hasan Cemal:<\/strong> &#8220;G\u00fcnl\u00fcklere bak\u0131l\u0131nca darbe planlar\u0131 g\u00f6r\u00fcl\u00fcyordu. AK Parti 2002&#8217;de tek ba\u015f\u0131na iktidar oldu. Anla\u015f\u0131lan o ki o tarihlerde d\u00fc\u011fmeye bas\u0131ld\u0131. H\u00fck\u00fcmetin aya\u011f\u0131n\u0131 kald\u0131rmakt\u0131 ama\u00e7. Ergenekon ile gelinen bir yer var. \u00d6zden \u00d6rnek darbe iddialar\u0131n\u0131 kabul etmedi. Ancak Hilmi \u00d6zk\u00f6k bunun aksini iddia etti. \u00d6ylesine a\u00e7\u0131k ki her \u015fey. T\u00fcrkiye&#8217;de asker ne kadar hukukun i\u00e7ine \u00e7ekilirse o kadar yere basar.&#8221;<\/p>\n<p style=\"text-align: justify;\"><strong>Milliyet gazetesi yazar\u0131 Tufan T\u00fcren\u00e7:<\/strong> &#8220;Komutanlar\u0131n ifadelerinin al\u0131nmas\u0131n\u0131 olumlu buluyoruz. Ortada bir su\u00e7 varsa a\u00e7\u0131\u011fa \u00e7\u0131kar\u0131lmal\u0131. Neyin do\u011fru oldu\u011funa inanmak g\u00fc\u00e7. G\u00fcnl\u00fcklerin ger\u00e7ek olmad\u0131\u011f\u0131 bile s\u00f6yleniyor. Darbe haz\u0131rl\u0131\u011f\u0131 yapt\u0131\u011f\u0131 iddia edilen 3 komutan\u0131n s\u00f6yleyecekleri \u00f6nemli. D\u00f6nemin Genelkurmay Ba\u015fkan\u0131 Hilmi \u00d6zk\u00f6k gayet a\u00e7\u0131k, d\u00fcr\u00fcst\u00e7e bu duyumlar\u0131 ben de ald\u0131m ara\u015ft\u0131rd\u0131m ama somut bir \u015fey bulamad\u0131m.<\/p>\n<p style=\"text-align: justify;\">Defteri kapatt\u0131k dedi. Ama o defterler yeniden a\u00e7\u0131l\u0131yor. Ben Hasan Cemal gibi d\u00fc\u015f\u00fcnm\u00fcyorum. O \u00e7ok \u00f6nyarg\u0131l\u0131. Su\u00e7lular cezalar\u0131n\u0131 \u00e7eksinler istiyor. Duygusal ve \u00f6nyarg\u0131l\u0131 olmamak laz\u0131m. \u0130\u00e7eride su\u00e7suz 2.5 y\u0131ld\u0131r yatan insanlar var. \u0130ddianameler sa\u00e7ma sapan. Sami Sel\u00e7uk bile s\u00f6yledi. Ben b\u00f6yle iddianame g\u00f6rmedim diyor. Bu dava bitmez. Orduyu y\u0131pratmak kimseye yarar getirmez. Ordunun i\u00e7inde ters bir \u015feyler varsa onu hukuk \u00e7er\u00e7evesi i\u00e7inde ele almak gerek. Ortada Ergenekon diye bir \u00f6rg\u00fct var m\u0131 onu incelemek laz\u0131m \u00f6nce. Ben bu davan\u0131n bu kadroyla T\u00fcrkiye&#8217;ye fayda getirece\u011fine inanm\u0131yorum.&#8221;<\/p>\n<p style=\"text-align: justify;\"><strong>Gazeteci yazar Sayg\u0131 \u00d6zt\u00fcrk: <\/strong>&#8220;Bir gecede askere yarg\u0131 yolu a\u00e7\u0131ld\u0131. Ben \u00d6zden \u00d6rnek ile 2 g\u00fcn \u00f6nce konu\u015ftum. Hukuka olan ba\u011fl\u0131l\u0131klar\u0131n\u0131 iletti. &#8216;Herkes bana k\u00fcf\u00fcrler etti ama ben a\u011fz\u0131m\u0131 kapad\u0131m ve konu\u015fmad\u0131m&#8217; dedi. &#8216;Ben o g\u00fcnl\u00fckler bana ait de\u011fil dediysem \u00f6yledir. \u0130\u00e7im son derece rahat. Kendime g\u00fcveniyorum&#8217; dedi. Bundan sonras\u0131 \u00f6nemli. Cumhuriyet savc\u0131s\u0131 ya takipsizlik karar\u0131 verecek ya da dava devam edecek. Bu s\u00fcre\u00e7 normal ama gecikmi\u015f bir durum. Darbe iddialar\u0131yla ilgili hi\u00e7bir komutan\u0131n bilgisine ba\u015fvurulmamas\u0131 ilgin\u00e7tir. Demek ki planl\u0131 programl\u0131 bir sistem haz\u0131rland\u0131 geceyar\u0131s\u0131 yasas\u0131yla. Bana g\u00f6re \u00f6nce \u00d6rnek&#8217;in iafedsi al\u0131nacak. \u00c7\u00fcnk\u00fc darbe g\u00fcnl\u00fckleriyle su\u00e7lan\u0131yor.&#8221;<\/p>\n<p style=\"text-align: justify;\"><strong>H\u00fcrriyet gazetesi yazar\u0131 C\u00fcneyt \u00dclsever:<\/strong> &#8220;\u015eimdiye kadar bu insanlara hi\u00e7 dokunulmayaca\u011f\u0131 genel kan\u0131yd\u0131. Bug\u00fcn bu k\u0131r\u0131l\u0131yor. \u00c7ok a\u011f\u0131r iddialar var. Su\u00e7lu olup olmad\u0131klar\u0131n\u0131 s\u00f6yleyecek ne yetkim var ne de haddim. Ama konunun mahkemeya ta\u015f\u0131nmas\u0131 \u00f6nemli. Darbe yapanlara soru sorulacak m\u0131 merakla bekliyorum.&#8221;<\/p>\n<p style=\"text-align: justify;\"><strong>Radikal gazetesi Genel Yay\u0131n Y\u00f6netmeni \u0130smet Berkan: <\/strong>&#8220;Bu \u00e7ok ge\u00e7 kal\u0131nm\u0131\u015f bir karar. Ne s\u0131fatla \u00e7a\u011f\u0131r\u0131ld\u0131klar\u0131 bile belli de\u011fil. Soru\u015fturman\u0131n ge\u00e7 de olsa ba\u015flam\u0131\u015f olmas\u0131 \u00f6nemli.&#8221;<\/p>\n<p style=\"text-align: justify;\"><span style=\"color: #888888;\">CNN T\u00dcRK<\/span><\/p>\n","protected":false},"excerpt":{"rendered":"<p style=\"text-align: center;\">\n<p style=\"text-align: justify;\">&#8220;Ergenekon&#8221; soru\u015fturmas\u0131 kapsam\u0131nda, darbe iddialar\u0131yla ilgili ifadeye \u00e7a\u011f\u0131r\u0131lan 2004 y\u0131l\u0131n\u0131n Kara Kuvvetleri Komutan\u0131 emekli Orgeneral Ayta\u00e7 Yalman, Hava Kuvvetleri Komutan\u0131 emekli Orgeneral Halil \u0130brahim F\u0131rt\u0131na ve Deniz Kuvvetleri Komutan\u0131 \u00d6zden \u00d6rnek savc\u0131l\u0131k\u00e7a serbest b\u0131rak\u0131ld\u0131. \u00d6rnek, Yalman ve F\u0131rt\u0131na su\u00e7lamalar\u0131 reddetti.<\/p>\n","protected":false},"author":1,"featured_media":0,"comment_status":"open","ping_status":"closed","sticky":false,"template":"","format":"standard","meta":{"footnotes":""},"categories":[105],"tags":[],"class_list":["post-16949","post","type-post","status-publish","format-standard","hentry","category-gundem","odd"],"_links":{"self":[{"href":"http:\/\/www.korhanyilmaz.com\/index.php?rest_route=\/wp\/v2\/posts\/16949","targetHints":{"allow":["GET"]}}],"collection":[{"href":"http:\/\/www.korhanyilmaz.com\/index.php?rest_route=\/wp\/v2\/posts"}],"about":[{"href":"http:\/\/www.korhanyilmaz.com\/index.php?rest_route=\/wp\/v2\/types\/post"}],"author":[{"embeddable":true,"href":"http:\/\/www.korhanyilmaz.com\/index.php?rest_route=\/wp\/v2\/users\/1"}],"replies":[{"embeddable":true,"href":"http:\/\/www.korhanyilmaz.com\/index.php?rest_route=%2Fwp%2Fv2%2Fcomments&post=16949"}],"version-history":[{"count":0,"href":"http:\/\/www.korhanyilmaz.com\/index.php?rest_route=\/wp\/v2\/posts\/16949\/revisions"}],"wp:attachment":[{"href":"http:\/\/www.korhanyilmaz.com\/index.php?rest_route=%2Fwp%2Fv2%2Fmedia&parent=16949"}],"wp:term":[{"taxonomy":"category","embeddable":true,"href":"http:\/\/www.korhanyilmaz.com\/index.php?rest_route=%2Fwp%2Fv2%2Fcategories&post=16949"},{"taxonomy":"post_tag","embeddable":true,"href":"http:\/\/www.korhanyilmaz.com\/index.php?rest_route=%2Fwp%2Fv2%2Ftags&post=16949"}],"curies":[{"name":"wp","href":"https:\/\/api.w.org\/{rel}","templated":true}]}}