{"id":16942,"date":"2009-12-04T17:49:53","date_gmt":"2009-12-04T15:49:53","guid":{"rendered":"http:\/\/www.korhanyilmaz.com\/?p=16942"},"modified":"2009-12-04T17:49:53","modified_gmt":"2009-12-04T15:49:53","slug":"64-gun-sonra-ilk-sehit","status":"publish","type":"post","link":"http:\/\/www.korhanyilmaz.com\/?p=16942","title":{"rendered":"64 g\u00fcn sonra ilk \u015fehit"},"content":{"rendered":"<p style=\"text-align: justify;\"><a href=\"http:\/\/www.korhanyilmaz.com\/wp-content\/uploads\/2009\/12\/ASKER.jpg\"  class=\"lightview\"><img loading=\"lazy\" decoding=\"async\" class=\"aligncenter size-full wp-image-16943\" src=\"http:\/\/www.korhanyilmaz.com\/wp-content\/uploads\/2009\/12\/ASKER.jpg\" alt=\"\" width=\"400\" height=\"199\" \/><\/a><\/p>\n<p style=\"text-align: justify;\">ANKARA &#8211; Mardin\u2019de, b\u00f6l\u00fcc\u00fc ter\u00f6r \u00f6rg\u00fct\u00fc mensublar\u0131yla girilen \u00e7at\u0131\u015fmada 1 Jandarma Uzman \u00c7avu\u015f \u015fehit oldu, 1 Jandarma Uzman \u00c7avu\u015f da yaraland\u0131. Genelkurmay Ba\u015fkanl\u0131\u011f\u0131\u2019ndan yap\u0131lan a\u00e7\u0131klamada, Mardin ili Nusaybin il\u00e7esi da\u011fl\u0131k arazi kesiminde, bir grup b\u00f6l\u00fcc\u00fc ter\u00f6r \u00f6rg\u00fct\u00fc mensubu ile sa\u011flanan temasta ter\u00f6ristler taraf\u0131ndan a\u00e7\u0131lan ilk ate\u015f sonucu 1 Jandarma Uzman \u00c7avu\u015f \u015fehit oldu, 1 Jandarma Uzman \u00c7avu\u015f da yaraland\u0131. Yaral\u0131 Jandarma Uzman \u00c7avu\u015f askeri helikopter ile Diyarbak\u0131r Asker Hastanesi\u2019ne sevk edildi. <!--more--><\/p>\n<p style=\"text-align: justify;\"><strong><em>Erdo\u011fan\u2019dan ba\u015fsa\u011fl\u0131\u011f\u0131 <\/em><\/strong><\/p>\n<p style=\"text-align: justify;\">Olay\u0131n ard\u0131ndan Ba\u015fbakan Recep Tayyip Erdo\u011fan, Genelkurmay Ba\u015fkan\u0131 Orgeneral \u0130lker Ba\u015fbu\u011f\u2019a bir ba\u015fsa\u011fl\u0131\u011f\u0131 mesaj\u0131 g\u00f6ndererek \u00fcz\u00fcnt\u00fclerini iletti. Erdo\u011fan, mesaj\u0131nda, T\u00fcrk Silahl\u0131 Kuvvetlerinin kahraman mensuplar\u0131na ba\u015fsa\u011fl\u0131\u011f\u0131, yaral\u0131 asker i\u00e7in de acil \u015fifalar diledi.<\/p>\n<p style=\"text-align: justify;\"><strong><em>En son \u015fehit 1 Ekim\u2019de <\/em><\/strong><\/p>\n<p style=\"text-align: justify;\">Demokratik a\u00e7\u0131l\u0131m \u00e7al\u0131\u015fmalar\u0131n\u0131n ard\u0131ndan en son 1 Ekim tarihinde g\u00fcvenlik g\u00f6revlisi \u015fehit olmu\u015ftu. \u015e\u0131rnak\u2019\u0131n Silopi il\u00e7esinin da\u011fl\u0131k arazi kesiminde b\u00f6l\u00fcc\u00fc ter\u00f6r \u00f6rg\u00fct\u00fc mensuplar\u0131yla girilen \u00e7at\u0131\u015fmada 1 g\u00fcvenlik g\u00f6revlisi hayat\u0131n\u0131 kaybetmi\u015fti. \u00c7at\u0131\u015fmalar\u0131n d\u0131\u015f\u0131nda 4 Ekim tarihinde de \u015e\u0131rnak k\u0131rsal\u0131nda bir g\u00fcvenlik g\u00f6revlisi may\u0131n patlamas\u0131 sonucu \u015fehit olmu\u015ftu. Ge\u00e7en Kas\u0131m ay\u0131nda \u015fehit verilmezken 1 Aral\u0131k tarihinde ise patlay\u0131c\u0131 sonucu \u015e\u0131rnak k\u0131rsal\u0131nda 1 g\u00fcvenlik g\u00f6revlisi yaralanm\u0131\u015ft\u0131.<\/p>\n<p style=\"text-align: justify;\"><strong><em><span style=\"color: #000000;\">\u015e\u0131rnak\u2019ta askeri sevkiyat <\/span><\/em><\/strong><\/p>\n<p style=\"text-align: justify;\">\u015eIRNAK ve \u00e7evresinde ter\u00f6ristleri etkisiz hale getirmek i\u00e7in operasyonlar aral\u0131klarla s\u00fcrd\u00fcr\u00fcl\u00fcyor. Operasyonlar son g\u00fcnlerde Cudi, K\u00fcpeli da\u011flar\u0131 ile Bestler Dereler B\u00f6lgesinde yo\u011funla\u015ft\u0131r\u0131ld\u0131. Operasyonlara \u015e\u0131rnak 23\u2019\u00fcnc\u00fc Jandarma S\u0131n\u0131r T\u00fcmen Komutanl\u0131\u011f\u0131\u2019ndan havalanan helikopterler de destek verdi. Cizre \u0130l\u00e7esi\u2019ndeki 172\u2019nci Z\u0131rhl\u0131 Piyade Tugay Komutanl\u0131\u011f\u0131\u2019ndan bu sabah operasyon b\u00f6lgesine sevkiyat ger\u00e7ekle\u015ftirildi. Z\u0131rhl\u0131 ara\u00e7lar ve askerler konvoy halinde Cudi Da\u011f\u0131 eteklerinde bulunan Hisar, \u00c7a\u011flayan, Aksu, Yeditepe, K\u00f6serli ve Tu\u015fimiya Vadisi B\u00f6lgesi\u2019ne gitti.<\/p>\n<p style=\"text-align: justify;\"><span style=\"color: #888888;\">VATAN<\/span><\/p>\n","protected":false},"excerpt":{"rendered":"<p style=\"text-align: justify;\">\n<p style=\"text-align: justify;\">ANKARA &#8211; Mardin\u2019de, b\u00f6l\u00fcc\u00fc ter\u00f6r \u00f6rg\u00fct\u00fc mensublar\u0131yla girilen \u00e7at\u0131\u015fmada 1 Jandarma Uzman \u00c7avu\u015f \u015fehit oldu, 1 Jandarma Uzman \u00c7avu\u015f da yaraland\u0131. Genelkurmay Ba\u015fkanl\u0131\u011f\u0131\u2019ndan yap\u0131lan a\u00e7\u0131klamada, Mardin ili Nusaybin il\u00e7esi da\u011fl\u0131k arazi kesiminde, bir grup b\u00f6l\u00fcc\u00fc ter\u00f6r \u00f6rg\u00fct\u00fc mensubu ile sa\u011flanan temasta ter\u00f6ristler taraf\u0131ndan a\u00e7\u0131lan ilk ate\u015f sonucu 1 Jandarma Uzman <\/p>\n","protected":false},"author":1,"featured_media":0,"comment_status":"open","ping_status":"closed","sticky":false,"template":"","format":"standard","meta":{"footnotes":""},"categories":[105],"tags":[],"class_list":["post-16942","post","type-post","status-publish","format-standard","hentry","category-gundem","odd"],"_links":{"self":[{"href":"http:\/\/www.korhanyilmaz.com\/index.php?rest_route=\/wp\/v2\/posts\/16942","targetHints":{"allow":["GET"]}}],"collection":[{"href":"http:\/\/www.korhanyilmaz.com\/index.php?rest_route=\/wp\/v2\/posts"}],"about":[{"href":"http:\/\/www.korhanyilmaz.com\/index.php?rest_route=\/wp\/v2\/types\/post"}],"author":[{"embeddable":true,"href":"http:\/\/www.korhanyilmaz.com\/index.php?rest_route=\/wp\/v2\/users\/1"}],"replies":[{"embeddable":true,"href":"http:\/\/www.korhanyilmaz.com\/index.php?rest_route=%2Fwp%2Fv2%2Fcomments&post=16942"}],"version-history":[{"count":0,"href":"http:\/\/www.korhanyilmaz.com\/index.php?rest_route=\/wp\/v2\/posts\/16942\/revisions"}],"wp:attachment":[{"href":"http:\/\/www.korhanyilmaz.com\/index.php?rest_route=%2Fwp%2Fv2%2Fmedia&parent=16942"}],"wp:term":[{"taxonomy":"category","embeddable":true,"href":"http:\/\/www.korhanyilmaz.com\/index.php?rest_route=%2Fwp%2Fv2%2Fcategories&post=16942"},{"taxonomy":"post_tag","embeddable":true,"href":"http:\/\/www.korhanyilmaz.com\/index.php?rest_route=%2Fwp%2Fv2%2Ftags&post=16942"}],"curies":[{"name":"wp","href":"https:\/\/api.w.org\/{rel}","templated":true}]}}