{"id":16935,"date":"2009-12-04T17:13:27","date_gmt":"2009-12-04T15:13:27","guid":{"rendered":"http:\/\/www.korhanyilmaz.com\/?p=16935"},"modified":"2009-12-04T17:13:27","modified_gmt":"2009-12-04T15:13:27","slug":"deniz-feneri-pire-kalir","status":"publish","type":"post","link":"http:\/\/www.korhanyilmaz.com\/?p=16935","title":{"rendered":"Deniz Feneri pire kal\u0131r"},"content":{"rendered":"<p style=\"text-align: center;\"><a href=\"http:\/\/www.korhanyilmaz.com\/wp-content\/uploads\/2009\/12\/43901362.jpg\"  class=\"lightview\"><img loading=\"lazy\" decoding=\"async\" class=\"aligncenter size-full wp-image-16937\" src=\"http:\/\/www.korhanyilmaz.com\/wp-content\/uploads\/2009\/12\/43901362.jpg\" alt=\"\" width=\"398\" height=\"142\" \/><\/a><\/p>\n<p style=\"text-align: justify;\">Almanya\u2019daki en b\u00fcy\u00fck M\u00fcsl\u00fcman kurulu\u015flar\u0131ndan birisi olan \u0130slam Toplumu Milli G\u00f6r\u00fc\u015f\u2019e y\u00f6nelik 2 Aral\u0131k g\u00fcn\u00fc K\u00f6ln Savc\u0131l\u0131\u011f\u0131\u2019n\u0131n iste\u011fi \u00fczerine polis taraf\u0131ndan bir \u00e7ok kentte ortak bir operasyon ger\u00e7ekle\u015ftirildi.<\/p>\n<p style=\"text-align: justify;\">Almanya\u2019daki en b\u00fcy\u00fck M\u00fcsl\u00fcman kurulu\u015flar\u0131ndan birisi olan \u0130slam Toplumu Milli G\u00f6r\u00fc\u015f\u2019e y\u00f6nelik 2 Aral\u0131k g\u00fcn\u00fc K\u00f6ln Savc\u0131l\u0131\u011f\u0131\u2019n\u0131n iste\u011fi \u00fczerine polis taraf\u0131ndan bir \u00e7ok kentte ortak bir operasyon ger\u00e7ekle\u015ftirildi. K\u00f6ln yak\u0131nlar\u0131ndaki Kerpen\u2019deki genel merkez, Berlin, Hamburg, Frankfurt ve M\u00fcnih gibi b\u00fcy\u00fck kentlerdeki cami dernekleri ba\u015fta olmak \u00fczere bir \u00e7ok kentte toplam 26 binada arama yap\u0131ld\u0131.<!--more--><\/p>\n<p style=\"text-align: justify;\">Berlin \u0130slam Federasyonu Eski Y\u00f6neticisi Abd\u00fcrrahim Vural, gazetemize yapt\u0131\u011f\u0131 a\u00e7\u0131klamada \u201cDeniz Feneri, Milli G\u00f6r\u00fc\u015f\u2019\u00fcn yan\u0131nda ancak pire gibidir\u201d yorumunu yapt\u0131..<\/p>\n<p style=\"text-align: justify;\">Savc\u0131l\u0131k, Milli G\u00f6r\u00fc\u015f taraf\u0131ndan a\u00e7\u0131lan ba\u011f\u0131\u015f kampanyas\u0131ndan elde edilen paralar\u0131n amac\u0131na uygunsuz bir \u015fekilde kullan\u0131ld\u0131\u011f\u0131n\u0131 ileri s\u00fcr\u00fcl\u00fcyor. Ayr\u0131ca \u00e7al\u0131\u015fanlar\u0131n sosyal sigorta primlerinin de \u00f6denmedi\u011fi ifade ediliyor. Bask\u0131nlar s\u0131ras\u0131nda, polis \u00e7ok say\u0131da bilgi ve belgeye el koydu.<\/p>\n<p style=\"text-align: justify;\">Milli G\u00f6r\u00fc\u015f\u2019e y\u00f6nelik ge\u00e7ti\u011fimiz y\u0131l da ayn\u0131 gerek\u00e7eyle bir bask\u0131n d\u00fczenlenmi\u015f, y\u00f6neticileri hakk\u0131nda dava a\u00e7\u0131lm\u0131\u015ft\u0131. Daha \u00f6nce de, Milli G\u00f6r\u00fc\u015f\u2019\u00fcn arac\u0131l\u0131\u011f\u0131yla T\u00fcrkiye\u2019de kooperatif evlerinin yap\u0131lmas\u0131 i\u00e7in \u00fcyelerden al\u0131nan paralar tart\u0131\u015fma konusu olmu\u015ftu.<\/p>\n<p style=\"text-align: justify;\">Milli G\u00f6r\u00fc\u015f y\u00f6neticileri kooperatif evi yapma s\u00f6z\u00fcyle \u00e7ok say\u0131da ki\u015fiden para ald\u0131\u011f\u0131 halde, konutlar\u0131 yapmam\u0131\u015ft\u0131.<\/p>\n<p style=\"text-align: justify;\"><strong><em>ANCAK Y\u00dcZDE 5\u2019\u0130 AMACINA UYGUN<\/em><\/strong><\/p>\n<p style=\"text-align: justify;\">Milli G\u00f6r\u00fc\u015f\u2019\u00fcn toplad\u0131\u011f\u0131 ba\u011f\u0131\u015flar\u0131n amac\u0131na uygun olarak kullanmad\u0131\u011f\u0131n\u0131 tespit eden ve su\u00e7 duyurusunda bulunan Berlin \u0130slam Federasyonu Eski Y\u00f6netici Abd\u00fcrrahim Vural, gazetemize yapt\u0131\u011f\u0131 a\u00e7\u0131klamada, toplanan paralar\u0131n haddi hesab\u0131n\u0131n olmad\u0131\u011f\u0131n\u0131 s\u00f6yledi. Milli G\u00f6r\u00fc\u015f hakk\u0131nda uzun zamandan beri su\u00e7 duyurusunda bulundu\u011funu ancak savc\u0131l\u0131\u011f\u0131n harekete ge\u00e7medi\u011fini, bunun \u00fczerine savc\u0131 hakk\u0131nda da su\u00e7 duyurusunda bulundu\u011funu anlatan Vural, \u201c\u00c7\u00fcnk\u00fc toplanan bu ba\u011f\u0131\u015flar\u0131n ancak y\u00fczde 5\u2019i amac\u0131na uygun bir \u015fekilde kullan\u0131l\u0131yor. Geriye kalan\u0131 ise ba\u015fka ama\u00e7lar i\u00e7in kullan\u0131l\u0131yor\u201d dedi.<\/p>\n<p style=\"text-align: justify;\">Ba\u015fta Milli G\u00f6r\u00fc\u015f olmak \u00fczere bir \u00e7ok kurumun camisinde y\u0131llard\u0131r ba\u011f\u0131\u015f kampanyalar\u0131n\u0131n d\u00fczenlendi\u011fini s\u00f6yleyen Vural, \u201cBa\u011f\u0131\u015f almak i\u00e7in her g\u00fcn yeni bir gerek\u00e7e bulunuyor. Kurban, deprem, Afrika, Filistin, Afganistan, Mora&#8230; felaketlerin sonu gelmiyor ki. Avustralya\u2019da yap\u0131lan bir cami i\u00e7in de bilmem Afrika\u2019n\u0131n haritas\u0131nda bilinmeyen bir yere su kuyusu a\u00e7maya kadar de\u011fi\u015fik gerek\u00e7eler bulunuyor\u201d dedi.<\/p>\n<p style=\"text-align: justify;\"><strong><em>DEN\u0130Z FENER\u0130 NE K\u0130!<\/em><\/strong><\/p>\n<p style=\"text-align: justify;\">Uzun y\u0131llar Milli G\u00f6r\u00fc\u015f\u2019e ba\u011fl\u0131 oldu\u011fu bilinen Berlin \u0130slam Federasyonu y\u00f6neticili\u011fi yapan Vural, Milli G\u00f6r\u00fc\u015f camilerinde toplanan paralar\u0131n \u00e7ok fazla oldu\u011funu belirterek, \u201cDeniz Feneri, Milli G\u00f6r\u00fc\u015f\u2019\u00fcn yan\u0131nda ancak pire gibidir. 41 milyon ne ki Milli G\u00f6r\u00fc\u015f i\u00e7in. Milyonlar de\u011fil milyarlar s\u00f6z konusu. \u00c7\u00fcnk\u00fc din t\u00fcccarl\u0131\u011f\u0131ndan daha kar\u015f\u0131 bir i\u015f yoktur \u015fu d\u00fcnyada. Cehennem ve cennet sat\u0131l\u0131yor. \u0130nsanlar buna g\u00f6re \u00f6nce uyu\u015fturuluyor ve s\u00f6m\u00fcr\u00fcl\u00fcyor. Ba\u011f\u0131\u015flar da kesinlikle kay\u0131t alt\u0131na al\u0131nm\u0131yor. \u00d6rne\u011fin Berlin\u2019de bulunan 12 Milli G\u00f6r\u00fc\u015f camisinde toplanan paralar bir y\u00f6neticiye veriliyor, o da merkeze iletiyor. Paralar\u0131n daha sonra nereye gitti\u011fini ise Alman devletinden daha iyi bilen yoktur. Ama Alman devleti de y\u0131llard\u0131r kar\u0131\u015fm\u0131yor, seyrediyor\u201d dedi.<\/p>\n<p style=\"text-align: justify;\">Almanya\u2019da Milli G\u00f6r\u00fc\u015f\u2019e benzer bir \u015fekilde pek \u00e7ok cami ve cemaatin ba\u011f\u0131\u015flar toplad\u0131\u011f\u0131n\u0131 s\u00f6yleyen Vural, s\u0131ras\u0131yla di\u011fer kurumlar hakk\u0131nda da su\u00e7 duyurusunda bulunacaklar\u0131n\u0131 belirtti.<\/p>\n<p style=\"text-align: justify;\"><span style=\"color: #888888;\"><a href=\"http:\/\/www.evrensel.net\/haber.php?haber_id=61926\" target=\"_blank\">EVRENSEL Gazetesi<\/a><br \/>\n<\/span><\/p>\n","protected":false},"excerpt":{"rendered":"<p style=\"text-align: center;\">\n<p style=\"text-align: justify;\">Almanya\u2019daki en b\u00fcy\u00fck M\u00fcsl\u00fcman kurulu\u015flar\u0131ndan birisi olan \u0130slam Toplumu Milli G\u00f6r\u00fc\u015f\u2019e y\u00f6nelik 2 Aral\u0131k g\u00fcn\u00fc K\u00f6ln Savc\u0131l\u0131\u011f\u0131\u2019n\u0131n iste\u011fi \u00fczerine polis taraf\u0131ndan bir \u00e7ok kentte ortak bir operasyon ger\u00e7ekle\u015ftirildi.<\/p>\n<p style=\"text-align: justify;\">Almanya\u2019daki en b\u00fcy\u00fck M\u00fcsl\u00fcman kurulu\u015flar\u0131ndan birisi olan \u0130slam Toplumu Milli G\u00f6r\u00fc\u015f\u2019e y\u00f6nelik 2 Aral\u0131k g\u00fcn\u00fc K\u00f6ln Savc\u0131l\u0131\u011f\u0131\u2019n\u0131n iste\u011fi \u00fczerine polis <\/p>\n","protected":false},"author":1,"featured_media":0,"comment_status":"open","ping_status":"closed","sticky":false,"template":"","format":"standard","meta":{"footnotes":""},"categories":[105],"tags":[],"class_list":["post-16935","post","type-post","status-publish","format-standard","hentry","category-gundem","odd"],"_links":{"self":[{"href":"http:\/\/www.korhanyilmaz.com\/index.php?rest_route=\/wp\/v2\/posts\/16935","targetHints":{"allow":["GET"]}}],"collection":[{"href":"http:\/\/www.korhanyilmaz.com\/index.php?rest_route=\/wp\/v2\/posts"}],"about":[{"href":"http:\/\/www.korhanyilmaz.com\/index.php?rest_route=\/wp\/v2\/types\/post"}],"author":[{"embeddable":true,"href":"http:\/\/www.korhanyilmaz.com\/index.php?rest_route=\/wp\/v2\/users\/1"}],"replies":[{"embeddable":true,"href":"http:\/\/www.korhanyilmaz.com\/index.php?rest_route=%2Fwp%2Fv2%2Fcomments&post=16935"}],"version-history":[{"count":0,"href":"http:\/\/www.korhanyilmaz.com\/index.php?rest_route=\/wp\/v2\/posts\/16935\/revisions"}],"wp:attachment":[{"href":"http:\/\/www.korhanyilmaz.com\/index.php?rest_route=%2Fwp%2Fv2%2Fmedia&parent=16935"}],"wp:term":[{"taxonomy":"category","embeddable":true,"href":"http:\/\/www.korhanyilmaz.com\/index.php?rest_route=%2Fwp%2Fv2%2Fcategories&post=16935"},{"taxonomy":"post_tag","embeddable":true,"href":"http:\/\/www.korhanyilmaz.com\/index.php?rest_route=%2Fwp%2Fv2%2Ftags&post=16935"}],"curies":[{"name":"wp","href":"https:\/\/api.w.org\/{rel}","templated":true}]}}