{"id":16929,"date":"2009-12-05T03:52:06","date_gmt":"2009-12-05T01:52:06","guid":{"rendered":"http:\/\/www.korhanyilmaz.com\/?p=16929"},"modified":"2009-12-05T03:52:06","modified_gmt":"2009-12-05T01:52:06","slug":"iktidardan-bolucu-ceteye-ikna-servisi","status":"publish","type":"post","link":"http:\/\/www.korhanyilmaz.com\/?p=16929","title":{"rendered":"\u0130ktidardan b\u00f6l\u00fcc\u00fc \u00e7eteye ikna servisi!"},"content":{"rendered":"<p style=\"text-align: center;\"><a href=\"http:\/\/www.korhanyilmaz.com\/wp-content\/uploads\/2009\/12\/\u0130MRAL\u01301.jpg\"  class=\"lightview\"><img loading=\"lazy\" decoding=\"async\" class=\"aligncenter size-full wp-image-16931\" src=\"http:\/\/www.korhanyilmaz.com\/wp-content\/uploads\/2009\/12\/\u0130MRAL\u01301.jpg\" alt=\"\" width=\"400\" height=\"200\" \/><\/a><\/p>\n<p style=\"text-align: justify;\">\u201c\u00d6nderimiz rahats\u0131z\u201d diyerek T\u00fcrkiye\u2019yi sava\u015f alan\u0131na \u00e7eviren ter\u00f6ristleri i\u00e7eri t\u0131kmak yerine, \u0130mral\u0131 Canisi\u2019ne ne kadar iyi bakt\u0131klar\u0131n\u0131 \u201cispat derdine\u201d d\u00fc\u015ft\u00fcler.<\/p>\n<p style=\"text-align: justify;\">Mehmet\u00e7i\u011fin kan\u0131n\u0131 d\u00f6ken \u00e7eteba\u015f\u0131  Abdullah \u00d6calan\u2019\u0131n \u201c\u00fc\u015f\u00fctt\u00fcm, nezleyim, yerim dar\u201d gibi yak\u0131nmalar\u0131n\u0131 bahane ederek ter\u00f6r  estiren PKK taraftarlar\u0131n\u0131n iddialar\u0131n\u0131 \u00e7\u00fcr\u00fctmek i\u00e7in \u0130mral\u0131 Adas\u0131\u2019ndaki F tipi cezaevinin  i\u00e7inden, d\u0131\u015f\u0131ndan \u00e7ekilmi\u015f foto\u011fraflar\u0131 da\u011f\u0131t\u0131ld\u0131. <!--more--><\/p>\n<p style=\"text-align: justify;\">YEN\u0130 cezaevindeki spor, hobi odas\u0131 ve dersliklerden \u00f6zg\u00fcrce faydalanan Abdullah \u00d6calan, 11.81 metrekare odas\u0131nda bacak bacak \u00fcst\u00fcne at\u0131p kitap okuyor, can\u0131 s\u0131k\u0131l\u0131nca da yine kendisine \u00f6zel 24 metrekarelik havaland\u0131rmada sa\u011fl\u0131kl\u0131 ya\u015fam i\u00e7in tur at\u0131yor.<\/p>\n<p style=\"text-align: justify;\"><strong><em>Bebek katilinin ini 4 milyon dolar harcanarak yenilendi..<\/em><\/strong><\/p>\n<p style=\"text-align: justify;\">Askerin, polisin, vatanda\u015f\u0131n, kad\u0131n ve bebeklerin kan\u0131n\u0131 d\u00f6ken Abdullah \u00d6calan canisinin kald\u0131\u011f\u0131 in\u015faat\u0131 yeni bitmi\u015f s\u0131f\u0131r dairesi&#8230;<\/p>\n<p style=\"text-align: justify;\">Yatak, masa, sandalye hepsi yeni&#8230; Hepsi g\u0131c\u0131r g\u0131c\u0131r&#8230;<\/p>\n<p style=\"text-align: justify;\">\u015eehit Mehmet\u00e7ik kara toprakta, ter\u00f6rist ba\u015f\u0131 ortopedik yatakta yat\u0131yor&#8230;<\/p>\n<p style=\"text-align: justify;\"><strong><em>Ter\u00f6ristleri ikna i\u00e7in \u0130mral\u0131\u2019n\u0131n g\u00f6r\u00fcnt\u00fcleri yay\u0131nland\u0131<\/em><\/strong><\/p>\n<p style=\"text-align: justify;\">Adalet Bakanl\u0131\u011f\u0131, ter\u00f6r \u00f6rg\u00fct\u00fc eleba\u015f\u0131 Abdullah \u00d6calan\u2019\u0131n \u201cYerim dar, hava alam\u0131yorum\u201d s\u00f6z\u00fcyle T\u00fcrkiye\u2019yi sava\u015f alan\u0131na \u00e7eviren b\u00f6l\u00fcc\u00fcleri ikna etmek i\u00e7in, \u0130mral\u0131 Cezaevi\u2019nin g\u00f6r\u00fcnt\u00fclerini yay\u0131nlad\u0131. Bebek katili i\u00e7in 4 milyon dolar harcanarak yap\u0131lan cazaevinin i\u00e7eriden ve d\u0131\u015far\u0131dan g\u00f6r\u00fcnt\u00fclerini servis eden Bakanl\u0131k taraf\u0131ndan yap\u0131lan a\u00e7\u0131klamada, \u201c\u00d6calan\u2019\u0131n tutuklu bulundu\u011fu cezaevinin Birle\u015fmi\u015f Milletler (BM) kurallar\u0131 ile Avrupa Konseyi Cezaevi Kurallar\u0131\u2019n\u0131n \u00fczerinde oldu\u011fu\u201d belirtildi. A\u00e7\u0131klamada, cezaevinin  T\u00fcrkiye\u2019deki di\u011fer 13 F tipi y\u00fcksek g\u00fcvenlikli cezaeviyle ayn\u0131 standartlarda oldu\u011funa dikkat \u00e7ekildi.<\/p>\n<p style=\"text-align: justify;\"><strong><em>Yatak odas\u0131<\/em><\/strong><\/p>\n<p style=\"text-align: justify;\">A\u00e7\u0131klamada \u00d6calan\u2019n\u0131n kald\u0131\u011f\u0131 eski odan\u0131n  11.98 metrekare, yeni odas\u0131 ise 11.81 metrekare oldu\u011fu ifade edildi.  \u00d6calan\u2019\u0131n  \u2018havaland\u0131rma penceresinin yetersiz\u2019 iddias\u0131 yalanlanarak \u2018pencere yerden yakla\u015f\u0131k 1 metre y\u00fckseklikte ve standart bir pencere\u2019 denildi.<\/p>\n<p style=\"text-align: justify;\"><strong><em>Hobi odas\u0131<\/em><\/strong><\/p>\n<p style=\"text-align: justify;\">H\u00fck\u00fcml\u00fclerin 32 metrekarelik spor odas\u0131,  20 metrekarelik hobi odas\u0131 ve ayn\u0131 b\u00fcy\u00fckl\u00fckteki derslikten yararland\u0131klar\u0131 kaydedildi.<\/p>\n<p style=\"text-align: justify;\"><strong><em>Sohbet odas\u0131<\/em><\/strong><\/p>\n<p style=\"text-align: justify;\">\u0130mral\u0131 Adas\u0131\u2019ndaki cezaevinde h\u00fck\u00fcml\u00fclerin,  ayr\u0131 bir b\u00f6l\u00fcmde bulunan avukat g\u00f6r\u00fc\u015f odas\u0131nda avukatlar\u0131yla a\u00e7\u0131k g\u00f6r\u00fc\u015f yapt\u0131\u011f\u0131 belirtildi.<\/p>\n<p style=\"text-align: justify;\"><strong><em>Derslik<\/em><\/strong><\/p>\n<p style=\"text-align: justify;\">H\u00fck\u00fcml\u00fclerin spor ve hobi odas\u0131ndan, yararlanmalar\u0131 i\u00e7in iyi halli olmalar\u0131 gerekti\u011fi belirtildi.<\/p>\n<p style=\"text-align: justify;\"><strong><em>\u2018\u0130mral\u0131\u2019da 11 g\u00fcn kal\u0131n g\u00f6relim\u2019<\/em><\/strong><\/p>\n<p style=\"text-align: justify;\">DTP\u2019li 99 Belediye Ba\u015fkan\u0131 \u2018yeni yerini be\u011fenmeyen\u2019 Bebek katili \u00d6calan\u2019\u0131n ko\u015fullar\u0131n\u0131n d\u00fczeltilmesi i\u00e7in Diyarbak\u0131r\u2019da bir araya gelerek ortak bir bas\u0131n a\u00e7\u0131klamas\u0131 yapt\u0131. A\u00e7\u0131klamada \u00f6zetle \u015funlar kaydedildi:  Hi\u00e7bir cezaevinde olmayan insanl\u0131k d\u0131\u015f\u0131 tecrit uygulamalar\u0131 11 y\u0131ldan bu yana \u0130mral\u0131\u2019da s\u00fcrd\u00fcr\u00fclmektedir. Yeni d\u00fczenle ya\u015fam ko\u015fullar\u0131 ortadan kald\u0131r\u0131lmay\u0131 hedeflemektedir. Abdullah \u00d6calan\u2019\u0131n sa\u011fl\u0131\u011f\u0131, T\u00fcrkiye\u2019deki geli\u015fmeleri derinden etkileyecek kilit bir \u00f6neme sahiptir.\u0130mral\u0131\u2019n\u0131n ko\u015fullar\u0131 iyi buluyorlarsa Ba\u015fbakan, Baykal ve Bah\u00e7eli 11 g\u00fcn \u0130mral\u0131\u2019da kals\u0131n. \u0130mral\u0131 \u00e7\u00f6z\u00fcm i\u00e7in en etkili diyalog kap\u0131s\u0131 olarak de\u011ferlendirilmelidir.<\/p>\n<p style=\"text-align: justify;\"><span style=\"color: #888888;\">Haber Kayna\u011f\u0131 : <a href=\"http:\/\/www.yenicaggazetesi.com.tr\/haberdetay.php?hit=27357\" target=\"_blank\">yenicaggazetesi.com.tr<\/a><\/span><\/p>\n","protected":false},"excerpt":{"rendered":"<p style=\"text-align: center;\">\n<p style=\"text-align: justify;\">\u201c\u00d6nderimiz rahats\u0131z\u201d diyerek T\u00fcrkiye\u2019yi sava\u015f alan\u0131na \u00e7eviren ter\u00f6ristleri i\u00e7eri t\u0131kmak yerine, \u0130mral\u0131 Canisi\u2019ne ne kadar iyi bakt\u0131klar\u0131n\u0131 \u201cispat derdine\u201d d\u00fc\u015ft\u00fcler.<\/p>\n<p style=\"text-align: justify;\">Mehmet\u00e7i\u011fin kan\u0131n\u0131 d\u00f6ken \u00e7eteba\u015f\u0131 Abdullah \u00d6calan\u2019\u0131n \u201c\u00fc\u015f\u00fctt\u00fcm, nezleyim, yerim dar\u201d gibi yak\u0131nmalar\u0131n\u0131 bahane ederek ter\u00f6r estiren PKK taraftarlar\u0131n\u0131n iddialar\u0131n\u0131 \u00e7\u00fcr\u00fctmek i\u00e7in \u0130mral\u0131 Adas\u0131\u2019ndaki F tipi cezaevinin i\u00e7inden, d\u0131\u015f\u0131ndan <\/p>\n","protected":false},"author":1,"featured_media":0,"comment_status":"open","ping_status":"closed","sticky":false,"template":"","format":"standard","meta":{"footnotes":""},"categories":[105],"tags":[],"class_list":["post-16929","post","type-post","status-publish","format-standard","hentry","category-gundem","odd"],"_links":{"self":[{"href":"http:\/\/www.korhanyilmaz.com\/index.php?rest_route=\/wp\/v2\/posts\/16929","targetHints":{"allow":["GET"]}}],"collection":[{"href":"http:\/\/www.korhanyilmaz.com\/index.php?rest_route=\/wp\/v2\/posts"}],"about":[{"href":"http:\/\/www.korhanyilmaz.com\/index.php?rest_route=\/wp\/v2\/types\/post"}],"author":[{"embeddable":true,"href":"http:\/\/www.korhanyilmaz.com\/index.php?rest_route=\/wp\/v2\/users\/1"}],"replies":[{"embeddable":true,"href":"http:\/\/www.korhanyilmaz.com\/index.php?rest_route=%2Fwp%2Fv2%2Fcomments&post=16929"}],"version-history":[{"count":0,"href":"http:\/\/www.korhanyilmaz.com\/index.php?rest_route=\/wp\/v2\/posts\/16929\/revisions"}],"wp:attachment":[{"href":"http:\/\/www.korhanyilmaz.com\/index.php?rest_route=%2Fwp%2Fv2%2Fmedia&parent=16929"}],"wp:term":[{"taxonomy":"category","embeddable":true,"href":"http:\/\/www.korhanyilmaz.com\/index.php?rest_route=%2Fwp%2Fv2%2Fcategories&post=16929"},{"taxonomy":"post_tag","embeddable":true,"href":"http:\/\/www.korhanyilmaz.com\/index.php?rest_route=%2Fwp%2Fv2%2Ftags&post=16929"}],"curies":[{"name":"wp","href":"https:\/\/api.w.org\/{rel}","templated":true}]}}