{"id":16925,"date":"2009-12-04T12:15:20","date_gmt":"2009-12-04T10:15:20","guid":{"rendered":"http:\/\/www.korhanyilmaz.com\/?p=16925"},"modified":"2009-12-04T12:15:20","modified_gmt":"2009-12-04T10:15:20","slug":"emekliye-zam-hazirligi","status":"publish","type":"post","link":"http:\/\/www.korhanyilmaz.com\/?p=16925","title":{"rendered":"Emekliye zam haz\u0131rl\u0131\u011f\u0131"},"content":{"rendered":"<p style=\"text-align: justify;\"><a href=\"http:\/\/www.korhanyilmaz.com\/wp-content\/uploads\/2009\/12\/omer_dincer.jpg\"  class=\"lightview\"><img loading=\"lazy\" decoding=\"async\" class=\"aligncenter size-full wp-image-16926\" src=\"http:\/\/www.korhanyilmaz.com\/wp-content\/uploads\/2009\/12\/omer_dincer.jpg\" alt=\"\" width=\"315\" height=\"203\" \/><\/a><\/p>\n<p style=\"text-align: justify;\">\u0130\u015f\u00e7i ve Ba\u011f-Kur emeklisine 100 TL + y\u00fczde 3 zam yolda<\/p>\n<p style=\"text-align: justify;\">\u00c7al\u0131\u015fma ve Sosyal G\u00fcvenlik Bakan\u0131 \u00d6mer Din\u00e7er, emeklilerin ma\u011fduriyetinin fark\u0131nda olduklar\u0131n\u0131, ayl\u0131klarda iyile\u015ftirmeye y\u00f6nelik \u00e7al\u0131\u015fma yapt\u0131klar\u0131n\u0131 s\u00f6yledi. <!--more--><\/p>\n<p style=\"text-align: justify;\">Say\u0131lar\u0131 7 milyonun \u00fczerinde olan i\u015f\u00e7i ve Ba\u011f-Kur emeklisinin maa\u015flar\u0131nda iyile\u015ftirme i\u00e7in d\u00fc\u011fmeye bas\u0131ld\u0131. \u00c7al\u0131\u015fma ve Sosyal G\u00fcvenlik Bakan\u0131 \u00d6mer Din\u00e7er, emekli ayl\u0131klar\u0131n\u0131n iyile\u015ftirilmesine y\u00f6nelik \u00e7al\u0131\u015fman\u0131n neticelenmek \u00fczere oldu\u011funu s\u00f6yledi. Din\u00e7er, Sosyal G\u00fcvenlik Kurumu Genel M\u00fcd\u00fcrl\u00fc\u011f\u00fc genel kurulunda yapt\u0131\u011f\u0131 konu\u015fmada emekli ayl\u0131klar\u0131na y\u00f6nelik \u00e7al\u0131\u015fman\u0131n geldi\u011fi a\u015fama hakk\u0131nda bilgi verdi ve bu \u00e7al\u0131\u015fman\u0131n neticelenmek \u00fczere oldu\u011funu belirtti. Emekli ayl\u0131klar\u0131 incelendi\u011finde i\u015f\u00e7i ve Ba\u011f-Kur emeklilerinin maa\u015flar\u0131n\u0131n \u00e7ok d\u00fc\u015f\u00fck kald\u0131\u011f\u0131 dikkati \u00e7ekiyor. Bu ma\u011fduriyetin giderilmesi i\u00e7in de bu iki gruptaki emeklilere 100 TL seyyanen zam ve bunun \u00fczerine de y\u00fczde 3\u2019l\u00fck bir zam verilmesi \u00fczerinde duruluyor. Ancak bu \u00e7al\u0131\u015fma neticelense de son karar\u0131 Maliye Bakanl\u0131\u011f\u0131 verecek. Se\u00e7im d\u00f6nemi yakla\u015f\u0131rken emekli ayl\u0131klar\u0131nda yap\u0131lacak zamma kesin g\u00f6z\u00fcyle bak\u0131l\u0131rken, oranlarda b\u00fct\u00e7enin durumuna g\u00f6re oynamalar olabilece\u011fine de dikkat \u00e7ekiliyor. \u0130\u015f\u00e7i emeklileri dernekleri ma\u011fduriyetin \u00f6zellikle son 2 y\u0131lda \u00e7ok artt\u0131\u011f\u0131n\u0131 ve zam oranlar\u0131 belirlenirken adaletsizlik ya\u015fand\u0131\u011f\u0131n\u0131 vurguluyor.<\/p>\n<p style=\"text-align: justify;\">T\u00fcrkiye \u0130\u015f\u00e7i Emeklileri Derne\u011fi (T\u0130ED) Genel Ba\u015fkan\u0131 Kaz\u0131m Erg\u00fcn, sabit gelirlilerin zam oranlar\u0131 belirlenirken \u201cy\u0131l\u0131n ma\u011fdurlar\u0131n\u0131n\u201d i\u015f\u00e7i ve Ba\u011f-Kur emeklileri oldu\u011funu savunmu\u015f ve \u201cY\u0131l i\u00e7erisinde, memurlar ve memur emeklilerine ilk 6 ay y\u00fczde 4 ve ikinci 6 ay y\u00fczde 4.5 olmak \u00fczere y\u0131ll\u0131k k\u00fcm\u00fclatif y\u00fczde 8.68 zam yap\u0131ld\u0131. Asgari \u00fccrette ilk 6 ay y\u00fczde 4.3, ikinci 6 ay y\u00fczde 4.1 art\u0131\u015fa gidildi. Bu da k\u00fcm\u00fclatif y\u0131ll\u0131k y\u00fczde 8.57\u2019ye kar\u015f\u0131l\u0131k geliyor. Kamu i\u015f\u00e7ilerine ise ilk 6 ay y\u00fczde 3 ve ikinci 6 ay y\u00fczde 5.5 olmak \u00fczere y\u0131ll\u0131k k\u00fcm\u00fclatif y\u00fczde 8.66 zam yap\u0131ld\u0131. \u0130\u015f\u00e7i ve Ba\u011f-Kur emeklilerinin zamlar\u0131na gelindi\u011finde y\u00fczde 8.5 civar\u0131nda olu\u015fturulan bu denge g\u00f6zetilmedi. \u0130\u015f\u00e7i ve Ba\u011f-Kur emekli ayl\u0131klar\u0131nda 2009 i\u00e7in ilk 6 ay y\u00fczde 3.84 ve ikinci 6 ay y\u00fczde 1.83 art\u0131\u015fa gidildi. Y\u0131ll\u0131k k\u00fcm\u00fclatif zam oran\u0131 y\u00fczde 5.74\u2019te kald\u0131. Sadece son y\u0131lda 3 puanl\u0131k ma\u011fduriyet olu\u015ftu\u201d diye konu\u015fmu\u015ftu.<\/p>\n<p style=\"text-align: justify;\"><strong><em>468 lira emekli maa\u015f\u0131 alan var <\/em><\/strong><\/p>\n<p style=\"text-align: justify;\">T\u00fcrk\u0130ye\u2019de son rakamlara g\u00f6re 9 milyon 50 bin ki\u015fi emekli ayl\u0131\u011f\u0131 al\u0131yor. Bunlar\u0131n 5 milyon 191 bini SSK yani i\u015f\u00e7i emeklisi. 2 milyon 68 bini ise Ba\u011f-Kur emeklilerinden olu\u015fuyor. 1 milyon 791 bin de memur emeklisi var. Memur emeklilerinin maa\u015f\u0131 i\u015f\u00e7i ve Ba\u011f-Kur emeklisine g\u00f6re daha iyi. En d\u00fc\u015f\u00fck memur emeklisi maa\u015f\u0131 824 TL civar\u0131nda. Buna kar\u015f\u0131l\u0131k i\u015f\u00e7i emeklilerinde en d\u00fc\u015f\u00fck maa\u015f 632 TL. Ba\u011f-Kur emeklisi ise en d\u00fc\u015f\u00fck 468 TL maa\u015f al\u0131yor. Yani memur emeklisine g\u00f6re neredeyse iki katl\u0131k bir fark var. Bu arada bu emekliler i\u00e7inde e\u015finden, babas\u0131ndan kalan maa\u015f\u0131 alan ve maa\u015f seviyesi 200 TL dahi olan ki\u015filer de bulunuyor.<\/p>\n<p style=\"text-align: justify;\"><span style=\"color: #888888;\">VATAN<\/span><\/p>\n","protected":false},"excerpt":{"rendered":"<p style=\"text-align: justify;\">\n<p style=\"text-align: justify;\">\u0130\u015f\u00e7i ve Ba\u011f-Kur emeklisine 100 TL + y\u00fczde 3 zam yolda<\/p>\n<p style=\"text-align: justify;\">\u00c7al\u0131\u015fma ve Sosyal G\u00fcvenlik Bakan\u0131 \u00d6mer Din\u00e7er, emeklilerin ma\u011fduriyetinin fark\u0131nda olduklar\u0131n\u0131, ayl\u0131klarda iyile\u015ftirmeye y\u00f6nelik \u00e7al\u0131\u015fma yapt\u0131klar\u0131n\u0131 s\u00f6yledi. <\/p>\n","protected":false},"author":1,"featured_media":0,"comment_status":"open","ping_status":"closed","sticky":false,"template":"","format":"standard","meta":{"footnotes":""},"categories":[7],"tags":[],"class_list":["post-16925","post","type-post","status-publish","format-standard","hentry","category-ekonomi","odd"],"_links":{"self":[{"href":"http:\/\/www.korhanyilmaz.com\/index.php?rest_route=\/wp\/v2\/posts\/16925","targetHints":{"allow":["GET"]}}],"collection":[{"href":"http:\/\/www.korhanyilmaz.com\/index.php?rest_route=\/wp\/v2\/posts"}],"about":[{"href":"http:\/\/www.korhanyilmaz.com\/index.php?rest_route=\/wp\/v2\/types\/post"}],"author":[{"embeddable":true,"href":"http:\/\/www.korhanyilmaz.com\/index.php?rest_route=\/wp\/v2\/users\/1"}],"replies":[{"embeddable":true,"href":"http:\/\/www.korhanyilmaz.com\/index.php?rest_route=%2Fwp%2Fv2%2Fcomments&post=16925"}],"version-history":[{"count":0,"href":"http:\/\/www.korhanyilmaz.com\/index.php?rest_route=\/wp\/v2\/posts\/16925\/revisions"}],"wp:attachment":[{"href":"http:\/\/www.korhanyilmaz.com\/index.php?rest_route=%2Fwp%2Fv2%2Fmedia&parent=16925"}],"wp:term":[{"taxonomy":"category","embeddable":true,"href":"http:\/\/www.korhanyilmaz.com\/index.php?rest_route=%2Fwp%2Fv2%2Fcategories&post=16925"},{"taxonomy":"post_tag","embeddable":true,"href":"http:\/\/www.korhanyilmaz.com\/index.php?rest_route=%2Fwp%2Fv2%2Ftags&post=16925"}],"curies":[{"name":"wp","href":"https:\/\/api.w.org\/{rel}","templated":true}]}}