{"id":16922,"date":"2009-12-04T19:02:06","date_gmt":"2009-12-04T17:02:06","guid":{"rendered":"http:\/\/www.korhanyilmaz.com\/?p=16922"},"modified":"2009-12-04T19:02:06","modified_gmt":"2009-12-04T17:02:06","slug":"mitten-osman-kacmaz-aciklamasi","status":"publish","type":"post","link":"http:\/\/www.korhanyilmaz.com\/?p=16922","title":{"rendered":"M\u0130T&#039;ten Osman Ka\u00e7maz a\u00e7\u0131klamas\u0131"},"content":{"rendered":"<p><a href=\"http:\/\/www.korhanyilmaz.com\/wp-content\/uploads\/2009\/12\/kacmaz3.jpg\"  class=\"lightview\"><img loading=\"lazy\" decoding=\"async\" class=\"aligncenter size-full wp-image-16923\" src=\"http:\/\/www.korhanyilmaz.com\/wp-content\/uploads\/2009\/12\/kacmaz3.jpg\" alt=\"\" width=\"292\" height=\"197\" \/><\/a><\/p>\n<p style=\"text-align: justify;\">Milli \u0130stihbarat Te\u015fkilat\u0131&#8217;ndan (M\u0130T) yap\u0131lan a\u00e7\u0131klamada, &#8220;Sincan 1. A\u011f\u0131r Ceza Mahkemesi Ba\u015fkan\u0131 Osman Ka\u00e7maz&#8217;\u0131n daveti \u00fczerine 16 Kas\u0131m 2009 tarihinde Ankara B\u00f6lge \u00fcnitemizce an\u0131lan ile ger\u00e7ekle\u015ftirilen g\u00f6r\u00fc\u015fme bir nezaket ziyareti \u00f6l\u00e7\u00fcs\u00fcndedir. S\u00f6z konusu g\u00f6r\u00fc\u015fmenin bas\u0131na yans\u0131d\u0131\u011f\u0131 \u015fekliyle konu ile do\u011frudan ba\u011flant\u0131s\u0131 bulunmamaktad\u0131r&#8221; denildi. Osman Ka\u00e7maz ise yapt\u0131\u011f\u0131 a\u00e7\u0131klamada &#8220;Ben kimseyi davet etmedim&#8221; ifadesini kulland\u0131. <!--more--><\/p>\n<p style=\"text-align: justify;\">M\u0130T M\u00fcste\u015farl\u0131\u011f\u0131n\u0131n yaz\u0131l\u0131 a\u00e7\u0131klamas\u0131nda, &#8220;Telekom\u00fcnikasyon \u0130leti\u015fim Ba\u015fkanl\u0131\u011f\u0131 (T\u0130B) g\u00f6r\u00fc\u015fme kay\u0131tlar\u0131n\u0131n t\u00fcm\u00fcn\u00fcn kopyalanmas\u0131 karar\u0131 akabinde, su\u00e7 duyurusuna konu M\u00fcste\u015farl\u0131k yaz\u0131s\u0131 ile 2937 say\u0131l\u0131 Kanun&#8217;da yer alan g\u00f6rev ve yetkilerimiz \u00e7er\u00e7evesinde elde edilen bilgi\/belgelerin gizlili\u011finin ve g\u00fcvenilirli\u011finin en \u00fcst seviyede korunmas\u0131, istihbarat\u0131 olu\u015fturma ve istihbarata kar\u015f\u0131 koyma g\u00f6revinin akamete u\u011framadan s\u00fcregelmesinin ulusal g\u00fcvenli\u011fimiz a\u00e7\u0131s\u0131ndan \u00f6nem ve gereklili\u011finin her t\u00fcrl\u00fc m\u00fclahazan\u0131n \u00fczerinde oldu\u011fu hususu 14.11.2009 tarihinde ilgili\/sorumlu kurum ve kurulu\u015flarla payla\u015f\u0131lm\u0131\u015ft\u0131r&#8221; denildi.<\/p>\n<p style=\"text-align: justify;\">A\u00e7\u0131klamada, &#8220;Sincan 1. A\u011f\u0131r Ceza Mahkemesi Ba\u015fkan\u0131 Osman Ka\u00e7maz&#8217;\u0131n daveti \u00fczerine 16 Kas\u0131m 2009 tarihinde Ankara B\u00f6lge \u00fcnitemizce an\u0131lan ile ger\u00e7ekle\u015ftirilen g\u00f6r\u00fc\u015fme bir nezaket ziyareti \u00f6l\u00e7\u00fcs\u00fcndedir. S\u00f6z konusu g\u00f6r\u00fc\u015fmenin bas\u0131na yans\u0131d\u0131\u011f\u0131 \u015fekliyle konu ile do\u011frudan ba\u011flant\u0131s\u0131 bulunmamaktad\u0131r. Milli \u0130stihbarat Te\u015fkilat\u0131 M\u00fcste\u015farl\u0131\u011f\u0131, gerek sorumluluk anlay\u0131\u015f\u0131 gerekse g\u00f6revlerini belirleyen yasalar ile 82 y\u0131ll\u0131k kurum k\u00fclt\u00fcr\u00fc \u00e7er\u00e7evesinde hukukun \u00fcst\u00fcnl\u00fc\u011f\u00fcn\u00fcn tart\u0131\u015f\u0131lmazl\u0131\u011f\u0131n\u0131 yakinen bilmekte ve buna uymaktad\u0131r&#8221; ifadesine yer verildi.<\/p>\n<p style=\"text-align: justify;\">Osman Ka\u00e7maz ise M\u0130T a\u00e7\u0131klamas\u0131ndan sonra CNN T\u00dcRK&#8217;e konu\u015ftu. Ka\u00e7maz, &#8220;Ben kimseyi davet etmedim&#8221; dedi.<\/p>\n<p style=\"text-align: justify;\"><span style=\"color: #888888;\">CNN T\u00dcRK<\/span><\/p>\n","protected":false},"excerpt":{"rendered":"<\/p>\n<p style=\"text-align: justify;\">Milli \u0130stihbarat Te\u015fkilat\u0131&#8217;ndan (M\u0130T) yap\u0131lan a\u00e7\u0131klamada, &#8220;Sincan 1. A\u011f\u0131r Ceza Mahkemesi Ba\u015fkan\u0131 Osman Ka\u00e7maz&#8217;\u0131n daveti \u00fczerine 16 Kas\u0131m 2009 tarihinde Ankara B\u00f6lge \u00fcnitemizce an\u0131lan ile ger\u00e7ekle\u015ftirilen g\u00f6r\u00fc\u015fme bir nezaket ziyareti \u00f6l\u00e7\u00fcs\u00fcndedir. S\u00f6z konusu g\u00f6r\u00fc\u015fmenin bas\u0131na yans\u0131d\u0131\u011f\u0131 \u015fekliyle konu ile do\u011frudan ba\u011flant\u0131s\u0131 bulunmamaktad\u0131r&#8221; denildi. Osman Ka\u00e7maz ise yapt\u0131\u011f\u0131 a\u00e7\u0131klamada &#8220;Ben kimseyi davet etmedim&#8221; <\/p>\n","protected":false},"author":1,"featured_media":0,"comment_status":"open","ping_status":"closed","sticky":false,"template":"","format":"standard","meta":{"footnotes":""},"categories":[105],"tags":[],"class_list":["post-16922","post","type-post","status-publish","format-standard","hentry","category-gundem","odd"],"_links":{"self":[{"href":"http:\/\/www.korhanyilmaz.com\/index.php?rest_route=\/wp\/v2\/posts\/16922","targetHints":{"allow":["GET"]}}],"collection":[{"href":"http:\/\/www.korhanyilmaz.com\/index.php?rest_route=\/wp\/v2\/posts"}],"about":[{"href":"http:\/\/www.korhanyilmaz.com\/index.php?rest_route=\/wp\/v2\/types\/post"}],"author":[{"embeddable":true,"href":"http:\/\/www.korhanyilmaz.com\/index.php?rest_route=\/wp\/v2\/users\/1"}],"replies":[{"embeddable":true,"href":"http:\/\/www.korhanyilmaz.com\/index.php?rest_route=%2Fwp%2Fv2%2Fcomments&post=16922"}],"version-history":[{"count":0,"href":"http:\/\/www.korhanyilmaz.com\/index.php?rest_route=\/wp\/v2\/posts\/16922\/revisions"}],"wp:attachment":[{"href":"http:\/\/www.korhanyilmaz.com\/index.php?rest_route=%2Fwp%2Fv2%2Fmedia&parent=16922"}],"wp:term":[{"taxonomy":"category","embeddable":true,"href":"http:\/\/www.korhanyilmaz.com\/index.php?rest_route=%2Fwp%2Fv2%2Fcategories&post=16922"},{"taxonomy":"post_tag","embeddable":true,"href":"http:\/\/www.korhanyilmaz.com\/index.php?rest_route=%2Fwp%2Fv2%2Ftags&post=16922"}],"curies":[{"name":"wp","href":"https:\/\/api.w.org\/{rel}","templated":true}]}}