{"id":16918,"date":"2009-12-04T15:37:12","date_gmt":"2009-12-04T13:37:12","guid":{"rendered":"http:\/\/www.korhanyilmaz.com\/?p=16918"},"modified":"2009-12-04T15:37:12","modified_gmt":"2009-12-04T13:37:12","slug":"turk-sine-i-millet-ayna-acilim-bitti-dedi","status":"publish","type":"post","link":"http:\/\/www.korhanyilmaz.com\/?p=16918","title":{"rendered":"T\u00fcrk &quot;Sine-i millet&quot;, Ayna &quot;A\u00e7\u0131l\u0131m bitti&quot; dedi"},"content":{"rendered":"<p style=\"text-align: center;\"><a href=\"http:\/\/www.korhanyilmaz.com\/wp-content\/uploads\/2009\/12\/S\u0130NE\u0130M\u0130LLET.jpg\"  class=\"lightview\"><img loading=\"lazy\" decoding=\"async\" class=\"aligncenter size-full wp-image-16919\" src=\"http:\/\/www.korhanyilmaz.com\/wp-content\/uploads\/2009\/12\/S\u0130NE\u0130M\u0130LLET.jpg\" alt=\"\" width=\"307\" height=\"236\" \/><\/a><\/p>\n<p style=\"text-align: justify;\">DTP lideri Ahmet T\u00fcrk ve Genel Ba\u015fkan Yard\u0131mc\u0131s\u0131 Emine Ayna, DTP&#8217;nin kapat\u0131lmas\u0131 istemiyle a\u00e7\u0131lan davaya ili\u015fkin a\u00e7\u0131klamalarda bulundu. T\u00fcrk, &#8220;DTP kapat\u0131l\u0131rsa sine-i millete gidilecek&#8221; derken, Emine Ayna, &#8220;Partimiz kapat\u0131l\u0131rsa siyasetin kanallar\u0131 da kapan\u0131r&#8221; ifadesini kulland\u0131. Ayna K\u00fcrt a\u00e7\u0131l\u0131m\u0131yla ilgili olarak da, &#8220;\u0130mral\u0131&#8217;ya yakla\u015f\u0131mla a\u00e7\u0131l\u0131m bitmi\u015ftir&#8221; dedi. <!--more--><\/p>\n<p style=\"text-align: justify;\">\u0130ki DTP&#8217;li, \u00f6n\u00fcm\u00fczdeki sal\u0131 g\u00fcn\u00fc g\u00f6r\u00fc\u015f\u00fclecek parti kapatma davas\u0131yla ilgili gazetecilerin sorular\u0131n\u0131 yan\u0131tlad\u0131.<\/p>\n<p style=\"text-align: justify;\">Ahmet T\u00fcrk, DTP&#8217;nin kapat\u0131lmas\u0131 halinde &#8220;Sine-i millet olacak&#8221; dedi.<\/p>\n<p style=\"text-align: justify;\">DTP Genel Ba\u015fkan Yard\u0131mc\u0131s\u0131 Ayna da, K\u00fcrt a\u00e7\u0131l\u0131m\u0131n\u0131n bitti\u011fini savundu ve &#8220;\u0130mral\u0131&#8217;ya yakla\u015f\u0131m K\u00fcrt sorununa yakla\u015f\u0131md\u0131r. H\u00fccredeki havaland\u0131rmaya kafes, halka kafestir. A\u00e7\u0131l\u0131m bitti. \u0130mral\u0131&#8217;ya yakla\u015f\u0131mla beraber bitti. \u0130\u00e7i\u015fleri Bakan\u0131 ve Ba\u015fbakan&#8217;\u0131n DTP&#8217;yi \u0130zmir&#8217;e sokmamas\u0131yla beraber a\u00e7\u0131l\u0131m bitti&#8221; diye konu\u015ftu.<\/p>\n<p style=\"text-align: justify;\">&#8220;Sorun 6 santimetre olay\u0131 de\u011fildir. Bu kadar basit olamaz&#8221; diyen Ayna, &#8220;Muhatap diyoruz, \u00d6calan&#8217;\u0131n oynayaca\u011f\u0131 rol diyoruz&#8230; Sal\u0131 g\u00fcn\u00fc kapat\u0131lma ihtimali de vard\u0131r kapat\u0131lmama ihtimali de. Ama partimiz kapat\u0131l\u0131rsa siyasetin kanallar\u0131 da kapat\u0131lm\u0131\u015f olur&#8221; dedi.<\/p>\n<p style=\"text-align: justify;\"><span style=\"color: #888888;\">CNN T\u00dcRK<br \/>\n<\/span><\/p>\n","protected":false},"excerpt":{"rendered":"<p style=\"text-align: center;\">\n<p style=\"text-align: justify;\">DTP lideri Ahmet T\u00fcrk ve Genel Ba\u015fkan Yard\u0131mc\u0131s\u0131 Emine Ayna, DTP&#8217;nin kapat\u0131lmas\u0131 istemiyle a\u00e7\u0131lan davaya ili\u015fkin a\u00e7\u0131klamalarda bulundu. T\u00fcrk, &#8220;DTP kapat\u0131l\u0131rsa sine-i millete gidilecek&#8221; derken, Emine Ayna, &#8220;Partimiz kapat\u0131l\u0131rsa siyasetin kanallar\u0131 da kapan\u0131r&#8221; ifadesini kulland\u0131. Ayna K\u00fcrt a\u00e7\u0131l\u0131m\u0131yla ilgili olarak da, &#8220;\u0130mral\u0131&#8217;ya yakla\u015f\u0131mla a\u00e7\u0131l\u0131m bitmi\u015ftir&#8221; dedi. <\/p>\n","protected":false},"author":1,"featured_media":0,"comment_status":"open","ping_status":"closed","sticky":false,"template":"","format":"standard","meta":{"footnotes":""},"categories":[105],"tags":[],"class_list":["post-16918","post","type-post","status-publish","format-standard","hentry","category-gundem","odd"],"_links":{"self":[{"href":"http:\/\/www.korhanyilmaz.com\/index.php?rest_route=\/wp\/v2\/posts\/16918","targetHints":{"allow":["GET"]}}],"collection":[{"href":"http:\/\/www.korhanyilmaz.com\/index.php?rest_route=\/wp\/v2\/posts"}],"about":[{"href":"http:\/\/www.korhanyilmaz.com\/index.php?rest_route=\/wp\/v2\/types\/post"}],"author":[{"embeddable":true,"href":"http:\/\/www.korhanyilmaz.com\/index.php?rest_route=\/wp\/v2\/users\/1"}],"replies":[{"embeddable":true,"href":"http:\/\/www.korhanyilmaz.com\/index.php?rest_route=%2Fwp%2Fv2%2Fcomments&post=16918"}],"version-history":[{"count":0,"href":"http:\/\/www.korhanyilmaz.com\/index.php?rest_route=\/wp\/v2\/posts\/16918\/revisions"}],"wp:attachment":[{"href":"http:\/\/www.korhanyilmaz.com\/index.php?rest_route=%2Fwp%2Fv2%2Fmedia&parent=16918"}],"wp:term":[{"taxonomy":"category","embeddable":true,"href":"http:\/\/www.korhanyilmaz.com\/index.php?rest_route=%2Fwp%2Fv2%2Fcategories&post=16918"},{"taxonomy":"post_tag","embeddable":true,"href":"http:\/\/www.korhanyilmaz.com\/index.php?rest_route=%2Fwp%2Fv2%2Ftags&post=16918"}],"curies":[{"name":"wp","href":"https:\/\/api.w.org\/{rel}","templated":true}]}}